{"id":43732,"date":"2025-03-13T19:37:12","date_gmt":"2025-03-13T17:37:12","guid":{"rendered":"https:\/\/edublog.educastur.es\/ixuxu\/?p=43732"},"modified":"2025-03-13T19:41:33","modified_gmt":"2025-03-13T17:41:33","slug":"el-camin-de-santiago-de-la-marina-nasturies","status":"publish","type":"post","link":"https:\/\/edublog.educastur.es\/ixuxu\/2025\/03\/el-camin-de-santiago-de-la-marina-nasturies\/","title":{"rendered":"El Cam\u00edn de Santiago de la Mari\u00f1a n&#8217;Asturies"},"content":{"rendered":"<div class=\"html-div xdj266r x11i5rnm xat24cr x1mh8g0r xsag5q8 xz9dl7a x1pi30zi x1swvt13 x1jx94hy\">\n<div class=\"html-div xdj266r x11i5rnm xat24cr x1mh8g0r xexx8yu x4uap5 x18d9i69 xkhd6sd x78zum5 x1q0g3np x1ba4aug\">\n<div class=\"html-div xdj266r x11i5rnm xat24cr x1mh8g0r xexx8yu x4uap5 x18d9i69 xkhd6sd x1iyjqo2\">\n<div class=\"x78zum5 xdt5ytf xz62fqu x16ldp7u\">\n<div class=\"xu06os2 x1ok221b\">\n<ul>\n<li class=\"html-h3 x11i5rnm xat24cr x1mh8g0r xexx8yu x4uap5 x18d9i69 xkhd6sd x1vvkbs x1heor9g x1qlqyl8 x1pd3egz x1a2a7pz x1gslohp x1yc453h\"><span class=\"xt0psk2\"><a class=\"x1i10hfl xjbqb8w x1ejq31n xd10rxx x1sy0etr x17r0tee x972fbf xcfux6l x1qhh985 xm0m39n x9f619 x1ypdohk xt0psk2 xe8uvvx xdj266r x11i5rnm xat24cr x1mh8g0r xexx8yu x4uap5 x18d9i69 xkhd6sd x16tdsg8 x1hl2dhg xggy1nq x1a2a7pz xkrqix3 x1sur9pj xzsf02u x1s688f\" role=\"link\" href=\"https:\/\/www.facebook.com\/revistaoxigeno?__cft__[0]=AZX5KX7IIx8TZYSfV0-pFy-pZjuMgQ-jGuSxWbsz3XJCbW5WXpaEHY6xkvOqPp1yxQuGukmjzJibxMAWVgJFJL3ZLOOHyOLcZq7xUSEpa-Og-KvTa3G0Po3G0bxdAmjP0kldwhGgylpNU4HpjcAGZUl5YJhVlJiFObXG4ZXjOaVeg6iYNO09AhZAQLH25SHj6DsF9KxMbnY7lRd5HP61_Gj4LndRj5Qf1MhuCSZUNOFR4A&amp;__tn__=-UC%2CP-y-R\" aria-describedby=\"\u00abr21e\u00bb\"><strong class=\"html-strong xdj266r x11i5rnm xat24cr x1mh8g0r xexx8yu x4uap5 x18d9i69 xkhd6sd x1hl2dhg x16tdsg8 x1vvkbs x1s688f\"><span class=\"html-span xdj266r x11i5rnm xat24cr x1mh8g0r xexx8yu x4uap5 x18d9i69 xkhd6sd x1hl2dhg x16tdsg8 x1vvkbs\">Revista Ox\u00edgeno<\/span><\/strong><\/a><\/span>\/ <img loading=\"lazy\" decoding=\"async\" class=\"x1b0d499 xuo83w3\" src=\"https:\/\/static.xx.fbcdn.net\/rsrc.php\/v4\/y3\/r\/BQdeC67wT9z.png\" alt=\"\" width=\"20\" height=\"20\" \/>\u00a0<a href=\"https:\/\/www.revistaoxigeno.es\"> revistaoxigeno.es<\/a> \/ <strong><a href=\"https:\/\/www.revistaoxigeno.es\/viajes\/camino-costa-asturiano-lujo-senderismo-cicloturismo_307051_102.html\">art\u00edculu<\/a> <\/strong>\/<\/li>\n<\/ul>\n<p style=\"text-align: center\"><a href=\"https:\/\/www.revistaoxigeno.es\/uploads\/s1\/14\/01\/78\/61\/el-camino-de-la-costa-asturiano_2_790x454.jpeg\"><img loading=\"lazy\" decoding=\"async\" class=\"aligncenter size-large\" src=\"https:\/\/www.revistaoxigeno.es\/uploads\/s1\/14\/01\/78\/61\/el-camino-de-la-costa-asturiano_2_790x454.jpeg\" width=\"790\" height=\"454\" \/><\/a><\/p>\n<p style=\"text-align: center\"><em>Semeya: No\u00e9 Baranda \/ Turismo Asturies<\/em><\/p>\n<\/div>\n<\/div>\n<\/div>\n<\/div>\n<\/div>\n<div class=\"html-div xdj266r x11i5rnm xat24cr x1mh8g0r xexx8yu x4uap5 x18d9i69 xkhd6sd\" dir=\"auto\">\n<div class=\"html-div xdj266r x11i5rnm xat24cr x1mh8g0r xexx8yu x4uap5 x18d9i69 xkhd6sd\" dir=\"auto\">\n<div class=\"html-div xdj266r x11i5rnm xat24cr x1mh8g0r xexx8yu x4uap5 x18d9i69 xkhd6sd\" data-ad-rendering-role=\"story_message\">\n<div class=\"x1l90r2v x1iorvi4 x1ye3gou xn6708d\" data-ad-comet-preview=\"message\" data-ad-preview=\"message\">\n<div class=\"x78zum5 xdt5ytf xz62fqu x16ldp7u\">\n<div class=\"xu06os2 x1ok221b\">\n<div class=\"xdj266r x11i5rnm xat24cr x1mh8g0r x1vvkbs x126k92a\">\n<div dir=\"auto\"><span class=\"html-span xexx8yu x4uap5 x18d9i69 xkhd6sd x1hl2dhg x16tdsg8 x1vvkbs x3nfvp2 x1j61x8r x1fcty0u xdj266r xat24cr xgzva0m xhhsvwb xxymvpz xlup9mm x1kky2od\"><img loading=\"lazy\" decoding=\"async\" class=\"xz74otr x168nmei x13lgxp2 x5pf9jr xo71vjh\" src=\"https:\/\/static.xx.fbcdn.net\/images\/emoji.php\/v9\/tbc\/1\/16\/1f30a.png\" alt=\"\ud83c\udf0a\" width=\"16\" height=\"16\" \/><\/span><span class=\"html-span xexx8yu x4uap5 x18d9i69 xkhd6sd x1hl2dhg x16tdsg8 x1vvkbs x3nfvp2 x1j61x8r x1fcty0u xdj266r xat24cr xgzva0m xhhsvwb xxymvpz xlup9mm x1kky2od\"><img loading=\"lazy\" decoding=\"async\" class=\"xz74otr x168nmei x13lgxp2 x5pf9jr xo71vjh\" src=\"https:\/\/static.xx.fbcdn.net\/images\/emoji.php\/v9\/t10\/1\/16\/1f6b4_200d_2642.png\" alt=\"\ud83d\udeb4\u200d\u2642\ufe0f\" width=\"16\" height=\"16\" \/>El Cam\u00edn de Santiago de la Mari\u00f1a n&#8217;Asturies: senderismu y cicloturismu con hestoria. Casi 300 km de paisaxes allucinantes onde&#8217;l mar y la tierra s&#8217;abracen en cantiles, aldegues con encantu y sableres \u00faniques. Afaya la ruta que sieglos tras siguieron los pelegrinos y som\u00f3rguiate n&#8217;una esperiencia inolvidable llena de naturaleza, aventura y cultura.<\/span><\/div>\n<\/div>\n<\/div>\n<\/div>\n<\/div>\n<\/div>\n<\/div>\n<\/div>\n<p><!--more--><\/p>\n<p>El senderismo o&#8217;l cicloturismo esfrutar d&#8217;otra forma peg\u00e1u al mar. Especialmente, nel Cant\u00e1bricu, con un temperamentu propiu. Sobro un cantil, colos vientos cambiantes, los arumes, el son\u00edu furiosu o relax\u00e1u de les ag\u00fces, vistir predresa pero col so verdor \u00fanicu, y les aves sobrevolando l&#8217;horizonte y, dacuando, la to propia cabeza.<\/p>\n<p>El Cam\u00edn de la Mari\u00f1a n&#8217;Asturies non solo ye perfectu pa soltar enerx\u00eda al campu, con amigos o en familia, incluy\u00edos los deportes d&#8217;aventura. Tami\u00e9n ye unu de los trayectos de mari\u00f1a con m\u00e1s hestoria, secular, el qu&#8217;anta\u00f1o escoy\u00eden los pelegrinos d&#8217;Europa y que caltien esi leg\u00e1u humano y cultural. Quiciabes nun lo adicar de primeres, estel\u00e1u pol esllumante paisaxe. Pero conforme encadenes aldegues y sableres xenuines, meses de gastronom\u00eda local, monumentos recoletos y buelgues marineres, vas saber que&#8217;l mar, n&#8217;Asturies, fundir cola tierra d&#8217;una forma \u00fanica.<\/p>\n<p><span style=\"color: #008080\"><em>Nun ye un percorr\u00edu tur\u00edsticu, sin\u00f3n rural y marineru, al travi\u00e9s del cual recuperar la nuesa relaci\u00f3n cola mari\u00f1a<\/em><\/span><\/p>\n<p><strong>El Cam\u00edn de la Mari\u00f1a, tami\u00e9n conoc\u00edu como Cam\u00edn del Norte<\/strong>, foi la ruta xacobea clave pa los pelegrinos de la Europa atl\u00e1ntica. Arrinca en Ir\u00fan y llega a Santiago dempu\u00e9s de travesar tol norte peninsular.<\/p>\n<p>Entra n&#8217;Asturies pola r\u00eda de Tina Mayor y abandonar pola r\u00eda del Eo. En total, alredor de 280 kil\u00f3metros paralelos al Cant\u00e1bricu, part\u00edos en 13 etapes (dende Bustiu a Abres) y 21 conceyos, que se ganaron a pulsu el llamatu del \u201ccam\u00edn m\u00e1s guapu de toos\u201d.<\/p>\n<p style=\"text-align: center\">\n<a href=\"https:\/\/www.revistaoxigeno.es\/uploads\/s1\/14\/01\/78\/74\/atardecer-en-bustio-original_2_790x454.jpeg\"><img loading=\"lazy\" decoding=\"async\" class=\"aligncenter size-large\" src=\"https:\/\/www.revistaoxigeno.es\/uploads\/s1\/14\/01\/78\/74\/atardecer-en-bustio-original_2_790x454.jpeg\" width=\"790\" height=\"454\" \/><\/a><em>Atapecer en Bustiu. Semeya: Juan de Tury \/ Turismo Asturies<\/em><\/p>\n<p>Los cantiles, y villes espliquen c\u00f3mo evolucion\u00f3 la vida costera. Nun ye un percorr\u00edu tur\u00edsticu, sin\u00f3n rural y marineru, al travi\u00e9s del cual recuperar la nuesa relaci\u00f3n cola mari\u00f1a. En Ribeseya, Xix\u00f3n, o en localidaes m\u00e1s pequenes como Priesca o A Veiga, vas atopar un modelu sostenible intr\u00ednsecu al Princip\u00e1u, que fixo bandera de la so naturaleza, al par prodixosa ya inda \u00edntima. Un Para\u00edsu Natural qu&#8217;alza&#8217;l so eslogan con xusticia absoluta: Asturies arrexunta siete espacios de la Biosfera y el primer Parque Nacional d&#8217;Espa\u00f1a: los Picos d&#8217;Europa.<\/p>\n<p>Temperatures templaes dende marzu hasta ochobre. Una estupenda rede d&#8217;albergues, y puedes planialo como quieras, y hai conexones aeroportuarias y tami\u00e9n d&#8217;alta velocid\u00e1 ferroviaria. Ye f\u00e1cil llegar, non tantu colar. El pedal\u00e9u. Non y\u00e1 porque ye l&#8217;itinerariu m\u00e1s c\u00f3modu pa dambes modalidaes, pos puede faese n&#8217;unos nueve d\u00edes de bicicleta y en dolce de senderismo. Sin\u00f3n polos socesivos descubrimientos cotidianos: xuna sablera min\u00fascula, escondida nun pequenu monte, que solo tien xunas hores d&#8217;accesu, na que baltate n&#8217;absoluta soled\u00e1. Un chigre, o&#8217;l chigre tradicional d&#8217;Asturies, con mariscu reci\u00e9n pesc\u00e1u nel pequenu puertu de fuera, onde compartir una botella de sidra falando colos paisanos y paisanes d&#8217;esa aldega. Un tramu montascosu onde la fauna paez acompa\u00f1ate cola mesma hospitalid\u00e1 inefable de la vexetaci\u00f3n que travieses. Mar que cala fondu.<\/p>\n<p>&nbsp;<\/p>\n<p style=\"text-align: center\"><a href=\"https:\/\/www.revistaoxigeno.es\/uploads\/s1\/14\/01\/79\/27\/peregrinos-camino-de-santiago-camino-costa-playa-de-san-martin-original_2_790x454.jpeg\"><img loading=\"lazy\" decoding=\"async\" class=\"aligncenter size-large\" src=\"https:\/\/www.revistaoxigeno.es\/uploads\/s1\/14\/01\/79\/27\/peregrinos-camino-de-santiago-camino-costa-playa-de-san-martin-original_2_790x454.jpeg\" width=\"790\" height=\"454\" \/><\/a><br \/>\n<em>Pelegrinos na Sablera de San Mart\u00edn. Semeya: Gonzalo Azumendi \/ Turismo Asturies<\/em><\/p>\n<p>En 2025 cumplir diez a\u00f1os dende la declaraci\u00f3n de la Unesco de los Caminos del Norte como Patrimoniu de la Humanid\u00e1, de los cualos, dos percuerren Asturies: el Cam\u00edn Primitivu, trubiecu de la pelegrinaci\u00f3n a Compostela col viaxe inici\u00e1tico del rei Alfonso II nel sieglu IX pa ver los restos del ap\u00f3stol. Y, de segundes, el Cam\u00edn de la Mari\u00f1a. Dambos cunten con ensame de servicios y, am\u00e1s, xuna conex\u00f3n qu&#8217;ampl\u00eda les posibilidaes d&#8217;improvisar l&#8217;itinerariu o afaelo a los tos gustos. Pasar de la Mari\u00f1a al Primitivu, o viceversa. Si am\u00e1s precises dalg\u00fan conseyu, equ\u00ed vas atopar los m\u00e1s fayadizos pa faer el Cam\u00edn de Santiago pol Princip\u00e1u.<\/p>\n<p>En cualquier sent\u00edu, vas comprobar qu&#8217;Asturies entiende&#8217;l pelegrinaxe como daqu\u00e9 distintu al simple turismu. Equ\u00ed, tu yes el Cam\u00edn, lo cual implica una responsabilid\u00e1: la de siguir una tradici\u00f3n de compartir que se remonta, non y\u00e1 sieglos, sin\u00f3n a cientos de xeneraciones de pelegr\u00edn.<\/p>\n","protected":false},"excerpt":{"rendered":"<p>Revista Ox\u00edgeno\/ \u00a0 revistaoxigeno.es \/ art\u00edculu \/ Semeya: No\u00e9 Baranda \/ Turismo Asturies El Cam\u00edn de Santiago de la Mari\u00f1a n&#8217;Asturies: senderismu y cicloturismu con hestoria. Casi 300 km de paisaxes allucinantes onde&#8217;l mar y la tierra s&#8217;abracen en cantiles, aldegues con encantu y sableres \u00faniques. Afaya la ruta que sieglos tras siguieron los pelegrinos [&hellip;]<\/p>\n","protected":false},"author":117,"featured_media":0,"comment_status":"open","ping_status":"open","sticky":false,"template":"","format":"standard","meta":{"footnotes":""},"categories":[29,187],"tags":[],"class_list":["post-43732","post","type-post","status-publish","format-standard","hentry","category-articulos","category-camin-de-santiagu"],"_links":{"self":[{"href":"https:\/\/edublog.educastur.es\/ixuxu\/wp-json\/wp\/v2\/posts\/43732","targetHints":{"allow":["GET"]}}],"collection":[{"href":"https:\/\/edublog.educastur.es\/ixuxu\/wp-json\/wp\/v2\/posts"}],"about":[{"href":"https:\/\/edublog.educastur.es\/ixuxu\/wp-json\/wp\/v2\/types\/post"}],"author":[{"embeddable":true,"href":"https:\/\/edublog.educastur.es\/ixuxu\/wp-json\/wp\/v2\/users\/117"}],"replies":[{"embeddable":true,"href":"https:\/\/edublog.educastur.es\/ixuxu\/wp-json\/wp\/v2\/comments?post=43732"}],"version-history":[{"count":3,"href":"https:\/\/edublog.educastur.es\/ixuxu\/wp-json\/wp\/v2\/posts\/43732\/revisions"}],"predecessor-version":[{"id":43735,"href":"https:\/\/edublog.educastur.es\/ixuxu\/wp-json\/wp\/v2\/posts\/43732\/revisions\/43735"}],"wp:attachment":[{"href":"https:\/\/edublog.educastur.es\/ixuxu\/wp-json\/wp\/v2\/media?parent=43732"}],"wp:term":[{"taxonomy":"category","embeddable":true,"href":"https:\/\/edublog.educastur.es\/ixuxu\/wp-json\/wp\/v2\/categories?post=43732"},{"taxonomy":"post_tag","embeddable":true,"href":"https:\/\/edublog.educastur.es\/ixuxu\/wp-json\/wp\/v2\/tags?post=43732"}],"curies":[{"name":"wp","href":"https:\/\/api.w.org\/{rel}","templated":true}]}}