{"id":43751,"date":"2025-03-14T12:32:22","date_gmt":"2025-03-14T10:32:22","guid":{"rendered":"https:\/\/edublog.educastur.es\/ixuxu\/?p=43751"},"modified":"2025-03-14T13:33:18","modified_gmt":"2025-03-14T11:33:18","slug":"materiales-del-i-plan-digualda-de-lalministracion-del-principau-dasturies","status":"publish","type":"post","link":"https:\/\/edublog.educastur.es\/ixuxu\/2025\/03\/materiales-del-i-plan-digualda-de-lalministracion-del-principau-dasturies\/","title":{"rendered":"Materiales del I Plan d&#8217;Iguald\u00e1 de l&#8217;Alministraci\u00f3n del Princip\u00e1u d&#8217;Asturies"},"content":{"rendered":"<p style=\"text-align: center\"><a href=\"https:\/\/www.educastur.es\/documents\/34868\/39090\/2025-03--noticias-general-plan-igualdad-ppdo-735.jpg\/c947dcad-114b-ca36-2355-6139474702a8?t=1741938692340\"><img loading=\"lazy\" decoding=\"async\" class=\"aligncenter \" src=\"https:\/\/www.educastur.es\/documents\/34868\/39090\/2025-03--noticias-general-plan-igualdad-ppdo-735.jpg\/c947dcad-114b-ca36-2355-6139474702a8?t=1741938692340\" width=\"350\" height=\"214\" \/><\/a><\/p>\n<p>El 8 de marzu de 2024 foi aprob\u00e1u l&#8217;<span style=\"color: #008080\"><strong>I Plan d&#8217;Iguald\u00e1 de l&#8217;Alministraci\u00f3n del Princip\u00e1u d&#8217;Asturies<\/strong><\/span> que&#8217;l so oxetivu ye que&#8217;l principiu d&#8217;iguald\u00e1 ente muyeres y homes tea presente en tolos niveles de l&#8217;alministraci\u00f3n. El Plan establez xuna serie d&#8217;actuaciones qu&#8217;una vegada implementaes van dexar integrar el principiu d&#8217;iguald\u00e1 na cultura de la organizaci\u00f3n y nel conxuntu del personal.<\/p>\n<ul>\n<li>Fonte: <a href=\"https:\/\/www.educastur.es\/-\/materiales-i-plan-igualdad-administraci%C3%B3n-principado-asturias?redirect=%2Finicio\">Educastur<\/a> \/ <a class=\"pdf\" title=\"Instrucci\u00f3n lenguaje no sexista.pdf. Abre una nueva ventana\" href=\"https:\/\/iam.asturias.es\/documents\/269132\/3354977\/Instrucci%C3%B3n+lenguaje+no+sexista.pdf\/407ee0cd-cfb1-d2c7-9351-803a0be37eaf\" target=\"_blank\" rel=\"noopener\"> Instrucci\u00f3n lenguaje nun sexista.pdf <\/a>\u00a0\u00a0 \/ <a href=\"https:\/\/iam.asturias.es\/biblioteca-digital\/-\/categories\/279766\"><strong>enllaz<\/strong> <\/a>\/ <a class=\"pdf\" title=\"Descargar Guia G\u00e9nero en Planificacion Estrategica-Asturias-DEF.pdf. Abre una nueva ventana\" href=\"https:\/\/iam.asturias.es\/documents\/269132\/0\/Guia+G%C3%A9nero+en+Planificacion+Estrategica-Asturias-DEF.pdf\/1f69feb6-a346-2cbc-99e8-8554f3cd294d\" target=\"_blank\" rel=\"noopener\"> Guia X\u00e9neru en Planificacion Estratexica-Asturies.pdf <\/a><\/li>\n<\/ul>\n<p><!--more--><\/p>\n<p>Les mid\u00edes recoy\u00edes nel Plan, qu&#8217;agora t\u00e1n siendo desenvueltes polos distintos organismos responsables, son necesaries pa dotar a les persones que trabayen na alministraci\u00f3n de la capacitaci\u00f3n y los medios fayadizos pa promover la iguald\u00e1 ente homes y muyeres y erradicar la violencia de x\u00e9neru.<\/p>\n<p>La Direcci\u00f3n Xeneral d&#8217;Iguald\u00e1, nel marcu del cit\u00e1u Plan, pon a disposici\u00f3n les siguientes ferramientes:<\/p>\n<ul>\n<li><strong>&#8211; <a href=\"http:\/\/iam.asturias.es\/-\/instruccion-para-el-uso-no-sexista-del-lenguaje-e-imagenes-no-estereotipadas-de-hombres-y-mujeres-\" target=\"_blank\" rel=\"noopener\">Instrucci\u00f3n pal usu non sexista del llinguaxe ya imaxes non estereotipaes d&#8217;homes y muyeres. <\/a><\/strong><a href=\"http:\/\/iam.asturias.es\/-\/instruccion-para-el-uso-no-sexista-del-lenguaje-e-imagenes-no-estereotipadas-de-hombres-y-mujeres-\" target=\"_blank\" rel=\"noopener\">Alcuerdu de Conseyu de Gobiernu&#8217;l 14 de febreru de 2025.<\/a><strong>&#8211; <a href=\"https:\/\/iam.asturias.es\/biblioteca-digital\/-\/categories\/279766\" target=\"_blank\" rel=\"noopener\">Gu\u00eda pa la integraci\u00f3n de la Perspectiva de X\u00e9neru nos Planes y Documentaci\u00f3n Estrat\u00e9xica de l&#8217;Alministraci\u00f3n del Princip\u00e1u d&#8217;Asturies. <\/a><\/strong><a href=\"https:\/\/iam.asturias.es\/biblioteca-digital\/-\/categories\/279766\" target=\"_blank\" rel=\"noopener\">Alcuerdu de Conseyu de Gobiernu&#8217;l 27 febrero de 2025.<\/a><\/li>\n<\/ul>\n<p>La Direcci\u00f3n Xeneral d&#8217;Estratexa Dixital ya Intelixencia Artificial cre\u00f3 un apart\u00e1u nel Portal del Empleg\u00e1u un apart\u00e1u dedic\u00e1u a Iguald\u00e1 nel que se van arrexuntar y van espublizar tolos materiales y recursos seg\u00fan v\u00e1iganse ellaborando.<\/p>\n<p style=\"text-align: center\"><a href=\"https:\/\/iam.asturias.es\/image\/journal\/article?img_id=4288132&amp;t=1741179701931\"><img loading=\"lazy\" decoding=\"async\" class=\"aligncenter \" src=\"https:\/\/iam.asturias.es\/image\/journal\/article?img_id=4288132&amp;t=1741179701931\" width=\"351\" height=\"443\" \/><\/a><\/p>\n<ul>\n<li><a class=\"pdf\" title=\"Descargar Plan-estrat\u00e9gico-Igualdad.pdf. Abre una nueva ventana\" href=\"https:\/\/iam.asturias.es\/documents\/269132\/274244\/Plan-estrat%C3%A9gico-Igualdad.pdf\/c449a841-8046-8103-14f8-a8d1d10f2c31\" target=\"_blank\" rel=\"noopener\"> Plan-estrat\u00e9gico-Igualdad.pdf <\/a><\/li>\n<li><a class=\"pdf\" title=\"Descargar II-Plan-Estrat\u00e9gico-Igualdad.pdf. Abre una nueva ventana\" href=\"https:\/\/iam.asturias.es\/documents\/269132\/274244\/II-Plan-Estrat%C3%A9gico-Igualdad.pdf\/d451bbc9-b495-1091-bbf9-ff2e809bcfeb\" target=\"_blank\" rel=\"noopener\"> II-Plan-Estrat\u00e9gico-Igualdad.pdf <\/a><\/li>\n<li><a class=\"pdf\" title=\"Descargar 2021 06 20 Plan Estrategico de Igualdad.pdf. Abre una nueva ventana\" href=\"https:\/\/iam.asturias.es\/documents\/269132\/370594\/2021+06+20+Plan+Estrategico+de+Igualdad.pdf\/f69154ae-b991-7b79-5278-d8d5f9e79abf\" target=\"_blank\" rel=\"noopener\"> 2021 06 20 Plan Estrategico de Igualdad.pdf <\/a><\/li>\n<\/ul>\n","protected":false},"excerpt":{"rendered":"<p>El 8 de marzu de 2024 foi aprob\u00e1u l&#8217;I Plan d&#8217;Iguald\u00e1 de l&#8217;Alministraci\u00f3n del Princip\u00e1u d&#8217;Asturies que&#8217;l so oxetivu ye que&#8217;l principiu d&#8217;iguald\u00e1 ente muyeres y homes tea presente en tolos niveles de l&#8217;alministraci\u00f3n. El Plan establez xuna serie d&#8217;actuaciones qu&#8217;una vegada implementaes van dexar integrar el principiu d&#8217;iguald\u00e1 na cultura de la organizaci\u00f3n y [&hellip;]<\/p>\n","protected":false},"author":117,"featured_media":0,"comment_status":"open","ping_status":"open","sticky":false,"template":"","format":"standard","meta":{"footnotes":""},"categories":[137],"tags":[],"class_list":["post-43751","post","type-post","status-publish","format-standard","hentry","category-igualda"],"_links":{"self":[{"href":"https:\/\/edublog.educastur.es\/ixuxu\/wp-json\/wp\/v2\/posts\/43751","targetHints":{"allow":["GET"]}}],"collection":[{"href":"https:\/\/edublog.educastur.es\/ixuxu\/wp-json\/wp\/v2\/posts"}],"about":[{"href":"https:\/\/edublog.educastur.es\/ixuxu\/wp-json\/wp\/v2\/types\/post"}],"author":[{"embeddable":true,"href":"https:\/\/edublog.educastur.es\/ixuxu\/wp-json\/wp\/v2\/users\/117"}],"replies":[{"embeddable":true,"href":"https:\/\/edublog.educastur.es\/ixuxu\/wp-json\/wp\/v2\/comments?post=43751"}],"version-history":[{"count":6,"href":"https:\/\/edublog.educastur.es\/ixuxu\/wp-json\/wp\/v2\/posts\/43751\/revisions"}],"predecessor-version":[{"id":43769,"href":"https:\/\/edublog.educastur.es\/ixuxu\/wp-json\/wp\/v2\/posts\/43751\/revisions\/43769"}],"wp:attachment":[{"href":"https:\/\/edublog.educastur.es\/ixuxu\/wp-json\/wp\/v2\/media?parent=43751"}],"wp:term":[{"taxonomy":"category","embeddable":true,"href":"https:\/\/edublog.educastur.es\/ixuxu\/wp-json\/wp\/v2\/categories?post=43751"},{"taxonomy":"post_tag","embeddable":true,"href":"https:\/\/edublog.educastur.es\/ixuxu\/wp-json\/wp\/v2\/tags?post=43751"}],"curies":[{"name":"wp","href":"https:\/\/api.w.org\/{rel}","templated":true}]}}