{"id":43776,"date":"2025-03-08T10:00:14","date_gmt":"2025-03-08T08:00:14","guid":{"rendered":"https:\/\/edublog.educastur.es\/ixuxu\/?p=43776"},"modified":"2025-03-15T10:34:47","modified_gmt":"2025-03-15T08:34:47","slug":"43776","status":"publish","type":"post","link":"https:\/\/edublog.educastur.es\/ixuxu\/2025\/03\/43776\/","title":{"rendered":"La bicicleta, el veh\u00edculu feminista qu&#8217;empoder\u00f3 a les muyeres nel sieglu XIX."},"content":{"rendered":"<div class=\"html-div xdj266r xat24cr x1mh8g0r xexx8yu x4uap5 x18d9i69 xkhd6sd x78zum5 x2lah0s xqtp20y x1emribx\">\n<div class=\"x1vqgdyp x100vrsf\">\n<div class=\"\" style=\"text-align: center\"><a href=\"https:\/\/historia.nationalgeographic.com.es\/medio\/2020\/06\/03\/anuncio-bicicleta_a2e5b643_550x858.jpg\"><img loading=\"lazy\" decoding=\"async\" class=\"aligncenter size-large\" src=\"https:\/\/historia.nationalgeographic.com.es\/medio\/2020\/06\/03\/anuncio-bicicleta_a2e5b643_550x858.jpg\" width=\"550\" height=\"858\" \/><\/a><\/div>\n<\/div>\n<\/div>\n<div class=\"html-div xdj266r x11i5rnm xat24cr x1mh8g0r xexx8yu x4uap5 x18d9i69 xkhd6sd x1iyjqo2\">\n<div class=\"x78zum5 xdt5ytf xz62fqu x16ldp7u\">\n<div class=\"xu06os2 x1ok221b\">\n<ul>\n<li class=\"html-h3 x11i5rnm xat24cr x1mh8g0r xexx8yu x4uap5 x18d9i69 xkhd6sd x1vvkbs x1heor9g x1qlqyl8 x1pd3egz x1a2a7pz x1gslohp x1yc453h\"><span class=\"xt0psk2\"><span class=\"xjp7ctv\"><a class=\"x1i10hfl xjbqb8w x1ejq31n xd10rxx x1sy0etr x17r0tee x972fbf xcfux6l x1qhh985 xm0m39n x9f619 x1ypdohk xt0psk2 xe8uvvx xdj266r x11i5rnm xat24cr x1mh8g0r xexx8yu x4uap5 x18d9i69 xkhd6sd x16tdsg8 x1hl2dhg xggy1nq x1a2a7pz xkrqix3 x1sur9pj xzsf02u x1s688f\" role=\"link\" href=\"https:\/\/www.facebook.com\/peopleforbikesmexico?__cft__[0]=AZW2hLCrYFjPSBwizHKzahTIqT7t6-M_0ILhxjBrUqvN_ZuwkUXbVXvgeV5roVSbpAoiqPL_bm-tP3cYajrOK4iaZfayInMslUbseh1pFs2TihavbK3VIyqVs9ZkqKDlNbfm6fWLVXQ5Gu5LMZWBiwyzlnaV5nrg6fYE6VLtw_2qc_aFOrykNK1Qi3tOqGAynJQ&amp;__tn__=-UC%2CPH-R\"><strong class=\"html-strong xdj266r x11i5rnm xat24cr x1mh8g0r xexx8yu x4uap5 x18d9i69 xkhd6sd x1hl2dhg x16tdsg8 x1vvkbs x1s688f\"><span class=\"html-span xdj266r x11i5rnm xat24cr x1mh8g0r xexx8yu x4uap5 x18d9i69 xkhd6sd x1hl2dhg x16tdsg8 x1vvkbs\">PFB<\/span><\/strong><\/a><\/span><\/span>\/ Fonte: <a href=\"https:\/\/historia.nationalgeographic.com.es\/a\/la-bicicleta-el-vehiculo-feminista-que-empodero-a-las-mujeres-en-el-siglo-xix_12597?fbclid=IwZXh0bgNhZW0CMTAAAR225OI9Az1Dz-KWkB8107BXC1Xf1-RoQoKrOdEk4-qM8_GPCuUnR9ktceI_aem_UulFnSmbx5E5Kkmqbg7tOQ\">H\u00aa National Geographic<\/a> \/<\/li>\n<\/ul>\n<\/div>\n<\/div>\n<\/div>\n<div class=\"html-div xdj266r x11i5rnm xat24cr x1mh8g0r xexx8yu x4uap5 x18d9i69 xkhd6sd\">\n<div class=\"html-div xdj266r x11i5rnm xat24cr x1mh8g0r xexx8yu x4uap5 x18d9i69 xkhd6sd\" dir=\"auto\">\n<div class=\"html-div xdj266r x11i5rnm xat24cr x1mh8g0r xexx8yu x4uap5 x18d9i69 xkhd6sd\" dir=\"auto\">\n<div class=\"html-div xdj266r x11i5rnm xat24cr x1mh8g0r xexx8yu x4uap5 x18d9i69 xkhd6sd\" data-ad-rendering-role=\"story_message\">\n<div class=\"x1l90r2v x1iorvi4 x1ye3gou xn6708d\" data-ad-comet-preview=\"message\" data-ad-preview=\"message\">\n<div class=\"x78zum5 xdt5ytf xz62fqu x16ldp7u\">\n<div class=\"xu06os2 x1ok221b\">\n<div class=\"xdj266r x11i5rnm xat24cr x1mh8g0r x1vvkbs x126k92a\"><\/div>\n<div class=\"x11i5rnm xat24cr x1mh8g0r x1vvkbs xtlvy1s x126k92a\">\n<div dir=\"auto\">La bicicleta, el veh\u00edculu feminista qu&#8217;empoder\u00f3 a les muyeres nel sieglu XIX.<em> \u201cDe primeres, la muyer que montaba en bicicleta romp\u00eda les riegles establec\u00edes sobro&#8217;l comportamientu femen\u00edn y convert\u00edase nuna persona de dudosa moral. Les primeres ciclistes yeren faltaes y afrellaes\u201d<\/em><\/div>\n<div dir=\"auto\"><!--more--><\/div>\n<\/div>\n<div dir=\"auto\">\u00abAntes pensaba que lo peor que pod\u00eda faer una muyer yera fumar, pero camud\u00e9 d&#8217;idea.<strong> Lo peor qu&#8217;he vistu na mio vida ye una muyer montando en bicicleta\u00bb<\/strong>. Asina se manifestaba&#8217;l 25 de xunetu de 1891 la corresponsal del Chicago Tribune nuna pequena columna na qu&#8217;afirmaba que<strong> podr\u00eda fae-y la vida imposible a la so futura nuera si \u00e9sta demostraba la m\u00e1s m\u00ednimu encl\u00edn pol ciclismu; les pioneres de la bicicleta taben empezando a causar una impresi\u00f3n apolmonante.<\/strong><\/div>\n<div dir=\"auto\"><\/div>\n<\/div>\n<div dir=\"auto\">Los primeros modelos, dende 1817, consist\u00eden n&#8217;una mera barra que xun\u00eda dos ruedes. Alredor de 1870 a\u00f1edi\u00e9ronse-y pedales, lo qu&#8217;am\u00e1s de dexar avanzar mont\u00e1u tami\u00e9n aumentaba les posibilidaes de salir indemne de l&#8217;aventura.<\/div>\n<\/div>\n<div dir=\"auto\">\n<p>Estos veloc\u00edpedos\u00bb, cola rueda delantera m\u00e1s grande que la trasera, fueron sustituy\u00edos por bicicletes con ruedes d&#8217;igual tama\u00f1u y cadenes que tresmit\u00eden la enerx\u00eda del pedal a la rueda trasera. Muncho m\u00e1s segures, les bicicletes de principios de la Belle \u00c9poque empezaron a vendese a precios exorbitantes a aquellos que pod\u00eden dex\u00e1-ylo.<\/p>\n<p style=\"text-align: center\"><a href=\"https:\/\/historia.nationalgeographic.com.es\/medio\/2020\/06\/03\/mujer-pantalones-bici_9d1c15ae_800x969.jpg\"><img loading=\"lazy\" decoding=\"async\" class=\"aligncenter \" src=\"https:\/\/historia.nationalgeographic.com.es\/medio\/2020\/06\/03\/mujer-pantalones-bici_9d1c15ae_800x969.jpg\" width=\"430\" height=\"521\" \/><\/a><\/p>\n<p>Los manuales de comportamientu de la d\u00f3mina dexaben bien claro que lo \u00faltimu que deb\u00eda faer una dama na cai yera llamar l&#8217;atenci\u00f3n.<\/p>\n<p>Les muyeres de clase alta fueron atrevi\u00e9ndose a montar nesti nuevu inventu, que <strong>pon\u00eda al so algame la posibilid\u00e1 de movese con llibert\u00e1 y rapidez nun mundu que les condergaba al enclaustramiento na vivienda familiar<\/strong>. Estes pioneres atra\u00eden toles miraes, lo que y\u00e1 de por s\u00ed yera malu.<\/p>\n<p>Los manuales de comportamientu de la d\u00f3mina dexaben bien claro que lo \u00faltimu que deb\u00eda faer una dama na cai yera llamar l&#8217;atenci\u00f3n de los viandantes. Andar apriesa yera un signu de mala educaci\u00f3n, lo mesmo que falar altu o mover los brazos llue\u00f1e del cuerpu.<\/p>\n<p><strong>Rompiendo esquemes.\u00a0<\/strong>La muyer que montaba en bicicleta romp\u00eda les riegles establec\u00edes sobro&#8217;l comportamientu femen\u00edn y convert\u00edase nuna persona de dudosa moral. Un gran esc\u00e1ndalu acompa\u00f1\u00f3 a les primeres ciclistes. A la londinense Emma Eades recibierenla a pedraes; a otres munches falt\u00e1renles al respetu&#8230; Por si fora poco,<strong> los m\u00e9dicos de la d\u00f3mina cuntaben que el ciclismu yera una activid\u00e1 perxudicial pal organismu femen\u00edn, consider\u00e1u m\u00e1s d\u00e9bil que&#8217;l mascul\u00edn.<\/strong> Montar en bicicleta, cre\u00eden, pod\u00eda causar esterilid\u00e1 y trestornos nerviosos.<\/p>\n<\/div>\n<div class=\"x78zum5 xdt5ytf xz62fqu x16ldp7u\">\n<div class=\"xu06os2 x1ok221b\">\n<div class=\"x11i5rnm xat24cr x1mh8g0r x1vvkbs xtlvy1s x126k92a\"><\/div>\n<div class=\"x11i5rnm xat24cr x1mh8g0r x1vvkbs xtlvy1s x126k92a\">\n<div dir=\"auto\"><\/div>\n<\/div>\n<\/div>\n<\/div>\n<\/div>\n<\/div>\n<\/div>\n<\/div>\n<\/div>\n<p>&nbsp;<\/p>\n","protected":false},"excerpt":{"rendered":"<p>PFB\/ Fonte: H\u00aa National Geographic \/ La bicicleta, el veh\u00edculu feminista qu&#8217;empoder\u00f3 a les muyeres nel sieglu XIX. \u201cDe primeres, la muyer que montaba en bicicleta romp\u00eda les riegles establec\u00edes sobro&#8217;l comportamientu femen\u00edn y convert\u00edase nuna persona de dudosa moral. Les primeres ciclistes yeren faltaes y afrellaes\u201d<\/p>\n","protected":false},"author":117,"featured_media":0,"comment_status":"open","ping_status":"open","sticky":false,"template":"","format":"standard","meta":{"footnotes":""},"categories":[25,121,1],"tags":[],"class_list":["post-43776","post","type-post","status-publish","format-standard","hentry","category-curiosidaes","category-muyeres","category-sin-categoria"],"_links":{"self":[{"href":"https:\/\/edublog.educastur.es\/ixuxu\/wp-json\/wp\/v2\/posts\/43776","targetHints":{"allow":["GET"]}}],"collection":[{"href":"https:\/\/edublog.educastur.es\/ixuxu\/wp-json\/wp\/v2\/posts"}],"about":[{"href":"https:\/\/edublog.educastur.es\/ixuxu\/wp-json\/wp\/v2\/types\/post"}],"author":[{"embeddable":true,"href":"https:\/\/edublog.educastur.es\/ixuxu\/wp-json\/wp\/v2\/users\/117"}],"replies":[{"embeddable":true,"href":"https:\/\/edublog.educastur.es\/ixuxu\/wp-json\/wp\/v2\/comments?post=43776"}],"version-history":[{"count":4,"href":"https:\/\/edublog.educastur.es\/ixuxu\/wp-json\/wp\/v2\/posts\/43776\/revisions"}],"predecessor-version":[{"id":43780,"href":"https:\/\/edublog.educastur.es\/ixuxu\/wp-json\/wp\/v2\/posts\/43776\/revisions\/43780"}],"wp:attachment":[{"href":"https:\/\/edublog.educastur.es\/ixuxu\/wp-json\/wp\/v2\/media?parent=43776"}],"wp:term":[{"taxonomy":"category","embeddable":true,"href":"https:\/\/edublog.educastur.es\/ixuxu\/wp-json\/wp\/v2\/categories?post=43776"},{"taxonomy":"post_tag","embeddable":true,"href":"https:\/\/edublog.educastur.es\/ixuxu\/wp-json\/wp\/v2\/tags?post=43776"}],"curies":[{"name":"wp","href":"https:\/\/api.w.org\/{rel}","templated":true}]}}