{"id":43803,"date":"2025-03-15T07:00:08","date_gmt":"2025-03-15T05:00:08","guid":{"rendered":"https:\/\/edublog.educastur.es\/ixuxu\/?p=43803"},"modified":"2025-03-15T11:01:09","modified_gmt":"2025-03-15T09:01:09","slug":"43803","status":"publish","type":"post","link":"https:\/\/edublog.educastur.es\/ixuxu\/2025\/03\/43803\/","title":{"rendered":""},"content":{"rendered":"<div class=\"html-div xdj266r xat24cr x1mh8g0r xexx8yu x4uap5 x18d9i69 xkhd6sd x78zum5 x2lah0s xqtp20y x1emribx\">\n<div class=\"xc9qbxq x1td3qas x6s0dn4 x78zum5 xl56j7k\">\n<div class=\"\" style=\"text-align: center\"><a href=\"https:\/\/www.rtpa.es\/fotos\/\/25\/03\/20250314123211_RTPA6330489.webp\"><img loading=\"lazy\" decoding=\"async\" class=\"aligncenter size-large\" src=\"https:\/\/www.rtpa.es\/fotos\/\/25\/03\/20250314123211_RTPA6330489.webp\" width=\"853\" height=\"480\" \/><\/a><\/div>\n<\/div>\n<\/div>\n<div class=\"html-div xdj266r x11i5rnm xat24cr x1mh8g0r xexx8yu x4uap5 x18d9i69 xkhd6sd x1iyjqo2\">\n<div class=\"x78zum5 xdt5ytf xz62fqu x16ldp7u\">\n<div class=\"xu06os2 x1ok221b\">\n<ul>\n<li class=\"html-h3 x11i5rnm xat24cr x1mh8g0r xexx8yu x4uap5 x18d9i69 xkhd6sd x1vvkbs x1heor9g x1qlqyl8 x1pd3egz x1a2a7pz x1gslohp x1yc453h\"><span class=\"xt0psk2\"><span class=\"xjp7ctv\"><a class=\"x1i10hfl xjbqb8w x1ejq31n xd10rxx x1sy0etr x17r0tee x972fbf xcfux6l x1qhh985 xm0m39n x9f619 x1ypdohk xt0psk2 xe8uvvx xdj266r x11i5rnm xat24cr x1mh8g0r xexx8yu x4uap5 x18d9i69 xkhd6sd x16tdsg8 x1hl2dhg xggy1nq x1a2a7pz xkrqix3 x1sur9pj xzsf02u x1s688f\" role=\"link\" href=\"https:\/\/www.facebook.com\/RTPAoficial?__cft__[0]=AZUnQCRui6aEZ7hCVs7HArs0Xd8qH3HO8zoemudY982hRvgcLXi3LoyfcR3Wy3VWkxw51uX2ZkHMeyfWlc90iG8nNzEOcLLfAwZGd8RaWKOU-c_s8EL6Vi-rvcqO7O2vSCP9hejx3B5fttFCo34uvgkYqz9hjX1KnCtW91ooEfERg02Ayll-P2yE8SQQ7VFRJtBo3bja_iYLjbhRDPy4vTpaVDyvmrAns5qgaPoENRbZLw&amp;__tn__=-UC%2CP-y-R\"><strong class=\"html-strong xdj266r x11i5rnm xat24cr x1mh8g0r xexx8yu x4uap5 x18d9i69 xkhd6sd x1hl2dhg x16tdsg8 x1vvkbs x1s688f\"><span class=\"html-span xdj266r x11i5rnm xat24cr x1mh8g0r xexx8yu x4uap5 x18d9i69 xkhd6sd x1hl2dhg x16tdsg8 x1vvkbs\">Radiotelevisi\u00f3n del Principado de Asturias<\/span><\/strong><\/a><\/span><\/span><\/li>\n<\/ul>\n<\/div>\n<\/div>\n<\/div>\n<p>Asturies rexistr\u00f3 la pasada nueche la temperatura m\u00e1s baxa del pa\u00eds, con 9,6 graos baxo cero en Vega d&#8217;Urriellu, en Picos d&#8217;Europa, seg\u00fan los datos publicaos pola Axencia Estatal de Meteorolox\u00eda (Aemet) na so p\u00e1xina web.\u00a0Nevaes en cotes baxes nuna fin de selmana iverniza, pero con menos ag\u00fces.<\/p>\n<p>Am\u00e1s, rexistr\u00e1ronse -6,9 graos en Vega d&#8217;Ariu, tami\u00e9n Picos d&#8217;Europa; -4,5 en Bra\u00f1a \/ L.leitariegos; -4,3 en Payares, y -4,2 en Sotres. L&#8217;Aemet preve qu&#8217;esti vienres que les temperatures m\u00ednimes vaigan en llixeru descensu, localmente m\u00e1s acus\u00e1u en puntos del interior, y que la cota de nieve asitiase n&#8217;unos 600-700 metros.<\/p>\n<p>&nbsp;<\/p>\n","protected":false},"excerpt":{"rendered":"<p>Radiotelevisi\u00f3n del Principado de Asturias Asturies rexistr\u00f3 la pasada nueche la temperatura m\u00e1s baxa del pa\u00eds, con 9,6 graos baxo cero en Vega d&#8217;Urriellu, en Picos d&#8217;Europa, seg\u00fan los datos publicaos pola Axencia Estatal de Meteorolox\u00eda (Aemet) na so p\u00e1xina web.\u00a0Nevaes en cotes baxes nuna fin de selmana iverniza, pero con menos ag\u00fces. Am\u00e1s, rexistr\u00e1ronse [&hellip;]<\/p>\n","protected":false},"author":117,"featured_media":0,"comment_status":"open","ping_status":"open","sticky":false,"template":"","format":"standard","meta":{"footnotes":""},"categories":[5],"tags":[],"class_list":["post-43803","post","type-post","status-publish","format-standard","hentry","category-tiempu"],"_links":{"self":[{"href":"https:\/\/edublog.educastur.es\/ixuxu\/wp-json\/wp\/v2\/posts\/43803","targetHints":{"allow":["GET"]}}],"collection":[{"href":"https:\/\/edublog.educastur.es\/ixuxu\/wp-json\/wp\/v2\/posts"}],"about":[{"href":"https:\/\/edublog.educastur.es\/ixuxu\/wp-json\/wp\/v2\/types\/post"}],"author":[{"embeddable":true,"href":"https:\/\/edublog.educastur.es\/ixuxu\/wp-json\/wp\/v2\/users\/117"}],"replies":[{"embeddable":true,"href":"https:\/\/edublog.educastur.es\/ixuxu\/wp-json\/wp\/v2\/comments?post=43803"}],"version-history":[{"count":1,"href":"https:\/\/edublog.educastur.es\/ixuxu\/wp-json\/wp\/v2\/posts\/43803\/revisions"}],"predecessor-version":[{"id":43804,"href":"https:\/\/edublog.educastur.es\/ixuxu\/wp-json\/wp\/v2\/posts\/43803\/revisions\/43804"}],"wp:attachment":[{"href":"https:\/\/edublog.educastur.es\/ixuxu\/wp-json\/wp\/v2\/media?parent=43803"}],"wp:term":[{"taxonomy":"category","embeddable":true,"href":"https:\/\/edublog.educastur.es\/ixuxu\/wp-json\/wp\/v2\/categories?post=43803"},{"taxonomy":"post_tag","embeddable":true,"href":"https:\/\/edublog.educastur.es\/ixuxu\/wp-json\/wp\/v2\/tags?post=43803"}],"curies":[{"name":"wp","href":"https:\/\/api.w.org\/{rel}","templated":true}]}}