{"id":43805,"date":"2025-03-13T08:50:14","date_gmt":"2025-03-13T06:50:14","guid":{"rendered":"https:\/\/edublog.educastur.es\/ixuxu\/?p=43805"},"modified":"2025-03-15T11:04:16","modified_gmt":"2025-03-15T09:04:16","slug":"activaul-plan-de-viabilida-ivernal-en-payares-y-el-guerna","status":"publish","type":"post","link":"https:\/\/edublog.educastur.es\/ixuxu\/2025\/03\/activaul-plan-de-viabilida-ivernal-en-payares-y-el-guerna\/","title":{"rendered":"Activ\u00e1u&#8217;l plan de viabilid\u00e1 ivernal en Payares y El G\u00fcerna"},"content":{"rendered":"<div class=\"padding-t-35\"><\/div>\n<div id=\"area_imagen_ac\"><\/div>\n<div id=\"noticiacompleta\" class=\"parragraph-padding font-c-conent\">\n<p class=\"font-size-m padding-b-20 font-weight-b margin-t-16\">La cota de nieve bax\u00f3 a partir de mediud\u00eda hasta los 700 metros nel Cordal y los Picos d&#8217;Europa.\u00a0 La Delegaci\u00f3n del Gobiernu n&#8217;Asturies activ\u00f3 esti xueves la fase d&#8217;alerta del <span style=\"color: #008080\"><strong>plan de viabilid\u00e1 ivernal nel puertu de Payares (N-630) y na AP-66, ente Asturies y Lle\u00f3n<\/strong><\/span>, nuna xornada na que l&#8217;Axencia Estatal de Meteorolox\u00eda (Aemet) prev\u00e9 que la cota de nieve baxe a partir de mediud\u00eda hasta los 700 metros nel Cordal y nos Picos d&#8217;Europa. <a href=\"https:\/\/www.rtpa.es\/noticias-asturias-ast\/2025-03-13\/Activau'l-plan-de-viabilida-ivernal-en-Payares-y-El-Guerna_111741873179.html\">Fonte: RTPA<\/a><\/p>\n<p style=\"text-align: center\"><a href=\"https:\/\/www.rtpa.es\/fotos\/\/25\/03\/20250313133102_RTPA6326342.webp\"><img loading=\"lazy\" decoding=\"async\" class=\"aligncenter size-large\" src=\"https:\/\/www.rtpa.es\/fotos\/\/25\/03\/20250313133102_RTPA6326342.webp\" width=\"853\" height=\"480\" \/><\/a><\/p>\n<p>El Cordal y los Picos d&#8217;Europa van tar dende les 12:00 y tola xornada del vienres n&#8217;avisu mariellu por nevaes que van dexar espesures d&#8217;unos diez cent\u00edmetros de nieve.<\/p>\n<p>La fase d&#8217;alerta del plan de viabilid\u00e1 iverniza supon l&#8217;espliegue y movilizaci\u00f3n de les m\u00e1quines quitanieve y esparcidores de fundente pa que puean ser uses cuando seya necesario.<\/p>\n<\/div>\n","protected":false},"excerpt":{"rendered":"<p>La cota de nieve bax\u00f3 a partir de mediud\u00eda hasta los 700 metros nel Cordal y los Picos d&#8217;Europa.\u00a0 La Delegaci\u00f3n del Gobiernu n&#8217;Asturies activ\u00f3 esti xueves la fase d&#8217;alerta del plan de viabilid\u00e1 ivernal nel puertu de Payares (N-630) y na AP-66, ente Asturies y Lle\u00f3n, nuna xornada na que l&#8217;Axencia Estatal de Meteorolox\u00eda [&hellip;]<\/p>\n","protected":false},"author":117,"featured_media":0,"comment_status":"open","ping_status":"open","sticky":false,"template":"","format":"standard","meta":{"footnotes":""},"categories":[5],"tags":[],"class_list":["post-43805","post","type-post","status-publish","format-standard","hentry","category-tiempu"],"_links":{"self":[{"href":"https:\/\/edublog.educastur.es\/ixuxu\/wp-json\/wp\/v2\/posts\/43805","targetHints":{"allow":["GET"]}}],"collection":[{"href":"https:\/\/edublog.educastur.es\/ixuxu\/wp-json\/wp\/v2\/posts"}],"about":[{"href":"https:\/\/edublog.educastur.es\/ixuxu\/wp-json\/wp\/v2\/types\/post"}],"author":[{"embeddable":true,"href":"https:\/\/edublog.educastur.es\/ixuxu\/wp-json\/wp\/v2\/users\/117"}],"replies":[{"embeddable":true,"href":"https:\/\/edublog.educastur.es\/ixuxu\/wp-json\/wp\/v2\/comments?post=43805"}],"version-history":[{"count":1,"href":"https:\/\/edublog.educastur.es\/ixuxu\/wp-json\/wp\/v2\/posts\/43805\/revisions"}],"predecessor-version":[{"id":43806,"href":"https:\/\/edublog.educastur.es\/ixuxu\/wp-json\/wp\/v2\/posts\/43805\/revisions\/43806"}],"wp:attachment":[{"href":"https:\/\/edublog.educastur.es\/ixuxu\/wp-json\/wp\/v2\/media?parent=43805"}],"wp:term":[{"taxonomy":"category","embeddable":true,"href":"https:\/\/edublog.educastur.es\/ixuxu\/wp-json\/wp\/v2\/categories?post=43805"},{"taxonomy":"post_tag","embeddable":true,"href":"https:\/\/edublog.educastur.es\/ixuxu\/wp-json\/wp\/v2\/tags?post=43805"}],"curies":[{"name":"wp","href":"https:\/\/api.w.org\/{rel}","templated":true}]}}