{"id":43807,"date":"2025-03-13T17:05:13","date_gmt":"2025-03-13T15:05:13","guid":{"rendered":"https:\/\/edublog.educastur.es\/ixuxu\/?p=43807"},"modified":"2025-03-15T11:07:18","modified_gmt":"2025-03-15T09:07:18","slug":"pink-la-cara-fosil-mas-antigua-deuropa","status":"publish","type":"post","link":"https:\/\/edublog.educastur.es\/ixuxu\/2025\/03\/pink-la-cara-fosil-mas-antigua-deuropa\/","title":{"rendered":"&#8216;Pink&#8217;, la cara f\u00f3sil m\u00e1s antigua d&#8217;Europa"},"content":{"rendered":"<ul>\n<li>Fonte: <a href=\"https:\/\/www.rtpa.es\/noticias-ciencia-ast\/2025-03-12\/'Pink',-la-cara-fosil-mas-antigua-d'Europa_111741811514.html\">RTPA<\/a> \/<\/li>\n<\/ul>\n<p style=\"text-align: center\"><a href=\"https:\/\/www.rtpa.es\/fotos\/\/25\/03\/20250312205642_RTPA6324289.webp\"><img loading=\"lazy\" decoding=\"async\" class=\"aligncenter size-large\" src=\"https:\/\/www.rtpa.es\/fotos\/\/25\/03\/20250312205642_RTPA6324289.webp\" width=\"853\" height=\"480\" \/><\/a><\/p>\n<p class=\"font-size-m padding-b-20 font-weight-b margin-t-16\"><strong>Una nueva especie d&#8217;home primitivu.\u00a0<\/strong><em>Atop\u00f3se n\u2019Atapuerca la cara f\u00f3sil m\u00e1s antigua d&#8217;Europa. Ye un afayu pervalible, que sup\u00f3n identificar una nueva especie d&#8217;home primitivu, que se remonta 1.400.000 a\u00f1os. La Universid\u00e1 d&#8217;Uvi\u00e9u participa na investigaci\u00f3n.<\/em><\/p>\n<p>Bautiz\u00f3se como &#8216;Pink&#8217;, pol color arrosao del fragmentu facial atop\u00e1u nel xacimientu burgal\u00e9s. Correspuende al<strong> hom\u00ednidu m\u00e1s antiguu d&#8217;Europa, una especie distinta y m\u00e1s primitiva que l\u2019homo antecesor<\/strong>. Esti afayu reinterpreta la cronolox\u00eda conocida hasta agora porque ruempe col paradigma sobre la primer ocupaci\u00f3n humana n&#8217;Europa.<\/p>\n<p><!--more--><\/p>\n<p>Son relevantes les ferramientes de piedra atopaes, sobre manera los artefactos fechos en cuarzu, analizaos pola Universid\u00e1 d&#8217;Uvi\u00e9u. Apurren claves sobre la so capacid\u00e1 d&#8217;adaptaci\u00f3n a la redolada<\/p>\n<p>Nos pr\u00f3ximos meses, los investigadores van siguir analizando estos resclavos pa confirmar dafechu que tamos ante una nueva especie.<\/p>\n<p>Esti f\u00f3sil abre un campu d&#8217;investigaci\u00f3n relevante sobro l&#8217;orixe, evoluci\u00f3n y diversid\u00e1 de los hom\u00ednidos y refuerza\u2019l papel d\u2019Atapuerca pa conocer la evoluci\u00f3n humana.<\/p>\n<p>&nbsp;<\/p>\n","protected":false},"excerpt":{"rendered":"<p>Fonte: RTPA \/ Una nueva especie d&#8217;home primitivu.\u00a0Atop\u00f3se n\u2019Atapuerca la cara f\u00f3sil m\u00e1s antigua d&#8217;Europa. Ye un afayu pervalible, que sup\u00f3n identificar una nueva especie d&#8217;home primitivu, que se remonta 1.400.000 a\u00f1os. La Universid\u00e1 d&#8217;Uvi\u00e9u participa na investigaci\u00f3n. Bautiz\u00f3se como &#8216;Pink&#8217;, pol color arrosao del fragmentu facial atop\u00e1u nel xacimientu burgal\u00e9s. Correspuende al hom\u00ednidu m\u00e1s [&hellip;]<\/p>\n","protected":false},"author":117,"featured_media":0,"comment_status":"open","ping_status":"open","sticky":false,"template":"","format":"standard","meta":{"footnotes":""},"categories":[380,59],"tags":[],"class_list":["post-43807","post","type-post","status-publish","format-standard","hentry","category-antropoloxia","category-rtpa"],"_links":{"self":[{"href":"https:\/\/edublog.educastur.es\/ixuxu\/wp-json\/wp\/v2\/posts\/43807","targetHints":{"allow":["GET"]}}],"collection":[{"href":"https:\/\/edublog.educastur.es\/ixuxu\/wp-json\/wp\/v2\/posts"}],"about":[{"href":"https:\/\/edublog.educastur.es\/ixuxu\/wp-json\/wp\/v2\/types\/post"}],"author":[{"embeddable":true,"href":"https:\/\/edublog.educastur.es\/ixuxu\/wp-json\/wp\/v2\/users\/117"}],"replies":[{"embeddable":true,"href":"https:\/\/edublog.educastur.es\/ixuxu\/wp-json\/wp\/v2\/comments?post=43807"}],"version-history":[{"count":1,"href":"https:\/\/edublog.educastur.es\/ixuxu\/wp-json\/wp\/v2\/posts\/43807\/revisions"}],"predecessor-version":[{"id":43808,"href":"https:\/\/edublog.educastur.es\/ixuxu\/wp-json\/wp\/v2\/posts\/43807\/revisions\/43808"}],"wp:attachment":[{"href":"https:\/\/edublog.educastur.es\/ixuxu\/wp-json\/wp\/v2\/media?parent=43807"}],"wp:term":[{"taxonomy":"category","embeddable":true,"href":"https:\/\/edublog.educastur.es\/ixuxu\/wp-json\/wp\/v2\/categories?post=43807"},{"taxonomy":"post_tag","embeddable":true,"href":"https:\/\/edublog.educastur.es\/ixuxu\/wp-json\/wp\/v2\/tags?post=43807"}],"curies":[{"name":"wp","href":"https:\/\/api.w.org\/{rel}","templated":true}]}}