{"id":43811,"date":"2025-03-15T09:30:42","date_gmt":"2025-03-15T07:30:42","guid":{"rendered":"https:\/\/edublog.educastur.es\/ixuxu\/?p=43811"},"modified":"2025-03-15T19:50:28","modified_gmt":"2025-03-15T17:50:28","slug":"activida-esperimenta-la-coeducacion","status":"publish","type":"post","link":"https:\/\/edublog.educastur.es\/ixuxu\/2025\/03\/activida-esperimenta-la-coeducacion\/","title":{"rendered":"Activida \u00abEsperimenta la coeducaci\u00f3n\u00bb"},"content":{"rendered":"<div class=\"html-div xdj266r xat24cr x1mh8g0r xexx8yu x4uap5 x18d9i69 xkhd6sd x78zum5 x2lah0s xqtp20y x1emribx\">\n<div class=\"xc9qbxq x14qfxbe x6s0dn4 x78zum5 xl56j7k\">\n<div class=\"\" style=\"text-align: center\"><a href=\"https:\/\/actualidad.asturias.es\/documents\/537115\/2434974\/cartel+dia+mujer+2025.jpeg\/32606045-feab-880a-3e16-f4cdf7be6dd7?t=1741974324990\"><img loading=\"lazy\" decoding=\"async\" class=\"aligncenter \" src=\"https:\/\/actualidad.asturias.es\/documents\/537115\/2434974\/cartel+dia+mujer+2025.jpeg\/32606045-feab-880a-3e16-f4cdf7be6dd7?t=1741974324990\" width=\"386\" height=\"499\" \/><\/a><\/div>\n<\/div>\n<\/div>\n<div class=\"x78zum5 xdt5ytf xz62fqu x16ldp7u\">\n<div class=\"xu06os2 x1ok221b\">\n<div class=\"html-div xdj266r x11i5rnm xat24cr x1mh8g0r xexx8yu x4uap5 x18d9i69 xkhd6sd\" data-ad-rendering-role=\"profile_name\">\n<ul>\n<li class=\"html-h3 x11i5rnm xat24cr x1mh8g0r xexx8yu x4uap5 x18d9i69 xkhd6sd x1vvkbs x1heor9g x1qlqyl8 x1pd3egz x1a2a7pz x1gslohp x1yc453h\"><span class=\"x1lliihq x6ikm8r x10wlt62 x1n2onr6\"><span class=\"xt0psk2\"><span class=\"xjp7ctv\"><a class=\"x1i10hfl xjbqb8w x1ejq31n xd10rxx x1sy0etr x17r0tee x972fbf xcfux6l x1qhh985 xm0m39n x9f619 x1ypdohk xt0psk2 xe8uvvx xdj266r x11i5rnm xat24cr x1mh8g0r xexx8yu x4uap5 x18d9i69 xkhd6sd x16tdsg8 x1hl2dhg xggy1nq x1a2a7pz xkrqix3 x1sur9pj xzsf02u x1s688f\" role=\"link\" href=\"https:\/\/www.facebook.com\/gobiernodeasturias?__cft__[0]=AZWBMhFWAy1uzUTSi_TekZqlahvzQDELomPY4nazxkMexaOCEyJUrgop08_2Ybs1R1ILlao9sUvTQruVdKXNgQF45yrVJfbnz4RqZGbaZWkzCldG0TOR1kIRbwFU6CYyF8v9HPMGkyl7h9oOGQv5wVZtrvEW_0VSBGpvvoTA7N4vLgIq_ZIQj0McCO70QLNziQs0RiauBfwElcLjBcOlhWVjK17mb1YftYtobYJoda6fMA&amp;__tn__=-UC%2CP-y-R\"><strong class=\"html-strong xdj266r x11i5rnm xat24cr x1mh8g0r xexx8yu x4uap5 x18d9i69 xkhd6sd x1hl2dhg x16tdsg8 x1vvkbs x1s688f\"><span class=\"html-span xdj266r x11i5rnm xat24cr x1mh8g0r xexx8yu x4uap5 x18d9i69 xkhd6sd x1hl2dhg x16tdsg8 x1vvkbs\">Principado de Asturias<\/span><\/strong><\/a><\/span><\/span> <\/span><span class=\"html-span xdj266r x11i5rnm xat24cr x1mh8g0r xexx8yu x4uap5 x18d9i69 xkhd6sd x1hl2dhg x16tdsg8 x1vvkbs\"><span class=\"html-span xdj266r x11i5rnm xat24cr x1mh8g0r xexx8yu x4uap5 x18d9i69 xkhd6sd x1hl2dhg x16tdsg8 x1vvkbs x4k7w5x x1h91t0o x1h9r5lt x1jfb8zj xv2umb2 x1beo9mf xaigb6o x12ejxvf x3igimt xarpa2k xedcshv x1lytzrv x1t2pt76 x7ja8zs x1qrby5j\"><span class=\"x1rg5ohu x6ikm8r x10wlt62 x16dsc37 xt0b8zv\" aria-labelledby=\"\u00abr3ne\u00bb\"><span class=\"xmper1u xt0psk2 xjb2p0i x1qlqyl8 x15bjb6t x1n2onr6 x17ihmo5 x1g77sc7\"><span class=\"xmper1u x1qlqyl8 x1r8a4m5 x1n2onr6 x17ihmo5 xgeagd7 rrhKlDAH orhKlDAE prhKlDAF yrhKlDzY bdqR cdqS ddqT udra\">\/<a href=\"https:\/\/scontent-mad1-1.xx.fbcdn.net\/v\/t39.30808-6\/480473995_955918456712121_2319333930790699691_n.jpg?_nc_cat=102&amp;ccb=1-7&amp;_nc_sid=127cfc&amp;_nc_ohc=4zQhUTOhPjEQ7kNvgFkiSVB&amp;_nc_oc=Adh2IAdMWbQkxC2UTAOHRM4Y6TSVe7mLdm1rh2rYhCLVh07EVwvn1QjoYsskWHoSbrI&amp;_nc_zt=23&amp;_nc_ht=scontent-mad1-1.xx&amp;_nc_gid=WSQ0T5Cw9dXsVaFanDiGgg&amp;oh=00_AYF1uJFHxlKEct_0oWLDfO8_xDbbkanp23m3uK9FvKxWpQ&amp;oe=67DB1DC1\"> cartelu<\/a> \/ <a href=\"https:\/\/goo.su\/6AQR9\">https:\/\/goo.su\/6AQR9<\/a><br \/>\n<\/span><\/span><\/span><\/span><\/span><\/li>\n<\/ul>\n<\/div>\n<\/div>\n<\/div>\n<div class=\"html-div xdj266r x11i5rnm xat24cr x1mh8g0r xexx8yu x4uap5 x18d9i69 xkhd6sd\" dir=\"auto\">\n<div class=\"html-div xdj266r x11i5rnm xat24cr x1mh8g0r xexx8yu x4uap5 x18d9i69 xkhd6sd\" dir=\"auto\">\n<div class=\"html-div xdj266r x11i5rnm xat24cr x1mh8g0r xexx8yu x4uap5 x18d9i69 xkhd6sd\" data-ad-rendering-role=\"story_message\">\n<div class=\"x1l90r2v x1iorvi4 x1ye3gou xn6708d\" data-ad-comet-preview=\"message\" data-ad-preview=\"message\">\n<div class=\"x78zum5 xdt5ytf xz62fqu x16ldp7u\">\n<div class=\"xu06os2 x1ok221b\">\n<div class=\"xdj266r x11i5rnm xat24cr x1mh8g0r x1vvkbs x126k92a\">\n<div dir=\"auto\"><span class=\"html-span xexx8yu x4uap5 x18d9i69 xkhd6sd x1hl2dhg x16tdsg8 x1vvkbs x3nfvp2 x1j61x8r x1fcty0u xdj266r xat24cr xgzva0m xhhsvwb xxymvpz xlup9mm x1kky2od\"><img loading=\"lazy\" decoding=\"async\" class=\"xz74otr x168nmei x13lgxp2 x5pf9jr xo71vjh\" src=\"https:\/\/static.xx.fbcdn.net\/images\/emoji.php\/v9\/t7d\/1\/16\/1f7e3.png\" alt=\"\ud83d\udfe3\" width=\"16\" height=\"16\" \/><\/span><span class=\"html-span xexx8yu x4uap5 x18d9i69 xkhd6sd x1hl2dhg x16tdsg8 x1vvkbs x3nfvp2 x1j61x8r x1fcty0u xdj266r xat24cr xgzva0m xhhsvwb xxymvpz xlup9mm x1kky2od\"> El Princip\u00e1u entama na plaza del Font\u00e1n d&#8217;Uvi\u00e9u <strong>un aula al campu d&#8217;educaci\u00f3n n&#8217;iguald\u00e1.<\/strong> L&#8217;activid\u00e1 <span style=\"text-decoration: underline\"><strong><span style=\"color: #008080;text-decoration: underline\">Esperimenta la coeducaci\u00f3n<\/span><\/strong><\/span> va desenvolvese n&#8217;horariu de ma\u00f1ana y forma parte de la programaci\u00f3n pel D\u00eda Internacional de les Muyeres 8M qu&#8217;angua\u00f1o pon l&#8217;acentu na educaci\u00f3n n&#8217;<strong>iguald\u00e1 como ferramienta clave para prevenir la violencia sexista y combatir la desiguald\u00e1 dende la escuela.<\/strong><\/span><\/div>\n<div dir=\"auto\"><!--more--><\/div>\n<div dir=\"auto\">\n<p>La directora xeneral d&#8217;Iguald\u00e1, Mar\u00eda Jes\u00fas \u00c1lvarez, va participar nesti espaciu interactivu con<strong> actividaes coeducatives coles mires de dar a conocer exemplos concretos de c\u00f3mo s&#8217;aplica la coeducaci\u00f3n nes aules<\/strong>.<\/p>\n<p>Mientres la ma\u00f1ana, una profesora bien particular va percorrer la plaza uvieina animando a la ciudadan\u00eda a sumase a distintes din\u00e1miques que ponen el focu na educaci\u00f3n n&#8217;iguald\u00e1. Nun espaciu dise\u00f1\u00e1u para la ocasi\u00f3n, les persones asistentes van poder vivir esperiencies coeducatives de forma l\u00fadica y did\u00e1ctica. En casu d&#8217;agua, l&#8217;activid\u00e1 va treslladar a la Biblioteca P\u00fablica Ram\u00f3n P\u00e9rez d&#8217;Ayala.<\/p>\n<p>Ente les propuestes destaquen la posibilid\u00e1 de somorguiase nos cuadros de dos grandes maestres del arte, Maruxa Mallo y Carolina del Castillo. Coles mesmes, podr\u00e1n resolvese cosadielles con una perspectiva d&#8217;educaci\u00f3n n&#8217;iguald\u00e1 o r<strong>indir homenaxe a muyeres que fueron referentes nel nuesu d\u00eda ente d\u00eda.<\/strong> Estes actividaes van tar dinamizaes pola empresa cultural <strong>C\u00fantame un cuadru<\/strong>, que va averar la coeducaci\u00f3n d&#8217;una manera interactiva y creativa.<\/p>\n<p style=\"text-align: center\">\n<!-- iframe plugin v.6.0 wordpress.org\/plugins\/iframe\/ -->\n<iframe loading=\"lazy\" src=\"https:\/\/www.facebook.com\/plugins\/post.php?href=https%3A%2F%2Fwww.facebook.com%2Fphoto.php%3Ffbid%3D956555819981718%26set%3Da.229758265994814%26type%3D3&#038;show_text=false&#038;width=500\" width=\"500\" height=\"747\" style=\"border:none;overflow:hidden\" scrolling=\"no\" frameborder=\"0\" allowfullscreen=\"true\" allow=\"autoplay; clipboard-write; encrypted-media; picture-in-picture; web-share\" 0=\"\/iframe\" class=\"iframe-class\"><\/iframe>\n<\/p>\n<\/div>\n<\/div>\n<\/div>\n<\/div>\n<\/div>\n<\/div>\n<\/div>\n<\/div>\n<p>&nbsp;<\/p>\n","protected":false},"excerpt":{"rendered":"<p>Principado de Asturias \/ cartelu \/ https:\/\/goo.su\/6AQR9 El Princip\u00e1u entama na plaza del Font\u00e1n d&#8217;Uvi\u00e9u un aula al campu d&#8217;educaci\u00f3n n&#8217;iguald\u00e1. L&#8217;activid\u00e1 Esperimenta la coeducaci\u00f3n va desenvolvese n&#8217;horariu de ma\u00f1ana y forma parte de la programaci\u00f3n pel D\u00eda Internacional de les Muyeres 8M qu&#8217;angua\u00f1o pon l&#8217;acentu na educaci\u00f3n n&#8217;iguald\u00e1 como ferramienta clave para prevenir la [&hellip;]<\/p>\n","protected":false},"author":117,"featured_media":0,"comment_status":"open","ping_status":"open","sticky":false,"template":"","format":"standard","meta":{"footnotes":""},"categories":[137,121],"tags":[],"class_list":["post-43811","post","type-post","status-publish","format-standard","hentry","category-igualda","category-muyeres"],"_links":{"self":[{"href":"https:\/\/edublog.educastur.es\/ixuxu\/wp-json\/wp\/v2\/posts\/43811","targetHints":{"allow":["GET"]}}],"collection":[{"href":"https:\/\/edublog.educastur.es\/ixuxu\/wp-json\/wp\/v2\/posts"}],"about":[{"href":"https:\/\/edublog.educastur.es\/ixuxu\/wp-json\/wp\/v2\/types\/post"}],"author":[{"embeddable":true,"href":"https:\/\/edublog.educastur.es\/ixuxu\/wp-json\/wp\/v2\/users\/117"}],"replies":[{"embeddable":true,"href":"https:\/\/edublog.educastur.es\/ixuxu\/wp-json\/wp\/v2\/comments?post=43811"}],"version-history":[{"count":4,"href":"https:\/\/edublog.educastur.es\/ixuxu\/wp-json\/wp\/v2\/posts\/43811\/revisions"}],"predecessor-version":[{"id":43813,"href":"https:\/\/edublog.educastur.es\/ixuxu\/wp-json\/wp\/v2\/posts\/43811\/revisions\/43813"}],"wp:attachment":[{"href":"https:\/\/edublog.educastur.es\/ixuxu\/wp-json\/wp\/v2\/media?parent=43811"}],"wp:term":[{"taxonomy":"category","embeddable":true,"href":"https:\/\/edublog.educastur.es\/ixuxu\/wp-json\/wp\/v2\/categories?post=43811"},{"taxonomy":"post_tag","embeddable":true,"href":"https:\/\/edublog.educastur.es\/ixuxu\/wp-json\/wp\/v2\/tags?post=43811"}],"curies":[{"name":"wp","href":"https:\/\/api.w.org\/{rel}","templated":true}]}}