{"id":43815,"date":"2025-03-15T11:00:37","date_gmt":"2025-03-15T09:00:37","guid":{"rendered":"https:\/\/edublog.educastur.es\/ixuxu\/?p=43815"},"modified":"2025-03-15T12:37:11","modified_gmt":"2025-03-15T10:37:11","slug":"llaboral-centru-darte-y-creacion-industrial-publica-la-convocatoria-pa-cubrir-el-puestu-de-direccion","status":"publish","type":"post","link":"https:\/\/edublog.educastur.es\/ixuxu\/2025\/03\/llaboral-centru-darte-y-creacion-industrial-publica-la-convocatoria-pa-cubrir-el-puestu-de-direccion\/","title":{"rendered":"LLABoral Centru d\u2019Arte y Creaci\u00f3n Industrial publica la convocatoria pa cubrir el puestu de direcci\u00f3n"},"content":{"rendered":"<div class=\"description\">\n<p style=\"text-align: center\"><a href=\"https:\/\/actualidad.asturias.es\/documents\/537115\/2434311\/laboral+1.jpeg\/95a68c8e-0ed8-9c86-664c-8c1823abddbd?t=1741956169974\"><img loading=\"lazy\" decoding=\"async\" class=\"aligncenter \" src=\"https:\/\/actualidad.asturias.es\/documents\/537115\/2434311\/laboral+1.jpeg\/95a68c8e-0ed8-9c86-664c-8c1823abddbd?t=1741956169974\" width=\"381\" height=\"286\" \/><\/a><\/p>\n<p><a href=\"https:\/\/laboralcentrodearte.org\/es\/\"><span style=\"color: #008080\"><strong>LLABoral Centru d\u2019Arte y Creaci\u00f3n Industrial<\/strong><\/span><\/a> publica la convocatoria pa cubrir el puestu de direcci\u00f3n. L\u2019organismu busca escoyer, al travi\u00e9s d\u2019un xur\u00e1u especializ\u00e1u, <strong>un perfil innovador pa liderar la so programaci\u00f3n art\u00edstica<\/strong> y la xesti\u00f3n organizativa. El procesu busca garantizar la idoneid\u00e1 de la persona escoyida, baxo los <strong>principios d\u2019iguald\u00e1, m\u00e9ritu y capacid\u00e1.<\/strong><\/p>\n<p><!--more--><\/p>\n<p>Llaboral Centru d\u2019Arte y Creaci\u00f3n Industrial public\u00f3 g\u00fcei la convocatoria pa cubrir el puestu de direcci\u00f3n. Les persones interesaes pueden presentar la candidatura hasta\u2019l 5 de mayu. El procesu busca garantizar la idoneid\u00e1 de la persona escoyida, baxo los principios d\u2019iguald\u00e1, m\u00e9ritu y capacid\u00e1. La comisi\u00f3n cient\u00edfica va tener un pesu decisivu nel procesu de selecci\u00f3n, que se divide en tr\u00e9s fases.<\/p>\n<p>La convocatoria ta abierta a profesionales con esperiencia en xesti\u00f3n cultural y direcci\u00f3n art\u00edstica, con conocencia sobre les pr\u00e1ctiques art\u00edstiques contempor\u00e1nees, captaci\u00f3n de recursos econ\u00f3micos y desenvolvimientu de proyectos en redes locales, nacionales y internacionales.<\/p>\n<p>L\u2019anunciu public\u00f3se esta mesma selmana, como adelantara la presidenta del patronatu de la fundaci\u00f3n y conseyera de Cultura, Pol\u00edtica Lling\u00fc\u00edstica y Deporte, Vanessa Guti\u00e9rrez, na Xunta Xeneral. El Princip\u00e1u reafirma asina\u2019l so compromisu cola tresparencia y la escelencia na xesti\u00f3n cultural, am\u00e1s d\u2019apostar por un lideratu que refuercie\u2019l papel del centru nel panorama art\u00edsticu nacional y internacional.<\/p>\n<p>El puestu, que\u00a0 se va cubrir pente medies d\u2019un contratu llaboral d\u2019alta direcci\u00f3n pa un periodu de cinco a\u00f1os prorrogables, sup\u00f3n la responsabilid\u00e1 m\u00e1xima na xesti\u00f3n y programaci\u00f3n de la instituci\u00f3n. Les funciones incluyen la direcci\u00f3n art\u00edstica y la xesti\u00f3n econ\u00f3mica y organizativa, en coordinaci\u00f3n col patronatu y la comisi\u00f3n executiva.<\/p>\n<p>Les persones candidates han cuntar con una titulaci\u00f3n universitaria vinculada a la xesti\u00f3n cultural o les pr\u00e1ctiques art\u00edstiques contemporanees, am\u00e1s d\u2019una esperiencia acreitable de lo menos cinco a\u00f1os. Am\u00e1s, establezse como condici\u00f3n la conocencia del contestu art\u00edsticu d\u2019Asturies, am\u00e1s d\u2019un nivel altu de castellanu y ingl\u00e9s.<\/p>\n<p>El procesu selectivu consta de tr\u00e9s fases: valoraci\u00f3n de m\u00e9ritos, presentaci\u00f3n d\u2019un proyectu de direcci\u00f3n y una entrevista. Toles etapes van tar tutelaes por un xur\u00e1u altamente cualific\u00e1u, compuestu por dos miembros del patronatu de la fundaci\u00f3n, tr\u00e9s integrantes de la comisi\u00f3n cient\u00edfica, una persona esterna con esperiencia en direcci\u00f3n art\u00edstica nuna instituci\u00f3n cultural allegada a Llaboral y un secretariu con voz, pero ensin votu.<\/p>\n<p>Los nomes de les persones integrantes del xur\u00e1u van dase a conocer enantes d\u2019empezar el procesu selectivu. Esta estructura garantiza una evaluaci\u00f3n rigorosa y oxetiva de les candidatures, al empar que va asegurar que la persona escoyida cumpla colos est\u00e1ndares m\u00e1s altos de competencia y visi\u00f3n estrat\u00e9xica pa dirixir l\u2019organismu.<\/p>\n<p><strong>Importancia de la comisi\u00f3n cient\u00edfica<\/strong><\/p>\n<p>La comisi\u00f3n cient\u00edfica del centru desempe\u00f1\u00f3 un papel fundamental na ellaboraci\u00f3n de les bases y criterios de selecci\u00f3n de la convocatoria, cola mira d\u2019asegurar que\u2019l perfil solicit\u00e1u respuenda a les necesidaes y oxetivos estrat\u00e9xicos del centru. Esti \u00f3rganu viose fortalec\u00edu apocay\u00e1 cola incorporaci\u00f3n de figures destacaes nos campos de la cultura y la sostenibilid\u00e1, como Brenda Ch\u00e1vez y Bel\u00e9n \u00c1lvarez Cabrera, y de profesionales prestixosos de la xesti\u00f3n cultural como Blanca de la Torre y Bartomeu Mar\u00ed.<\/p>\n<p>La diversid\u00e1 de perfiles na comisi\u00f3n cient\u00edfica muestra\u2019l compromisu de Llaboral cola innovaci\u00f3n, el pensamientu cr\u00edticu y la intersecci\u00f3n ente arte, ciencia y tecnolox\u00eda, asegurando una visi\u00f3n multidisciplinar nel desenvolvimientu del centru.<\/p>\n<p>La informaci\u00f3n detallada sobre\u2019l procesu de selecci\u00f3n, requisitos y bases completes de la convocatoria t\u00e1n disponibles na p\u00e1xina web de Llaboral Centru d\u2019Arte (www.laboralcentrodearte.org), nesti enllaz: https:\/\/laboralcentrodearte.org\/ye\/convocatories\/convocatoria-plaza-direccion\/<\/p>\n<p>Llaboral Centru d\u2019Arte y Creaci\u00f3n Industrial, inaugur\u00e1u nel 2007 en Xix\u00f3n, ye un espaciu de referencia pa la creaci\u00f3n que suma arte, ciencia y tecnolox\u00eda. La so programaci\u00f3n multidisciplinar abarca esposiciones, talleres, programes educativos y actividaes que fomenten la conocencia y l\u2019accesu a ferramientes innovadores pa la comunid\u00e1 art\u00edstica y el p\u00fablicu xeneral.<\/p>\n<\/div>\n<p>&nbsp;<\/p>\n","protected":false},"excerpt":{"rendered":"<p>LLABoral Centru d\u2019Arte y Creaci\u00f3n Industrial publica la convocatoria pa cubrir el puestu de direcci\u00f3n. L\u2019organismu busca escoyer, al travi\u00e9s d\u2019un xur\u00e1u especializ\u00e1u, un perfil innovador pa liderar la so programaci\u00f3n art\u00edstica y la xesti\u00f3n organizativa. El procesu busca garantizar la idoneid\u00e1 de la persona escoyida, baxo los principios d\u2019iguald\u00e1, m\u00e9ritu y capacid\u00e1.<\/p>\n","protected":false},"author":117,"featured_media":0,"comment_status":"open","ping_status":"open","sticky":false,"template":"","format":"standard","meta":{"footnotes":""},"categories":[89,15],"tags":[],"class_list":["post-43815","post","type-post","status-publish","format-standard","hentry","category-arte","category-museos"],"_links":{"self":[{"href":"https:\/\/edublog.educastur.es\/ixuxu\/wp-json\/wp\/v2\/posts\/43815","targetHints":{"allow":["GET"]}}],"collection":[{"href":"https:\/\/edublog.educastur.es\/ixuxu\/wp-json\/wp\/v2\/posts"}],"about":[{"href":"https:\/\/edublog.educastur.es\/ixuxu\/wp-json\/wp\/v2\/types\/post"}],"author":[{"embeddable":true,"href":"https:\/\/edublog.educastur.es\/ixuxu\/wp-json\/wp\/v2\/users\/117"}],"replies":[{"embeddable":true,"href":"https:\/\/edublog.educastur.es\/ixuxu\/wp-json\/wp\/v2\/comments?post=43815"}],"version-history":[{"count":2,"href":"https:\/\/edublog.educastur.es\/ixuxu\/wp-json\/wp\/v2\/posts\/43815\/revisions"}],"predecessor-version":[{"id":43817,"href":"https:\/\/edublog.educastur.es\/ixuxu\/wp-json\/wp\/v2\/posts\/43815\/revisions\/43817"}],"wp:attachment":[{"href":"https:\/\/edublog.educastur.es\/ixuxu\/wp-json\/wp\/v2\/media?parent=43815"}],"wp:term":[{"taxonomy":"category","embeddable":true,"href":"https:\/\/edublog.educastur.es\/ixuxu\/wp-json\/wp\/v2\/categories?post=43815"},{"taxonomy":"post_tag","embeddable":true,"href":"https:\/\/edublog.educastur.es\/ixuxu\/wp-json\/wp\/v2\/tags?post=43815"}],"curies":[{"name":"wp","href":"https:\/\/api.w.org\/{rel}","templated":true}]}}