{"id":43819,"date":"2025-03-15T12:42:53","date_gmt":"2025-03-15T10:42:53","guid":{"rendered":"https:\/\/edublog.educastur.es\/ixuxu\/?p=43819"},"modified":"2025-03-15T18:41:24","modified_gmt":"2025-03-15T16:41:24","slug":"la-escandalera-va-tener-una-escalinata-frente-al-campoamor","status":"publish","type":"post","link":"https:\/\/edublog.educastur.es\/ixuxu\/2025\/03\/la-escandalera-va-tener-una-escalinata-frente-al-campoamor\/","title":{"rendered":"La Escandalera va tener una escalinata frente al Campoamor"},"content":{"rendered":"<p style=\"text-align: center\"><a href=\"https:\/\/s1.ppllstatics.com\/elcomercio\/www\/multimedia\/2025\/03\/14\/103204349.jpg\"><img loading=\"lazy\" decoding=\"async\" class=\"aligncenter \" src=\"https:\/\/s1.ppllstatics.com\/elcomercio\/www\/multimedia\/2025\/03\/14\/103204349.jpg\" width=\"774\" height=\"415\" \/><\/a> <span style=\"color: #008080\"><em>Una infograf\u00eda del anteproyectu de la reforma de la Escandalera.<\/em><\/span><\/p>\n<p style=\"text-align: center\">\nLa Escandalera va tener una escalinata frente al Campoamor que va sirvir de grader\u00edu de los Premios Princesa. L&#8217;alcalde, Alfredo Canteli, anuncia que y\u00e1 hai tr\u00e9s empreses comenenciudes en realizar la obra, que va convertir la plaza nel sal\u00f3n urbanu d&#8217;Uvi\u00e9u\u00bb<\/p>\n<ul>\n<li>Fonte: <a href=\"https:\/\/www.elcomercio.es\/oviedo\/escandalera-escalinata-frente-campoamor-servira-graderio-premios-20250315220558-nt.html\">El Comercio<\/a> \/<\/li>\n<\/ul>\n<p><!--more--><\/p>\n<p>&nbsp;<\/p>\n","protected":false},"excerpt":{"rendered":"<p>Una infograf\u00eda del anteproyectu de la reforma de la Escandalera. La Escandalera va tener una escalinata frente al Campoamor que va sirvir de grader\u00edu de los Premios Princesa. L&#8217;alcalde, Alfredo Canteli, anuncia que y\u00e1 hai tr\u00e9s empreses comenenciudes en realizar la obra, que va convertir la plaza nel sal\u00f3n urbanu d&#8217;Uvi\u00e9u\u00bb Fonte: El Comercio \/<\/p>\n","protected":false},"author":117,"featured_media":0,"comment_status":"open","ping_status":"open","sticky":false,"template":"","format":"standard","meta":{"footnotes":""},"categories":[33],"tags":[],"class_list":["post-43819","post","type-post","status-publish","format-standard","hentry","category-uvieu"],"_links":{"self":[{"href":"https:\/\/edublog.educastur.es\/ixuxu\/wp-json\/wp\/v2\/posts\/43819","targetHints":{"allow":["GET"]}}],"collection":[{"href":"https:\/\/edublog.educastur.es\/ixuxu\/wp-json\/wp\/v2\/posts"}],"about":[{"href":"https:\/\/edublog.educastur.es\/ixuxu\/wp-json\/wp\/v2\/types\/post"}],"author":[{"embeddable":true,"href":"https:\/\/edublog.educastur.es\/ixuxu\/wp-json\/wp\/v2\/users\/117"}],"replies":[{"embeddable":true,"href":"https:\/\/edublog.educastur.es\/ixuxu\/wp-json\/wp\/v2\/comments?post=43819"}],"version-history":[{"count":3,"href":"https:\/\/edublog.educastur.es\/ixuxu\/wp-json\/wp\/v2\/posts\/43819\/revisions"}],"predecessor-version":[{"id":43870,"href":"https:\/\/edublog.educastur.es\/ixuxu\/wp-json\/wp\/v2\/posts\/43819\/revisions\/43870"}],"wp:attachment":[{"href":"https:\/\/edublog.educastur.es\/ixuxu\/wp-json\/wp\/v2\/media?parent=43819"}],"wp:term":[{"taxonomy":"category","embeddable":true,"href":"https:\/\/edublog.educastur.es\/ixuxu\/wp-json\/wp\/v2\/categories?post=43819"},{"taxonomy":"post_tag","embeddable":true,"href":"https:\/\/edublog.educastur.es\/ixuxu\/wp-json\/wp\/v2\/tags?post=43819"}],"curies":[{"name":"wp","href":"https:\/\/api.w.org\/{rel}","templated":true}]}}