{"id":43824,"date":"2025-03-14T18:30:45","date_gmt":"2025-03-14T16:30:45","guid":{"rendered":"https:\/\/edublog.educastur.es\/ixuxu\/?p=43824"},"modified":"2025-03-16T22:06:55","modified_gmt":"2025-03-16T20:06:55","slug":"inauguracion-de-la-benefica-en-pilona","status":"publish","type":"post","link":"https:\/\/edublog.educastur.es\/ixuxu\/2025\/03\/inauguracion-de-la-benefica-en-pilona\/","title":{"rendered":"Inauguraci\u00f3n de La Ben\u00e9fica en Pilo\u00f1a"},"content":{"rendered":"<p style=\"text-align: center\"><a href=\"https:\/\/labenefica.org\/wp-content\/uploads\/2021\/10\/Proyecto-1.jpg\"><img loading=\"lazy\" decoding=\"async\" class=\"aligncenter \" src=\"https:\/\/labenefica.org\/wp-content\/uploads\/2021\/10\/Proyecto-1.jpg\" width=\"690\" height=\"268\" \/><\/a><\/p>\n<ul>\n<li><a href=\"https:\/\/www.facebook.com\/reel\/1573784626509305\">Reel 1<\/a> \/\u00a0<strong>La Ben\u00e9fica<\/strong>:\u00a0 <a href=\"https:\/\/www.instagram.com\/la_benefica_pilona\">IG<\/a> \/ <a href=\"https:\/\/labenefica.org\/agenda\"><strong>Axenda<\/strong> <\/a>\/ <a href=\"https:\/\/labenefica.org\/colabora\/?fbclid=PAZXh0bgNhZW0CMTEAAaaBR_jdiUj-g-Iyng6dmxwToDu7pA2T7nyBGQXO3UiHjS1uRjV7VMLZH9k_aem_Js88DDNJ67bttohNwUruJg\">Collabora <\/a>\/<a href=\"https:\/\/www.facebook.com\/fielatoynora\/videos\/964167372464728\"> videu El Fielato<\/a> \/ <a href=\"https:\/\/www.elfielato.es\/articulo\/comarca-picos-de-europa\/brindis-sidreru-benefica-rodrigo-cuevas\/20250315131710076653.html?utm_medium=social&amp;utm_source=facebook&amp;utm_campaign=share_button&amp;fbclid=IwY2xjawJEDd9leHRuA2FlbQIxMQABHatzfx9X9UW4V3IHu_bvOKEzRmMMUetpAW3P-Kr0OZv53udEeWW8iOnH5Q_aem_pc75xxVSTgOM9h82OsU7qA\">El Fielato<\/a> \/<\/li>\n<\/ul>\n<p class=\"_ap3a _aaco _aacu _aacx _aad7 _aade\" dir=\"auto\">Dix\u00edmosvos qu\u2019acutarais la fecha del 15 de marzu y equ\u00ed ta\u2019l motivu. El 15 de marzu reabre La Ben\u00e9fica per tolo alto, una fecha que coincide, am\u00e1s, col\u2019Antroxu en Pilo\u00f1a \ud83c\udfad\ud83d\udc6f\u200d\u2640\ufe0f <strong>Antroxu en Danza + Reapertura.<\/strong> Reabrimos nuestras puertas con un<b>\u00a0Antroxu en Danza<\/b>. Tendremos un d\u00eda completo de actividades (talleres, fabada popular, desfile\u2026)\u00a0gracias a la colaboraci\u00f3n de diferentes asociaciones del pueblo, como<b><a href=\"https:\/\/www.facebook.com\/RiuFontoria\/\">\u00a0Riu Fontoria<\/a>,\u00a0<\/b><a href=\"https:\/\/www.lakadarma.com\/escuela-de-m%C3%BAsica-tradicional-lakadarma\/\"><b>LaKadarma<\/b><\/a>\u00a0y\u00a0<a href=\"https:\/\/elprial.com\/\"><b>El Prial<\/b><\/a>.<\/p>\n<p dir=\"auto\" style=\"text-align: center\">\n<!-- iframe plugin v.6.0 wordpress.org\/plugins\/iframe\/ -->\n<iframe loading=\"lazy\" src=\"https:\/\/www.facebook.com\/plugins\/video.php?height=314&#038;href=https%3A%2F%2Fwww.facebook.com%2Ffielatoynora%2Fvideos%2F964167372464728%2F&#038;show_text=false&#038;width=560&#038;t=0\" width=\"560\" height=\"314\" style=\"border:none;overflow:hidden\" scrolling=\"no\" frameborder=\"0\" allowfullscreen=\"true\" allow=\"autoplay; clipboard-write; encrypted-media; picture-in-picture; web-share\" 0=\"\/iframe\" class=\"iframe-class\"><\/iframe>\n<\/p>\n<p dir=\"auto\"><!--more--><\/p>\n<p style=\"text-align: center\">\n<!-- iframe plugin v.6.0 wordpress.org\/plugins\/iframe\/ -->\n<iframe loading=\"lazy\" src=\"https:\/\/www.instagram.com\/reel\/DHMJXgDMa7K\/embed\" width=\"400\" height=\"550\" 0=\"\/iframe\" scrolling=\"yes\" class=\"iframe-class\" frameborder=\"0\"><\/iframe>\n<\/p>\n<div class=\"html-div xdj266r xat24cr x1mh8g0r xexx8yu x4uap5 x18d9i69 xkhd6sd x78zum5 x2lah0s xqtp20y x1emribx\">\n<div class=\"xc9qbxq x14qfxbe x6s0dn4 x78zum5 xl56j7k\">\n<div class=\"\"><\/div>\n<\/div>\n<\/div>\n<div class=\"x78zum5 xdt5ytf xz62fqu x16ldp7u\">\n<div class=\"xu06os2 x1ok221b\">\n<div class=\"html-div xdj266r x11i5rnm xat24cr x1mh8g0r xexx8yu x4uap5 x18d9i69 xkhd6sd\" data-ad-rendering-role=\"profile_name\">\n<ul>\n<li class=\"html-h3 x11i5rnm xat24cr x1mh8g0r xexx8yu x4uap5 x18d9i69 xkhd6sd x1vvkbs x1heor9g x1qlqyl8 x1pd3egz x1a2a7pz x1gslohp x1yc453h\"><span class=\"x1lliihq x6ikm8r x10wlt62 x1n2onr6\"><span class=\"xt0psk2\"><span class=\"xjp7ctv\"><a class=\"x1i10hfl xjbqb8w x1ejq31n xd10rxx x1sy0etr x17r0tee x972fbf xcfux6l x1qhh985 xm0m39n x9f619 x1ypdohk xt0psk2 xe8uvvx xdj266r x11i5rnm xat24cr x1mh8g0r xexx8yu x4uap5 x18d9i69 xkhd6sd x16tdsg8 x1hl2dhg xggy1nq x1a2a7pz xkrqix3 x1sur9pj xzsf02u x1s688f\" role=\"link\" href=\"https:\/\/www.facebook.com\/miGijonFB?__cft__[0]=AZXwwXAReJY6SQWEo78Dho_wqK_bpgZqmQ_w_HHubU6FMiysjVFxOPBGRhE5ho2DdOTqBa_iJfdzfXk1rPHjDG4DP_UMrFvUCgr3fhT8iSZbUOKpOMkvwzYArv9COd16NNTZmx8H-FLaNdK9HEi8UeYAivdlrnSJWh4UpEVUJZo8eMMcaFMroB2JhDDfY3if4LbHJn_iO3KdzOQdQQxSSha-tpg46nGnN9CtknF_vwc9AA&amp;__tn__=-UC%2CP-y-R\"><strong class=\"html-strong xdj266r x11i5rnm xat24cr x1mh8g0r xexx8yu x4uap5 x18d9i69 xkhd6sd x1hl2dhg x16tdsg8 x1vvkbs x1s688f\"><span class=\"html-span xdj266r x11i5rnm xat24cr x1mh8g0r xexx8yu x4uap5 x18d9i69 xkhd6sd x1hl2dhg x16tdsg8 x1vvkbs\">migijon.com &#8211; Tu diario digital gratuito<\/span><\/strong><\/a><\/span><\/span><\/span>\/ <a href=\"https:\/\/migijon.com\/el-sueno-de-unos-locos-que-recupero-el-antiguo-teatro-de-infiesto-la-benefica-reabre-sus-puertas\/?fbclid=IwY2xjawJCoOFleHRuA2FlbQIxMAABHQwfQDmqXBcJAW07TE7tTByVCrJu1_G__h7poshjJyiNbQboEj0Npcgpdg_aem_aWCaL0CnUJjMWBnpnsI57A\">art\u00edculu<\/a><\/li>\n<\/ul>\n<\/div>\n<\/div>\n<\/div>\n<div class=\"html-div xdj266r x11i5rnm xat24cr x1mh8g0r xexx8yu x4uap5 x18d9i69 xkhd6sd\" dir=\"auto\">\n<div class=\"html-div xdj266r x11i5rnm xat24cr x1mh8g0r xexx8yu x4uap5 x18d9i69 xkhd6sd\" data-ad-rendering-role=\"story_message\">\n<div class=\"x1l90r2v x1iorvi4 x1ye3gou xn6708d\" data-ad-comet-preview=\"message\" data-ad-preview=\"message\">\n<div class=\"x78zum5 xdt5ytf xz62fqu x16ldp7u\">\n<div class=\"xu06os2 x1ok221b\">\n<div class=\"xdj266r x11i5rnm xat24cr x1mh8g0r x1vvkbs x126k92a\">\n<div dir=\"auto\">Rodrigo Cuevas y el restu de socios que fixeron posible la reapertura del espaciu compart\u00eden esti vienres les sensaciones tres \u00abenforma barrer\u00bb pa llegar a una reapertura que se va celebrar esti s\u00e1badu per tolo alto.<\/div>\n<div dir=\"auto\"><\/div>\n<div dir=\"auto\" style=\"text-align: center\">\n<p><a href=\"https:\/\/migijon.com\/wp-content\/uploads\/2025\/03\/484280946_17920064445061740_3183862908124005046_n.jpg\"><img loading=\"lazy\" decoding=\"async\" class=\"aligncenter \" src=\"https:\/\/migijon.com\/wp-content\/uploads\/2025\/03\/484280946_17920064445061740_3183862908124005046_n.jpg\" width=\"605\" height=\"605\" \/><\/a><\/p>\n<p style=\"text-align: left\">La recuperaci\u00f3n del teatru busca revitalizar la zona rural, combatir la despoblaci\u00f3n y fomentar esa interacci\u00f3n interxeneracional tan necesaria al travi\u00e9s de la cultura.<em> \u00abEsto yera una ruina, diba cayer. Pero tol mundu arim\u00f3 enforma&#8217;l costazu y, adulces, sali\u00f3 adelantre\u00bb<\/em>, recordaba l&#8217;artista asturianu.<\/p>\n<p><a href=\"https:\/\/www.elfielato.es\/asset\/thumbnail,1920,1080,center,center\/media\/elfielato\/images\/2025\/03\/15\/2025031513121242746.jpg\"><img loading=\"lazy\" decoding=\"async\" class=\"aligncenter size-large\" src=\"https:\/\/www.elfielato.es\/asset\/thumbnail,1920,1080,center,center\/media\/elfielato\/images\/2025\/03\/15\/2025031513121242746.jpg\" width=\"1000\" height=\"667\" \/><\/a><\/p>\n<p style=\"text-align: left\">La rehabilitaci\u00f3n de La Ben\u00e9fica foi posible en gran parte gracies a el financiamientu colectivu. La campa\u00f1a de micromecenazgu llogr\u00f3 recaldar 140.000 euros, xuna cifra que Cuevas calific\u00f3 esti vienres d&#8217;impresionante.<\/p>\n<p style=\"text-align: left\">La Ben\u00e9fica, el proyectu comu\u00f1al qu&#8217;encabeza Rodrigo Cueves, para poner en marcha un espaciu cultural n&#8217;Infiestu y\u00e1 ye una realid\u00e1. Ayeri vienres, ten\u00eda llugar la corte de cinta inaugural Cuevas y los sos socios nesti proyectu,<strong> Sergi Mart\u00ed, Cristina Moreno y Ant\u00eda Seijas<\/strong> animaron a tolos presentes a travesar les puertes y brindar con sidra <span style=\"color: #008080\"><strong>\u00ab\u00a1por una llarga vida a La Ben\u00e9fica!\u00bb.<\/strong><\/span><\/p>\n<p><a href=\"https:\/\/www.elfielato.es\/asset\/thumbnail,1280,720,center,center\/media\/elfielato\/images\/2025\/03\/15\/2025031513122017604.jpg\"><img loading=\"lazy\" decoding=\"async\" class=\"aligncenter size-large\" src=\"https:\/\/www.elfielato.es\/asset\/thumbnail,1280,720,center,center\/media\/elfielato\/images\/2025\/03\/15\/2025031513122017604.jpg\" width=\"1000\" height=\"667\" \/><\/a><\/p>\n<p>Ayeri, nel actu de reapertura, compartimos esti v\u00eddeu que resume la hestoria y el procesu de rehabilitaci\u00f3n de La Ben\u00e9fica. GRACIES a toles persones que lo fixistis posible \ud83d\udc99 \ud83d\udcfd\ufe0f Maravilla de pieza de <a class=\"x1i10hfl xjbqb8w x1ejq31n xd10rxx x1sy0etr x17r0tee x972fbf xcfux6l x1qhh985 xm0m39n x9f619 x1ypdohk xt0psk2 xe8uvvx xdj266r x11i5rnm xat24cr x1mh8g0r xexx8yu x4uap5 x18d9i69 xkhd6sd x16tdsg8 x1hl2dhg xggy1nq x1a2a7pz notranslate _a6hd\" role=\"link\" href=\"https:\/\/www.instagram.com\/__jorgerojas\/\">@__jorgerojas<\/a> \ud83d\udc4f<\/p>\n<\/div>\n<\/div>\n<\/div>\n<\/div>\n<\/div>\n<\/div>\n<\/div>\n<p style=\"text-align: center\">\n<!-- iframe plugin v.6.0 wordpress.org\/plugins\/iframe\/ -->\n<iframe loading=\"lazy\" src=\"https:\/\/www.instagram.com\/reel\/DHNr9ohsPcq\/embed\" width=\"640\" height=\"400\" 0=\"\/iframe\" scrolling=\"yes\" class=\"iframe-class\" frameborder=\"0\"><\/iframe>\n<\/p>\n<div class=\"x1emribx\">\n<div class=\"\"><\/div>\n<\/div>\n<div class=\"x9f619 xjbqb8w x78zum5 x168nmei x13lgxp2 x5pf9jr xo71vjh x1uhb9sk x1plvlek xryxfnj x1iyjqo2 x2lwn1j xeuugli x1q0g3np xqjyukv x1qjc9v5 x1oa3qoh x1nhvcw1\">\n<div class=\"x9f619 xjbqb8w x78zum5 x168nmei x13lgxp2 x5pf9jr xo71vjh x1uhb9sk x1plvlek xryxfnj x1iyjqo2 x2lwn1j xeuugli xdt5ytf xqjyukv x1qjc9v5 x1oa3qoh x1nhvcw1\">\n<div class=\"x9f619 xjbqb8w x78zum5 x168nmei x13lgxp2 x5pf9jr xo71vjh x1uhb9sk x1plvlek xryxfnj x1c4vz4f x2lah0s xdt5ytf xqjyukv x1qjc9v5 x1oa3qoh x1nhvcw1\"><span class=\"x193iq5w xeuugli x1fj9vlw x13faqbe x1vvkbs xt0psk2 x1i0vuye xvs91rp xo1l8bm x5n08af x10wh9bi x1wdrske x8viiok x18hxmgj\">\ud83c\udfad\u00bfAntr\u00f3xeste en La Ben\u00e9fica esti finde? \u00a1Queremos ver la to apariencia!<\/span><\/div>\n<\/div>\n<\/div>\n<p style=\"text-align: center\">\n<!-- iframe plugin v.6.0 wordpress.org\/plugins\/iframe\/ -->\n<iframe loading=\"lazy\" src=\"https:\/\/www.instagram.com\/reel\/DHIzObnIW9E\/embed\" width=\"400\" height=\"550\" 0=\"\/iframe\" scrolling=\"yes\" class=\"iframe-class\" frameborder=\"0\"><\/iframe>\n<\/p>\n<p style=\"text-align: center\">\n","protected":false},"excerpt":{"rendered":"<p>Reel 1 \/\u00a0La Ben\u00e9fica:\u00a0 IG \/ Axenda \/ Collabora \/ videu El Fielato \/ El Fielato \/ Dix\u00edmosvos qu\u2019acutarais la fecha del 15 de marzu y equ\u00ed ta\u2019l motivu. El 15 de marzu reabre La Ben\u00e9fica per tolo alto, una fecha que coincide, am\u00e1s, col\u2019Antroxu en Pilo\u00f1a \ud83c\udfad\ud83d\udc6f\u200d\u2640\ufe0f Antroxu en Danza + Reapertura. Reabrimos nuestras [&hellip;]<\/p>\n","protected":false},"author":117,"featured_media":0,"comment_status":"open","ping_status":"open","sticky":false,"template":"","format":"standard","meta":{"footnotes":""},"categories":[38,247],"tags":[],"class_list":["post-43824","post","type-post","status-publish","format-standard","hentry","category-cultura","category-la-benefica"],"_links":{"self":[{"href":"https:\/\/edublog.educastur.es\/ixuxu\/wp-json\/wp\/v2\/posts\/43824","targetHints":{"allow":["GET"]}}],"collection":[{"href":"https:\/\/edublog.educastur.es\/ixuxu\/wp-json\/wp\/v2\/posts"}],"about":[{"href":"https:\/\/edublog.educastur.es\/ixuxu\/wp-json\/wp\/v2\/types\/post"}],"author":[{"embeddable":true,"href":"https:\/\/edublog.educastur.es\/ixuxu\/wp-json\/wp\/v2\/users\/117"}],"replies":[{"embeddable":true,"href":"https:\/\/edublog.educastur.es\/ixuxu\/wp-json\/wp\/v2\/comments?post=43824"}],"version-history":[{"count":13,"href":"https:\/\/edublog.educastur.es\/ixuxu\/wp-json\/wp\/v2\/posts\/43824\/revisions"}],"predecessor-version":[{"id":44007,"href":"https:\/\/edublog.educastur.es\/ixuxu\/wp-json\/wp\/v2\/posts\/43824\/revisions\/44007"}],"wp:attachment":[{"href":"https:\/\/edublog.educastur.es\/ixuxu\/wp-json\/wp\/v2\/media?parent=43824"}],"wp:term":[{"taxonomy":"category","embeddable":true,"href":"https:\/\/edublog.educastur.es\/ixuxu\/wp-json\/wp\/v2\/categories?post=43824"},{"taxonomy":"post_tag","embeddable":true,"href":"https:\/\/edublog.educastur.es\/ixuxu\/wp-json\/wp\/v2\/tags?post=43824"}],"curies":[{"name":"wp","href":"https:\/\/api.w.org\/{rel}","templated":true}]}}