{"id":43833,"date":"2025-03-20T09:00:15","date_gmt":"2025-03-20T07:00:15","guid":{"rendered":"https:\/\/edublog.educastur.es\/ixuxu\/?p=43833"},"modified":"2025-03-26T11:22:45","modified_gmt":"2025-03-26T09:22:45","slug":"les-noticies","status":"publish","type":"post","link":"https:\/\/edublog.educastur.es\/ixuxu\/2025\/03\/les-noticies\/","title":{"rendered":"D\u00eda de la Narraci\u00f3n Oral"},"content":{"rendered":"<p style=\"text-align: center\">\n<!-- iframe plugin v.6.0 wordpress.org\/plugins\/iframe\/ -->\n<iframe loading=\"lazy\" src=\"https:\/\/www.instagram.com\/reel\/DHInYJrgyk7\/embed\" width=\"460\" height=\"500\" 0=\"\/iframe\" scrolling=\"yes\" class=\"iframe-class\" frameborder=\"0\"><\/iframe>\n<\/p>\n<div class=\"x9f619 xjbqb8w x78zum5 x168nmei x13lgxp2 x5pf9jr xo71vjh x1uhb9sk x1plvlek xryxfnj x1iyjqo2 x2lwn1j xeuugli x1q0g3np xqjyukv x1qjc9v5 x1oa3qoh x1nhvcw1\">\n<div class=\"x9f619 xjbqb8w x78zum5 x168nmei x13lgxp2 x5pf9jr xo71vjh x1uhb9sk x1plvlek xryxfnj x1iyjqo2 x2lwn1j xeuugli xdt5ytf xqjyukv x1qjc9v5 x1oa3qoh x1nhvcw1\">\n<div class=\"x9f619 xjbqb8w x78zum5 x168nmei x13lgxp2 x5pf9jr xo71vjh x1uhb9sk x1plvlek xryxfnj x1c4vz4f x2lah0s xdt5ytf xqjyukv x1qjc9v5 x1oa3qoh x1nhvcw1\"><span class=\"x193iq5w xeuugli x1fj9vlw x13faqbe x1vvkbs xt0psk2 x1i0vuye xvs91rp xo1l8bm x5n08af x10wh9bi x1wdrske x8viiok x18hxmgj\">El xueves, 20 de marzu, cel\u00e9brase&#8217;l <span style=\"color: #008080\"><strong>D\u00eda de la Narraci\u00f3n Oral<\/strong><\/span>, una efem\u00e9ride que <span style=\"text-decoration: underline\"><span style=\"color: #008080;text-decoration: underline\">naci\u00f3 en Suecia en 1991 pa reivindicar esti arte que naz de la escucha y la comunicaci\u00f3n humana<\/span><\/span>. Pa festexalo, el Gobiernu d&#8217;Asturies y l&#8217;asociaci\u00f3n AEDA Narraci\u00f3n Oral entamen un actu onde va poder sentise a <a class=\"x1i10hfl xjbqb8w x1ejq31n xd10rxx x1sy0etr x17r0tee x972fbf xcfux6l x1qhh985 xm0m39n x9f619 x1ypdohk xt0psk2 xe8uvvx xdj266r x11i5rnm xat24cr x1mh8g0r xexx8yu x4uap5 x18d9i69 xkhd6sd x16tdsg8 x1hl2dhg xggy1nq x1a2a7pz notranslate _a6hd\" role=\"link\" href=\"https:\/\/www.instagram.com\/carlosalbacellero\/\">@carlosalbacellero<\/a>, Ana Laura Barros, David Acera, Jovina y Jennifer Ramsay. L&#8217;actu, pa p\u00fablicu a partir de 12 a\u00f1os, va ser nel <a class=\"x1i10hfl xjbqb8w x1ejq31n xd10rxx x1sy0etr x17r0tee x972fbf xcfux6l x1qhh985 xm0m39n x9f619 x1ypdohk xt0psk2 xe8uvvx xdj266r x11i5rnm xat24cr x1mh8g0r xexx8yu x4uap5 x18d9i69 xkhd6sd x16tdsg8 x1hl2dhg xggy1nq x1a2a7pz notranslate _a6hd\" role=\"link\" href=\"https:\/\/www.instagram.com\/museo_de_la_sidra\/\">@museo_de_la_sidra<\/a> de Nava, a les 19:00 h.<\/span><\/div>\n<\/div>\n<div><!--more--><\/div>\n<div>\n<div class=\"xu06os2 x1ok221b\">\n<div class=\"x1gslohp\">\n<ul>\n<li class=\"html-h2 x11i5rnm xat24cr x1mh8g0r xexx8yu x4uap5 x18d9i69 xkhd6sd x1vvkbs x1heor9g x1qlqyl8 x1pd3egz x1a2a7pz x1gslohp\"><span class=\"x193iq5w xeuugli x13faqbe x1vvkbs x1xmvt09 x1f6kntn xvq8zen xo1l8bm xi81zsa\"><span class=\"xt0psk2\"><span class=\"xjp7ctv\"><a class=\"x1i10hfl xjbqb8w x1ejq31n xd10rxx x1sy0etr x17r0tee x972fbf xcfux6l x1qhh985 xm0m39n x9f619 x1ypdohk xt0psk2 xe8uvvx xdj266r x11i5rnm xat24cr x1mh8g0r xexx8yu x4uap5 x18d9i69 xkhd6sd x16tdsg8 x1hl2dhg xggy1nq x1a2a7pz xkrqix3 x1sur9pj xzsf02u x1s688f\" role=\"link\" href=\"https:\/\/www.facebook.com\/educaciongob?__cft__[0]=AZUYxSPz34Oie2ad7HEO8WQKf0aU79cahBGCIuuNa0ZQaa0PJOcH391NWWBVZXQpp5VuS6nzIkHi2TyZeOUh-cNh5jU8G1cxhRS9MU6Tc5v_SEy-tejeC05a22nbDoyNwtSeMu9ZMyB9uMV3ZOHmPqEbHFq7QRWQshjLzpl3kP0RPvlGhXmkSm-o8VLZwDyhkP3srFPsZrD4S1jwiF4Hq1ju2l20EwebozVq1iqsyi3u5g&amp;__tn__=-UC*F\">Ministerio de Educaci\u00f3n, Formaci\u00f3n Profesional y Deportes<\/a><\/span><\/span><\/span><\/li>\n<\/ul>\n<\/div>\n<\/div>\n<div class=\"xu06os2 x1ok221b\">\n<div class=\"html-div xdj266r x11i5rnm xat24cr x1mh8g0r xexx8yu x4uap5 x18d9i69 xkhd6sd x1q0g3np\" style=\"text-align: center\"><strong><span style=\"color: #008080\">Nun sabemos si hai una tradici\u00f3n m\u00e1s guapa<br \/>\nque la de cuntar cuentos.<\/span><\/strong><\/div>\n<\/div>\n<div class=\"xqcrz7y x78zum5 x1qx5ct2 x1y1aw1k x1sxyh0 xwib8y2 xurb0ha xw4jnvo\"><\/div>\n<div class=\"xyinxu5 x4uap5 x1g2khh7 xkhd6sd\"><span class=\"x193iq5w xeuugli x13faqbe x1vvkbs x1xmvt09 x1lliihq x1s928wv xhkezso x1gmr53x x1cpjm7i x1fgarty x1943h6x xudqn12 x3x7a5m x1f6kntn xvq8zen xo1l8bm xzsf02u\" dir=\"auto\"><br class=\"html-br\" \/>Queremos celebrar el <span class=\"html-span xdj266r x11i5rnm xat24cr x1mh8g0r xexx8yu x4uap5 x18d9i69 xkhd6sd x1hl2dhg x16tdsg8 x1vvkbs\"><a class=\"x1i10hfl xjbqb8w x1ejq31n xd10rxx x1sy0etr x17r0tee x972fbf xcfux6l x1qhh985 xm0m39n x9f619 x1ypdohk xt0psk2 xe8uvvx xdj266r x11i5rnm xat24cr x1mh8g0r xexx8yu x4uap5 x18d9i69 xkhd6sd x16tdsg8 x1hl2dhg xggy1nq x1a2a7pz xkrqix3 x1sur9pj xzsf02u x1s688f\" role=\"link\" href=\"https:\/\/www.facebook.com\/hashtag\/d%C3%ADainternacionaldelanarraci%C3%B3noral?__eep__=6&amp;__cft__[0]=AZUYxSPz34Oie2ad7HEO8WQKf0aU79cahBGCIuuNa0ZQaa0PJOcH391NWWBVZXQpp5VuS6nzIkHi2TyZeOUh-cNh5jU8G1cxhRS9MU6Tc5v_SEy-tejeC05a22nbDoyNwtSeMu9ZMyB9uMV3ZOHmPqEbHFq7QRWQshjLzpl3kP0RPvlGhXmkSm-o8VLZwDyhkP3srFPsZrD4S1jwiF4Hq1ju2l20EwebozVq1iqsyi3u5g&amp;__tn__=*NK*F\">#D\u00edaInternacionaldelaNarraci\u00f3nOral<\/a><\/span> con <span class=\"html-span xexx8yu x4uap5 x18d9i69 xkhd6sd x1hl2dhg x16tdsg8 x1vvkbs x3nfvp2 x1j61x8r x1fcty0u xdj266r xat24cr xgzva0m xhhsvwb xxymvpz xlup9mm x1kky2od\">recursos did\u00e1cticos y situaciones d&#8217;aprendizaxe sobro l&#8217;arte de cuntar hestories <img loading=\"lazy\" decoding=\"async\" class=\"xz74otr x168nmei x13lgxp2 x5pf9jr xo71vjh\" src=\"https:\/\/static.xx.fbcdn.net\/images\/emoji.php\/v9\/t4f\/1\/16\/1f447.png\" alt=\"\ud83d\udc47\" width=\"16\" height=\"16\" \/><\/span><span class=\"html-span xexx8yu x4uap5 x18d9i69 xkhd6sd x1hl2dhg x16tdsg8 x1vvkbs x3nfvp2 x1j61x8r x1fcty0u xdj266r xat24cr xgzva0m xhhsvwb xxymvpz xlup9mm x1kky2od\"><img loading=\"lazy\" decoding=\"async\" class=\"xz74otr x168nmei x13lgxp2 x5pf9jr xo71vjh\" src=\"https:\/\/static.xx.fbcdn.net\/images\/emoji.php\/v9\/t4f\/1\/16\/1f447.png\" alt=\"\ud83d\udc47\" width=\"16\" height=\"16\" \/><\/span><br class=\"html-br\" \/><span class=\"html-span xdj266r x11i5rnm xat24cr x1mh8g0r xexx8yu x4uap5 x18d9i69 xkhd6sd x1hl2dhg x16tdsg8 x1vvkbs\"><a class=\"x1i10hfl xjbqb8w x1ejq31n xd10rxx x1sy0etr x17r0tee x972fbf xcfux6l x1qhh985 xm0m39n x9f619 x1ypdohk xt0psk2 xe8uvvx xdj266r x11i5rnm xat24cr x1mh8g0r xexx8yu x4uap5 x18d9i69 xkhd6sd x16tdsg8 x1hl2dhg xggy1nq x1a2a7pz xkrqix3 x1sur9pj x1fey0fg x1s688f\" role=\"link\" href=\"https:\/\/procomun.intef.es\/search-full\/cuentacuentos?fbclid=IwZXh0bgNhZW0CMTAAAR0hpMyLcwybMsD7KBGwbseVALmo-Xe-Mw3aqQ87FzEkxa4QchBZWEl9C_g_aem_rCiFbhL28jIiZ6l1Up2yUQ\" target=\"_blank\" rel=\"nofollow noopener noreferrer\">https:\/\/procomun.intef.es\/search-full\/cuentacuentos<\/a><\/span><\/span><\/div>\n<div><\/div>\n<div style=\"text-align: center\">\n<!-- iframe plugin v.6.0 wordpress.org\/plugins\/iframe\/ -->\n<iframe loading=\"lazy\" src=\"https:\/\/www.facebook.com\/plugins\/post.php?href=https%3A%2F%2Fwww.facebook.com%2Feducaciongob%2Fposts%2Fpfbid02U4moVMv6atv7CuY3nxzcCVQYFyBdafgtMbkLcL9rX3yE7TgMgMi9oWM5AqPGK8wil&#038;show_text=false&#038;width=500\" width=\"500\" height=\"498\" style=\"border:none;overflow:hidden\" scrolling=\"no\" frameborder=\"0\" allowfullscreen=\"true\" allow=\"autoplay; clipboard-write; encrypted-media; picture-in-picture; web-share\" 0=\"\/iframe\" class=\"iframe-class\"><\/iframe>\n<\/div>\n<\/div>\n<\/div>\n<p>&nbsp;<\/p>\n","protected":false},"excerpt":{"rendered":"<p>El xueves, 20 de marzu, cel\u00e9brase&#8217;l D\u00eda de la Narraci\u00f3n Oral, una efem\u00e9ride que naci\u00f3 en Suecia en 1991 pa reivindicar esti arte que naz de la escucha y la comunicaci\u00f3n humana. Pa festexalo, el Gobiernu d&#8217;Asturies y l&#8217;asociaci\u00f3n AEDA Narraci\u00f3n Oral entamen un actu onde va poder sentise a @carlosalbacellero, Ana Laura Barros, David [&hellip;]<\/p>\n","protected":false},"author":117,"featured_media":0,"comment_status":"open","ping_status":"open","sticky":false,"template":"","format":"standard","meta":{"footnotes":""},"categories":[6,224,1],"tags":[],"class_list":["post-43833","post","type-post","status-publish","format-standard","hentry","category-dia-de","category-narrativa","category-sin-categoria"],"_links":{"self":[{"href":"https:\/\/edublog.educastur.es\/ixuxu\/wp-json\/wp\/v2\/posts\/43833","targetHints":{"allow":["GET"]}}],"collection":[{"href":"https:\/\/edublog.educastur.es\/ixuxu\/wp-json\/wp\/v2\/posts"}],"about":[{"href":"https:\/\/edublog.educastur.es\/ixuxu\/wp-json\/wp\/v2\/types\/post"}],"author":[{"embeddable":true,"href":"https:\/\/edublog.educastur.es\/ixuxu\/wp-json\/wp\/v2\/users\/117"}],"replies":[{"embeddable":true,"href":"https:\/\/edublog.educastur.es\/ixuxu\/wp-json\/wp\/v2\/comments?post=43833"}],"version-history":[{"count":7,"href":"https:\/\/edublog.educastur.es\/ixuxu\/wp-json\/wp\/v2\/posts\/43833\/revisions"}],"predecessor-version":[{"id":44741,"href":"https:\/\/edublog.educastur.es\/ixuxu\/wp-json\/wp\/v2\/posts\/43833\/revisions\/44741"}],"wp:attachment":[{"href":"https:\/\/edublog.educastur.es\/ixuxu\/wp-json\/wp\/v2\/media?parent=43833"}],"wp:term":[{"taxonomy":"category","embeddable":true,"href":"https:\/\/edublog.educastur.es\/ixuxu\/wp-json\/wp\/v2\/categories?post=43833"},{"taxonomy":"post_tag","embeddable":true,"href":"https:\/\/edublog.educastur.es\/ixuxu\/wp-json\/wp\/v2\/tags?post=43833"}],"curies":[{"name":"wp","href":"https:\/\/api.w.org\/{rel}","templated":true}]}}