{"id":43906,"date":"2025-03-15T09:05:03","date_gmt":"2025-03-15T07:05:03","guid":{"rendered":"https:\/\/edublog.educastur.es\/ixuxu\/?p=43906"},"modified":"2025-03-15T20:43:04","modified_gmt":"2025-03-15T18:43:04","slug":"dia-mundial-de-los-derechos-del-consumidor","status":"publish","type":"post","link":"https:\/\/edublog.educastur.es\/ixuxu\/2025\/03\/dia-mundial-de-los-derechos-del-consumidor\/","title":{"rendered":"D\u00eda Mundial de los Derechos del Consumidor"},"content":{"rendered":"<p style=\"text-align: center\"><a href=\"https:\/\/www.gipuzkoa.eus\/documents\/20933\/1640904\/00adiadelconsumidor.jpg\/8ced4752-eb8b-475b-aee5-621b7af95d84?t=1521197073000\"><img loading=\"lazy\" decoding=\"async\" class=\"aligncenter \" src=\"https:\/\/www.gipuzkoa.eus\/documents\/20933\/1640904\/00adiadelconsumidor.jpg\/8ced4752-eb8b-475b-aee5-621b7af95d84?t=1521197073000\" width=\"495\" height=\"297\" \/><\/a><\/p>\n<p>La idea de celebrar esti d\u00eda ye <span style=\"color: #008080\"><strong>que les persones asuman un rol protagonista pa defender los sos derechos y poder esixir productos calidable, que nun estropien el so sal\u00fa, nin tanto al mediuambiente<\/strong><\/span>.\u00a0Esta fecha foi establecida nel a\u00f1u 1962, gracies al presidente John F. Kennedy que decret\u00f3 que toles persones ensin distinci\u00f3n de clases, tuvieren derechu a esfrutar de ciertos beneficios como consumidor.<\/p>\n<p><!--more--><\/p>\n<p>A partir de 1983, s&#8217;instituy\u00f3 esti d\u00eda y dos a\u00f1os dempu\u00e9s, estableciose nes Naciones Xun\u00edes un decretu pa la protecci\u00f3n de los consumidores, llogrando d&#8217;esta manera reivindicar, reconocer y legitimar los derechos de los consumidores a nivel internacional.<\/p>\n<p><strong>Principales derechos del consumidor.\u00a0<\/strong>D&#8217;alcuerdu a lo establec\u00edo nel Conseyu de les Naciones Xun\u00edes, tolos ciudadanos del mundu tienen derechu a:<\/p>\n<ul>\n<li><span style=\"color: #008080\"><em>Les persones tienen el derechu a escoyer.<\/em><\/span><\/li>\n<li><span style=\"color: #008080\"><em>Derechu a recibir educaci\u00f3n p&#8217;asina poder realizar elecciones correctes de bienes y servicios.<\/em><\/span><\/li>\n<li><span style=\"color: #008080\"><em>Derechu a l&#8217;alquisici\u00f3n de productos y servicios competitivos.<\/em><\/span><\/li>\n<li><span style=\"color: #008080\"><em>El derechu lex\u00edtimu a satisfaer toles sos necesidaes b\u00e1siques.<\/em><\/span><\/li>\n<li><span style=\"color: #008080\"><em>El derechu de tar inform\u00e1u sobremanera lo que socede nel mundu.<\/em><\/span><\/li>\n<li><span style=\"color: #008080\"><em>El derechu a ser compens\u00e1u.<\/em><\/span><\/li>\n<li><span style=\"color: #008080\"><em>El derechu a ser escuch\u00e1u.<\/em><\/span><\/li>\n<li><span style=\"color: #008080\"><em>El derechu de vivir y esfrutar d&#8217;un mediu ambiente m\u00e1s saludable y sustentable.<\/em><\/span><\/li>\n<li><span style=\"color: #008080\"><em>El derechu a la segurid\u00e1.<\/em><\/span><\/li>\n<\/ul>\n<p>Como consumidores, tami\u00e9n<strong> tenemos de planteganos ciertes entrugues nel momentu d&#8217;adquirir los productos que precisamos<\/strong>, ente les cualos t\u00e1n:<\/p>\n<ul>\n<li>\u00bfYe necesariu l&#8217;alquisici\u00f3n d&#8217;esti productu?<\/li>\n<li>\u00bfCu\u00e1nto dineru preciso pa invertir n\u00e9l?<\/li>\n<li>\u00bfCu\u00e1los fueron los m\u00e9todos y materiales usaos pa la so fabricaci\u00f3n y almacenamientu?<\/li>\n<li>\u00bfPodr\u00eda consiguir el mesmu productu, ensin necesid\u00e1 de mercar unu nuevu?<\/li>\n<li>\u00bfYe un productu pens\u00e1u pa curiar y protexer el mediu ambiente?<\/li>\n<\/ul>\n<p>&nbsp;<\/p>\n<p>&nbsp;<\/p>\n","protected":false},"excerpt":{"rendered":"<p>La idea de celebrar esti d\u00eda ye que les persones asuman un rol protagonista pa defender los sos derechos y poder esixir productos calidable, que nun estropien el so sal\u00fa, nin tanto al mediuambiente.\u00a0Esta fecha foi establecida nel a\u00f1u 1962, gracies al presidente John F. Kennedy que decret\u00f3 que toles persones ensin distinci\u00f3n de clases, [&hellip;]<\/p>\n","protected":false},"author":117,"featured_media":0,"comment_status":"open","ping_status":"open","sticky":false,"template":"","format":"standard","meta":{"footnotes":""},"categories":[6],"tags":[],"class_list":["post-43906","post","type-post","status-publish","format-standard","hentry","category-dia-de"],"_links":{"self":[{"href":"https:\/\/edublog.educastur.es\/ixuxu\/wp-json\/wp\/v2\/posts\/43906","targetHints":{"allow":["GET"]}}],"collection":[{"href":"https:\/\/edublog.educastur.es\/ixuxu\/wp-json\/wp\/v2\/posts"}],"about":[{"href":"https:\/\/edublog.educastur.es\/ixuxu\/wp-json\/wp\/v2\/types\/post"}],"author":[{"embeddable":true,"href":"https:\/\/edublog.educastur.es\/ixuxu\/wp-json\/wp\/v2\/users\/117"}],"replies":[{"embeddable":true,"href":"https:\/\/edublog.educastur.es\/ixuxu\/wp-json\/wp\/v2\/comments?post=43906"}],"version-history":[{"count":4,"href":"https:\/\/edublog.educastur.es\/ixuxu\/wp-json\/wp\/v2\/posts\/43906\/revisions"}],"predecessor-version":[{"id":43910,"href":"https:\/\/edublog.educastur.es\/ixuxu\/wp-json\/wp\/v2\/posts\/43906\/revisions\/43910"}],"wp:attachment":[{"href":"https:\/\/edublog.educastur.es\/ixuxu\/wp-json\/wp\/v2\/media?parent=43906"}],"wp:term":[{"taxonomy":"category","embeddable":true,"href":"https:\/\/edublog.educastur.es\/ixuxu\/wp-json\/wp\/v2\/categories?post=43906"},{"taxonomy":"post_tag","embeddable":true,"href":"https:\/\/edublog.educastur.es\/ixuxu\/wp-json\/wp\/v2\/tags?post=43906"}],"curies":[{"name":"wp","href":"https:\/\/api.w.org\/{rel}","templated":true}]}}