{"id":43911,"date":"2025-03-15T09:10:58","date_gmt":"2025-03-15T07:10:58","guid":{"rendered":"https:\/\/edublog.educastur.es\/ixuxu\/?p=43911"},"modified":"2025-03-15T20:50:11","modified_gmt":"2025-03-15T18:50:11","slug":"dia-mundial-contra-la-matanza-de-foques","status":"publish","type":"post","link":"https:\/\/edublog.educastur.es\/ixuxu\/2025\/03\/dia-mundial-contra-la-matanza-de-foques\/","title":{"rendered":"D\u00eda Mundial Contra la Matanza de Foques."},"content":{"rendered":"<p style=\"text-align: center\"><a href=\"https:\/\/fotografias.antena3.com\/clipping\/cmsimages02\/2021\/09\/12\/21B64404-FC16-45D5-B4A3-3580107AF8F9\/103.jpg?crop=2223,1667,x139,y0&amp;width=1200&amp;height=900&amp;optimize=low&amp;format=webply\"><img loading=\"lazy\" decoding=\"async\" class=\"aligncenter \" src=\"https:\/\/fotografias.antena3.com\/clipping\/cmsimages02\/2021\/09\/12\/21B64404-FC16-45D5-B4A3-3580107AF8F9\/103.jpg?crop=2223,1667,x139,y0&amp;width=1200&amp;height=900&amp;optimize=low&amp;format=webply\" width=\"575\" height=\"431\" \/><\/a><\/p>\n<p>El 15 de marzu ye un d\u00eda de concienciaci\u00f3n sobro los riesgos qu&#8217;encara <span style=\"color: #008080\"><strong>una de les especies de mam\u00edferos marinos, qu&#8217;angua\u00f1o s&#8217;atopa en peligru d&#8217;estinci\u00f3n<\/strong><\/span>. Pret\u00e9ndese visibilizar la cruel matanza y captura de foques per parte de cazadores, cola cuenta de comercializar la so piel. Nesti d\u00eda mundial delles organizaciones y asociaciones protectores d&#8217;animales realicen protestes en tol mundu, contra la masacre y matanza indiscriminada d&#8217;esta especie marina.<a href=\"https:\/\/scontent-mad1-1.xx.fbcdn.net\/v\/t39.30808-6\/480703134_643525181531398_4301258795947957913_n.jpg?_nc_cat=101&amp;ccb=1-7&amp;_nc_sid=833d8c&amp;_nc_ohc=nZHVaPy1dxAQ7kNvgGvRKlT&amp;_nc_oc=Adi36uEw2Ah_3TxCKd6lQqSaidPHCkZH_U5yYrMdQRJ_hUun4C6A_5UF74DRyocTnzE&amp;_nc_zt=23&amp;_nc_ht=scontent-mad1-1.xx&amp;_nc_gid=Mv1OfP0zcvAhtSDGK2o87Q&amp;oh=00_AYEeW8Q8bE8-EifvnBP45x-k6MkiVT2PzNGT8QsjKZl9hA&amp;oe=67DB99FD\"> Infograf\u00eda<\/a><\/p>\n<p style=\"text-align: center\"><!--more-->\n<!-- iframe plugin v.6.0 wordpress.org\/plugins\/iframe\/ -->\n<iframe loading=\"lazy\" src=\"https:\/\/www.facebook.com\/plugins\/post.php?href=https%3A%2F%2Fwww.facebook.com%2FCienciaPlus1%2Fposts%2Fpfbid02Gk5zbRjrYaBiJLVGJSFdWZwxVbTm2GqyVCLdKDQEgd1wBz846wbN92B9SULCvHqcl&#038;show_text=false&#038;width=500\" width=\"500\" height=\"497\" style=\"border:none;overflow:hidden\" scrolling=\"no\" frameborder=\"0\" allowfullscreen=\"true\" allow=\"autoplay; clipboard-write; encrypted-media; picture-in-picture; web-share\" 0=\"\/iframe\" class=\"iframe-class\"><\/iframe>\n<\/p>\n<p>Les Foques: nobles mam\u00edferos marinos<\/p>\n<p>Les foques o f\u00f3cidos son mam\u00edferos pinn\u00edpedos pertenecientes a la familia Phocidae. Cataloguense unes 33 especies, que pueden vivir en medios acu\u00e1ticos por periodos de tiempu enllarg\u00e1u.<\/p>\n<p>Tienen un cuerpu allarg\u00e1u, pelame bien curtia y una capa gruesa de grasa debaxo de la piel. Les sos estremidaes anteriores son planes y son utilizaes como aletes pa nadar. Les estremidaes posteriores t\u00e1n empobinaes escontra tras, que nun son funcionales pa movese nel suelu.<\/p>\n<p style=\"text-align: center\"><a href=\"https:\/\/www.concienciaeco.com\/wp-content\/uploads\/2024\/03\/foca-cria.jpg\"><img loading=\"lazy\" decoding=\"async\" class=\"aligncenter size-large\" src=\"https:\/\/www.concienciaeco.com\/wp-content\/uploads\/2024\/03\/foca-cria.jpg\" width=\"800\" height=\"534\" \/><\/a><\/p>\n<p>La mayor\u00eda d&#8217;estes especies habiten nes fr\u00edes zones de l&#8217;Ant\u00e1rtida, seg\u00fan en zones tropicales y de la mari\u00f1a. Sicas\u00ed, hanse vistu severamente amenaciaes y <strong>en peligru d&#8217;estinci\u00f3n, por cuenta de la caza illegal, la destrucci\u00f3n del so h\u00e1bitat y la contaminaci\u00f3n del mar<\/strong>.<\/p>\n<p><strong>\u00bfC\u00f3mo podemos sofitar esti D\u00eda Mundial?<\/strong><\/p>\n<p>Organizaciones como GreenPeace y PETA trabayen de manera permanente y viviegamente en campa\u00f1es de concienciaci\u00f3n pa la defensa de los ecosistemes marinos, seg\u00fan la defensa y caltenimientu d&#8217;especies ecol\u00f3xicamente vulnerables como les foques, ente otres especies animales amenaciaes.<\/p>\n<p style=\"text-align: center\"><a href=\"https:\/\/www.ecoticias.com\/wp-content\/uploads\/2025\/03\/Dia-Mundial-Contra-la-Matanza-de-Focas-20251-e1741436327846.jpg\"><img loading=\"lazy\" decoding=\"async\" class=\"aligncenter \" src=\"https:\/\/www.ecoticias.com\/wp-content\/uploads\/2025\/03\/Dia-Mundial-Contra-la-Matanza-de-Focas-20251-e1741436327846.jpg\" width=\"544\" height=\"358\" \/><\/a><\/p>\n<p>Seg\u00fan el grupu defensor de los animales, <strong>Humane Society International<\/strong>, enval\u00f3rase que m\u00e1s d&#8217;un mill\u00f3n de foques fueron asesinaes nos postreros cinco a\u00f1os para satisfaer la demanda de pieles.\u00a0Esta pr\u00e1ctica non solo ye inhumana, sin\u00f3n tami\u00e9n innecesaria, y\u00e1 que hai munches alternatives sint\u00e9tiques disponibles nel merc\u00e1u. La mayor\u00eda de la matanza de foques foron en Canad\u00e1 y en Noruega.<\/p>\n<p>&nbsp;<\/p>\n","protected":false},"excerpt":{"rendered":"<p>El 15 de marzu ye un d\u00eda de concienciaci\u00f3n sobro los riesgos qu&#8217;encara una de les especies de mam\u00edferos marinos, qu&#8217;angua\u00f1o s&#8217;atopa en peligru d&#8217;estinci\u00f3n. Pret\u00e9ndese visibilizar la cruel matanza y captura de foques per parte de cazadores, cola cuenta de comercializar la so piel. Nesti d\u00eda mundial delles organizaciones y asociaciones protectores d&#8217;animales realicen [&hellip;]<\/p>\n","protected":false},"author":117,"featured_media":0,"comment_status":"open","ping_status":"open","sticky":false,"template":"","format":"standard","meta":{"footnotes":""},"categories":[6],"tags":[],"class_list":["post-43911","post","type-post","status-publish","format-standard","hentry","category-dia-de"],"_links":{"self":[{"href":"https:\/\/edublog.educastur.es\/ixuxu\/wp-json\/wp\/v2\/posts\/43911","targetHints":{"allow":["GET"]}}],"collection":[{"href":"https:\/\/edublog.educastur.es\/ixuxu\/wp-json\/wp\/v2\/posts"}],"about":[{"href":"https:\/\/edublog.educastur.es\/ixuxu\/wp-json\/wp\/v2\/types\/post"}],"author":[{"embeddable":true,"href":"https:\/\/edublog.educastur.es\/ixuxu\/wp-json\/wp\/v2\/users\/117"}],"replies":[{"embeddable":true,"href":"https:\/\/edublog.educastur.es\/ixuxu\/wp-json\/wp\/v2\/comments?post=43911"}],"version-history":[{"count":5,"href":"https:\/\/edublog.educastur.es\/ixuxu\/wp-json\/wp\/v2\/posts\/43911\/revisions"}],"predecessor-version":[{"id":43916,"href":"https:\/\/edublog.educastur.es\/ixuxu\/wp-json\/wp\/v2\/posts\/43911\/revisions\/43916"}],"wp:attachment":[{"href":"https:\/\/edublog.educastur.es\/ixuxu\/wp-json\/wp\/v2\/media?parent=43911"}],"wp:term":[{"taxonomy":"category","embeddable":true,"href":"https:\/\/edublog.educastur.es\/ixuxu\/wp-json\/wp\/v2\/categories?post=43911"},{"taxonomy":"post_tag","embeddable":true,"href":"https:\/\/edublog.educastur.es\/ixuxu\/wp-json\/wp\/v2\/tags?post=43911"}],"curies":[{"name":"wp","href":"https:\/\/api.w.org\/{rel}","templated":true}]}}