{"id":4395,"date":"2021-03-20T11:18:06","date_gmt":"2021-03-20T09:18:06","guid":{"rendered":"https:\/\/edublog.educastur.es\/ixuxu\/?p=4395"},"modified":"2021-03-20T14:35:05","modified_gmt":"2021-03-20T12:35:05","slug":"bienllegada-primavera","status":"publish","type":"post","link":"https:\/\/edublog.educastur.es\/ixuxu\/2021\/03\/bienllegada-primavera\/","title":{"rendered":"Entama la primavera"},"content":{"rendered":"<p style=\"text-align: center\"><em><span style=\"font-size: 24px;color: #008080\">G\u00fcei damos carpetazu al <strong>iviernu&#8230;<\/strong><\/span><\/em><\/p>\n<p style=\"text-align: center\"><img loading=\"lazy\" decoding=\"async\" class=\"aligncenter\" src=\"https:\/\/imgbox.es\/images\/2020\/12\/20\/1426887903_397233_1426888329_album_normalc43b658436ac0324.jpg\" width=\"240\" height=\"170\" \/><\/p>\n<p style=\"text-align: center\"><span style=\"color: #008080\"><em><span style=\"font-size: 24px\">y damos la bienvenida a la <strong>primavera<\/strong>.<\/span><\/em><\/span><\/p>\n<p style=\"text-align: center\"><img loading=\"lazy\" decoding=\"async\" class=\"alignnone \" src=\"https:\/\/dam.ngenespanol.com\/wp-content\/uploads\/2020\/03\/equinoccio-primavera-3.jpg\" width=\"531\" height=\"354\" \/><em><span style=\"color: #cc99ff\">Getty Images<\/span><\/em><\/p>\n<p style=\"text-align: center\"><em><span style=\"font-size: 20px\"> La primavera astron\u00f3mica de 2021: va empezar el 20 de marzu a les 10 hores 37 minutos, hora oficial peninsular, y va terminar el 21 de xunu col empiezu del branu. <strong><span style=\"color: #008080\">Va durar 92 d\u00edes y 18 hores<\/span><\/strong><br \/>\n<\/span><\/em><\/p>\n<p><!--more--><\/p>\n<p><span style=\"font-size: 20px\"><em>L&#8217;entamu de les estaciones vien d\u00e1u, por conveniu, por aquellos intres en que la Tierra atopase n&#8217;unes determinaes posiciones na so \u00f3rbita alredor del Sol. Nel casu de la primavera, esta posici\u00f3n dase cuando&#8217;l centru del Sol, vistu dende la Tierra, crucia l&#8217;ecuador celeste nel so movimientu aparente escontra&#8217;l norte. <\/em><\/span><\/p>\n<p style=\"text-align: center\"><a href=\"https:\/\/services.meteored.com\/img\/article\/caracteristicas-de-la-primavera-de-2021-321971-1_768.jpg\"><img loading=\"lazy\" decoding=\"async\" class=\"alignnone\" src=\"https:\/\/services.meteored.com\/img\/article\/caracteristicas-de-la-primavera-de-2021-321971-1_768.jpg\" alt=\"\" width=\"498\" height=\"246\" \/><\/a><\/p>\n<p><span style=\"font-size: 20px\"><em>El d\u00eda en qu&#8217;esto asocede, <strong>la duraci\u00f3n del d\u00eda y la nueche pr\u00e1cticamente coinciden.<\/strong> A esta circunstancia conozse tami\u00e9n por \u00ab<span style=\"color: #008080\"><strong>equinocciu de primavera<\/strong><\/span>\u00ab. Nel momentu que nel hemisferiu norte empieza la primavera, nel hemisferiu sur empieza la seronda. <span style=\"text-decoration: underline\"><a href=\"https:\/\/ecoosfera.com\/equinoccio-primavera-mexico-cuando-horario-rituales-como-ver-significado\/?fbclid=IwAR1EJoqA7o6iF5RZWOgO_9WS9rgbX3idjI-qlli-0SINtkCwrB9RL5uQakY\">Ver: Equinocio de primavera<\/a><\/span><br \/>\n<\/em><\/span><\/p>\n<p style=\"text-align: center\"><a href=\"https:\/\/pbs.twimg.com\/media\/EwifhUkWEAUeLDo?format=jpg&amp;name=medium\"><img loading=\"lazy\" decoding=\"async\" class=\"alignnone\" src=\"https:\/\/pbs.twimg.com\/media\/EwifhUkWEAUeLDo?format=jpg&amp;name=medium\" alt=\"\" width=\"603\" height=\"548\" \/><\/a><\/p>\n<p><span style=\"font-size: 20px\"><em>Duraci\u00f3n del d\u00eda<span style=\"color: #008080\"><strong>. L&#8217;entamu de la primavera ye la d\u00f3mina del a\u00f1u en que&#8217;l llargor del d\u00eda all\u00e1rgase m\u00e1s r\u00e1pido<\/strong><\/span>. A les llatit\u00faes de la pen\u00ednsula, el Sol sale peles ma\u00f1anes m\u00e1s d&#8217;un minutu primero que&#8217;l d\u00eda anterior, y pela tarde ponse m\u00e1s d&#8217;un minutu dempu\u00e9s. De resultes, al entamu de la primavera, el tiempu en que&#8217;l Sol ta percima del horizonte aumenta casi tr\u00e9s minutos acald\u00eda. <\/em><\/span><\/p>\n<ul>\n<li><span style=\"font-size: 20px\"><strong><em><a href=\"https:\/\/www.tiempo.com\/ram\/caracteristicas-de-la-primavera-de-2021.html\">Fonte: El tiempo.com<\/a><\/em><\/strong><\/span><\/li>\n<\/ul>\n<p style=\"text-align: center\">\n<!-- iframe plugin v.6.0 wordpress.org\/plugins\/iframe\/ -->\n<iframe loading=\"lazy\" width=\"1159\" height=\"652\" src=\"https:\/\/www.youtube.com\/embed\/qivKvUKyrBY\" frameborder=\"0\" allow=\"accelerometer; autoplay; clipboard-write; encrypted-media; gyroscope; picture-in-picture\" 0=\"allowfullscreen\" 1=\"\/iframe\" scrolling=\"yes\" class=\"iframe-class\"><\/iframe>\n<\/p>\n","protected":false},"excerpt":{"rendered":"<p>G\u00fcei damos carpetazu al iviernu&#8230; y damos la bienvenida a la primavera. Getty Images La primavera astron\u00f3mica de 2021: va empezar el 20 de marzu a les 10 hores 37 minutos, hora oficial peninsular, y va terminar el 21 de xunu col empiezu del branu. Va durar 92 d\u00edes y 18 hores<\/p>\n","protected":false},"author":117,"featured_media":0,"comment_status":"open","ping_status":"open","sticky":false,"template":"","format":"standard","meta":{"footnotes":""},"categories":[46],"tags":[],"class_list":["post-4395","post","type-post","status-publish","format-standard","hentry","category-estaciones"],"_links":{"self":[{"href":"https:\/\/edublog.educastur.es\/ixuxu\/wp-json\/wp\/v2\/posts\/4395","targetHints":{"allow":["GET"]}}],"collection":[{"href":"https:\/\/edublog.educastur.es\/ixuxu\/wp-json\/wp\/v2\/posts"}],"about":[{"href":"https:\/\/edublog.educastur.es\/ixuxu\/wp-json\/wp\/v2\/types\/post"}],"author":[{"embeddable":true,"href":"https:\/\/edublog.educastur.es\/ixuxu\/wp-json\/wp\/v2\/users\/117"}],"replies":[{"embeddable":true,"href":"https:\/\/edublog.educastur.es\/ixuxu\/wp-json\/wp\/v2\/comments?post=4395"}],"version-history":[{"count":8,"href":"https:\/\/edublog.educastur.es\/ixuxu\/wp-json\/wp\/v2\/posts\/4395\/revisions"}],"predecessor-version":[{"id":4455,"href":"https:\/\/edublog.educastur.es\/ixuxu\/wp-json\/wp\/v2\/posts\/4395\/revisions\/4455"}],"wp:attachment":[{"href":"https:\/\/edublog.educastur.es\/ixuxu\/wp-json\/wp\/v2\/media?parent=4395"}],"wp:term":[{"taxonomy":"category","embeddable":true,"href":"https:\/\/edublog.educastur.es\/ixuxu\/wp-json\/wp\/v2\/categories?post=4395"},{"taxonomy":"post_tag","embeddable":true,"href":"https:\/\/edublog.educastur.es\/ixuxu\/wp-json\/wp\/v2\/tags?post=4395"}],"curies":[{"name":"wp","href":"https:\/\/api.w.org\/{rel}","templated":true}]}}