{"id":43950,"date":"2025-03-17T18:00:04","date_gmt":"2025-03-17T16:00:04","guid":{"rendered":"https:\/\/edublog.educastur.es\/ixuxu\/?p=43950"},"modified":"2025-03-19T10:14:31","modified_gmt":"2025-03-19T08:14:31","slug":"sofitos-y-felicitaciones-a-la-banda-de-gaites-villa-de-xixon","status":"publish","type":"post","link":"https:\/\/edublog.educastur.es\/ixuxu\/2025\/03\/sofitos-y-felicitaciones-a-la-banda-de-gaites-villa-de-xixon\/","title":{"rendered":"La Banda de gaites \u00abVilla de Xix\u00f3n\u00bb desfila peles cais de Nueva York"},"content":{"rendered":"<div class=\"html-div xdj266r x11i5rnm xat24cr x1mh8g0r xexx8yu x1a8lsjc x1swvt13 x1pi30zi\">\n<div class=\"html-div xdj266r x11i5rnm xat24cr x1mh8g0r xexx8yu x4uap5 x18d9i69 xkhd6sd x1jx94hy x78zum5 x1q0g3np\">\n<div class=\"x78zum5 xdt5ytf xz62fqu x16ldp7u\">\n<div class=\"xu06os2 x1ok221b\">\n<div class=\"html-div xdj266r x11i5rnm xat24cr x1mh8g0r xexx8yu x4uap5 x18d9i69 xkhd6sd\" data-ad-rendering-role=\"profile_name\">\n<div class=\"x78zum5 xdt5ytf xz62fqu x16ldp7u\">\n<div class=\"xu06os2 x1ok221b\">\n<div class=\"html-div xdj266r x11i5rnm xat24cr x1mh8g0r xexx8yu x4uap5 x18d9i69 xkhd6sd\" data-ad-rendering-role=\"profile_name\">\n<ul>\n<li class=\"html-h3 x11i5rnm xat24cr x1mh8g0r xexx8yu x4uap5 x18d9i69 xkhd6sd x1vvkbs x1heor9g x1qlqyl8 x1pd3egz x1a2a7pz x1gslohp x1yc453h\"><span class=\"x1lliihq x6ikm8r x10wlt62 x1n2onr6\"><span class=\"x193iq5w xeuugli x13faqbe x1vvkbs x1xmvt09 x1f6kntn xvq8zen xo1l8bm xi81zsa\"><strong class=\"html-strong xdj266r x11i5rnm xat24cr x1mh8g0r xexx8yu x4uap5 x18d9i69 xkhd6sd x1hl2dhg x16tdsg8 x1vvkbs x1s688f\"><span class=\"xt0psk2\"><span class=\"xjp7ctv\"><span class=\"html-span xdj266r x11i5rnm xat24cr x1mh8g0r xexx8yu x4uap5 x18d9i69 xkhd6sd x1hl2dhg x16tdsg8 x1vvkbs\"><a class=\"x1i10hfl xjbqb8w x1ejq31n xd10rxx x1sy0etr x17r0tee x972fbf xcfux6l x1qhh985 xm0m39n x9f619 x1ypdohk xt0psk2 xe8uvvx xdj266r x11i5rnm xat24cr x1mh8g0r xexx8yu x4uap5 x18d9i69 xkhd6sd x16tdsg8 x1hl2dhg xggy1nq x1a2a7pz xkrqix3 x1sur9pj xzsf02u x1s688f\" role=\"link\" href=\"https:\/\/www.facebook.com\/bgvilladexixon?__cft__[0]=AZXmR_VvbywPZBzLkXmyBUUYT6U9zui1AIWw_uOKyU3nDKfe9nAWPlrHPfQ5P68gMiYI1mZ0U8GWbR20u6Nrq6TN-mZqGKIqwFwDzwqmeuArjI8OQCzRXRd4DlJismDsP0z_1vVGAxTMIx_sO3IKXfKGJPTK9tgYM31d3ySCc9nzZCw1KEqyGs9inelgHgHDe5L13Yrdp8YvLCtw8Yq6e_EcDVc97pGjpekkLywImLpmlw&amp;__tn__=-]C%2CP-y-R\">Banda de Gaitas Villa de Xix\u00f3n<\/a><\/span><\/span><\/span><\/strong> est\u00e1 en <strong class=\"html-strong xdj266r x11i5rnm xat24cr x1mh8g0r xexx8yu x4uap5 x18d9i69 xkhd6sd x1hl2dhg x16tdsg8 x1vvkbs x1s688f\"><span class=\"html-span xdj266r x11i5rnm xat24cr x1mh8g0r xexx8yu x4uap5 x18d9i69 xkhd6sd x1hl2dhg x16tdsg8 x1vvkbs\"><a class=\"x1i10hfl xjbqb8w x1ejq31n xd10rxx x1sy0etr x17r0tee x972fbf xcfux6l x1qhh985 xm0m39n x9f619 x1ypdohk xt0psk2 xe8uvvx xdj266r x11i5rnm xat24cr x1mh8g0r xexx8yu x4uap5 x18d9i69 xkhd6sd x16tdsg8 x1hl2dhg xggy1nq x1a2a7pz xkrqix3 x1sur9pj xzsf02u x1s688f\" role=\"link\" href=\"https:\/\/www.facebook.com\/NYC-106377129403944\/?__cft__[0]=AZXmR_VvbywPZBzLkXmyBUUYT6U9zui1AIWw_uOKyU3nDKfe9nAWPlrHPfQ5P68gMiYI1mZ0U8GWbR20u6Nrq6TN-mZqGKIqwFwDzwqmeuArjI8OQCzRXRd4DlJismDsP0z_1vVGAxTMIx_sO3IKXfKGJPTK9tgYM31d3ySCc9nzZCw1KEqyGs9inelgHgHDe5L13Yrdp8YvLCtw8Yq6e_EcDVc97pGjpekkLywImLpmlw&amp;__tn__=kC%2CP-y-R\"><span class=\"xt0psk2\"><span class=\"xjp7ctv\">NYC<\/span><\/span><\/a><\/span><\/strong>. \/ <span class=\"html-span xdj266r x11i5rnm xat24cr x1mh8g0r xexx8yu x4uap5 x18d9i69 xkhd6sd x1hl2dhg x16tdsg8 x1vvkbs\"><a class=\"x1i10hfl xjbqb8w x1ejq31n xd10rxx x1sy0etr x17r0tee x972fbf xcfux6l x1qhh985 xm0m39n x9f619 x1ypdohk xt0psk2 xe8uvvx xdj266r x11i5rnm xat24cr x1mh8g0r xexx8yu x4uap5 x18d9i69 xkhd6sd x16tdsg8 x1hl2dhg xggy1nq x1a2a7pz xkrqix3 x1sur9pj x1fey0fg x1s688f\" role=\"link\" href=\"https:\/\/www.facebook.com\/hashtag\/vxnyc2025?__eep__=6&amp;__cft__[0]=AZXmR_VvbywPZBzLkXmyBUUYT6U9zui1AIWw_uOKyU3nDKfe9nAWPlrHPfQ5P68gMiYI1mZ0U8GWbR20u6Nrq6TN-mZqGKIqwFwDzwqmeuArjI8OQCzRXRd4DlJismDsP0z_1vVGAxTMIx_sO3IKXfKGJPTK9tgYM31d3ySCc9nzZCw1KEqyGs9inelgHgHDe5L13Yrdp8YvLCtw8Yq6e_EcDVc97pGjpekkLywImLpmlw&amp;__tn__=*NK-y-R\">#vxnyc2025<\/a><\/span><\/span><\/span>\/ <a href=\"https:\/\/s1.ppllstatics.com\/elcomercio\/www\/multimedia\/2025\/03\/18\/gaitasgrupo-RoRX70cC8fJwpgZEDoRJACN-758x531@El%20Comercio.jpg\">El Comercio<\/a> \/<\/li>\n<\/ul>\n<p><strong><span style=\"color: #008080\">Ganemos el premiu<\/span> \ud83c\udfc6 a la meyor banda estranxera, nel desfile de San Patriciu<\/strong> en Nueva York 2025 \ud83c\uddfa\ud83c\uddf8 Compitiendo con agrupaciones d&#8217;Irlanda, Canad\u00e1 y Breta\u00f1a.<\/p>\n<p style=\"text-align: center\">\n<!-- iframe plugin v.6.0 wordpress.org\/plugins\/iframe\/ -->\n<iframe loading=\"lazy\" src=\"https:\/\/www.facebook.com\/plugins\/video.php?height=314&#038;href=https%3A%2F%2Fwww.facebook.com%2Fbgvilladexixon%2Fvideos%2F1681862135735647%2F&#038;show_text=false&#038;width=560&#038;t=0\" width=\"560\" height=\"314\" style=\"border:none;overflow:hidden\" scrolling=\"no\" frameborder=\"0\" allowfullscreen=\"true\" allow=\"autoplay; clipboard-write; encrypted-media; picture-in-picture; web-share\" 0=\"\/iframe\" class=\"iframe-class\"><\/iframe>\n<\/p>\n<\/div>\n<\/div>\n<\/div>\n<div class=\"html-div xdj266r x11i5rnm xat24cr x1mh8g0r xexx8yu x4uap5 x18d9i69 xkhd6sd\" dir=\"auto\">\n<div class=\"html-div xdj266r x11i5rnm xat24cr x1mh8g0r xexx8yu x4uap5 x18d9i69 xkhd6sd\" dir=\"auto\">\n<div class=\"html-div xdj266r x11i5rnm xat24cr x1mh8g0r xexx8yu x4uap5 x18d9i69 xkhd6sd\" data-ad-rendering-role=\"story_message\">\n<div class=\"x1l90r2v x1iorvi4 x1ye3gou xn6708d\" data-ad-comet-preview=\"message\" data-ad-preview=\"message\">\n<div class=\"x78zum5 xdt5ytf xz62fqu x16ldp7u\">\n<div class=\"xu06os2 x1ok221b\">\n<div class=\"xdj266r x11i5rnm xat24cr x1mh8g0r x1vvkbs x126k92a\">\n<div dir=\"auto\"><!--more--><\/div>\n<\/div>\n<\/div>\n<div dir=\"auto\" style=\"text-align: center\"><a href=\"https:\/\/s2.ppllstatics.com\/elcomercio\/www\/multimedia\/2025\/03\/18\/gaitas13-U36807580403Hvl-1200x840@El%20Comercio.jpg\"><img loading=\"lazy\" decoding=\"async\" class=\"aligncenter size-large\" src=\"https:\/\/s2.ppllstatics.com\/elcomercio\/www\/multimedia\/2025\/03\/18\/gaitas13-U36807580403Hvl-1200x840@El%20Comercio.jpg\" width=\"1200\" height=\"840\" \/><\/a><\/div>\n<\/div>\n<div dir=\"auto\"><\/div>\n<div class=\"x78zum5 xdt5ytf xz62fqu x16ldp7u\">\n<div class=\"xu06os2 x1ok221b\">\n<div class=\"xdj266r x11i5rnm xat24cr x1mh8g0r x1vvkbs x126k92a\">\n<div dir=\"auto\">El premiu al esfuerzu y al trabayu de munches persones mientres estos \u00faltimos meses y munches m\u00e1s que fixeron posible Banda de Gaites Villa de Xix\u00f3n mientres estos 25 a\u00f1os.<\/div>\n<div dir=\"auto\" style=\"text-align: center\"><a href=\"https:\/\/s3.ppllstatics.com\/elcomercio\/www\/multimedia\/2025\/03\/18\/gaitas10-U02464403630lkn-1200x840@El%20Comercio.jpg\"><img loading=\"lazy\" decoding=\"async\" class=\"aligncenter size-large\" src=\"https:\/\/s3.ppllstatics.com\/elcomercio\/www\/multimedia\/2025\/03\/18\/gaitas10-U02464403630lkn-1200x840@El%20Comercio.jpg\" width=\"1200\" height=\"840\" \/><\/a><\/div>\n<div dir=\"auto\"><\/div>\n<div dir=\"auto\" style=\"text-align: center\">\n<!-- iframe plugin v.6.0 wordpress.org\/plugins\/iframe\/ -->\n<iframe loading=\"lazy\" src=\"https:\/\/www.instagram.com\/reel\/DHX070MNuhz\/embed\" width=\"360\" height=\"500\" 0=\"\/iframe\" scrolling=\"yes\" class=\"iframe-class\" frameborder=\"0\"><\/iframe>\n<\/div>\n<div dir=\"auto\"><\/div>\n<div dir=\"auto\"><\/div>\n<div dir=\"auto\" style=\"text-align: center\">\n<!-- iframe plugin v.6.0 wordpress.org\/plugins\/iframe\/ -->\n<iframe loading=\"lazy\" src=\"https:\/\/www.facebook.com\/plugins\/video.php?height=314&#038;href=https%3A%2F%2Fwww.facebook.com%2Fcarmenmoriyon%2Fvideos%2F999799928726532%2F&#038;show_text=false&#038;width=560&#038;t=0\" width=\"560\" height=\"314\" style=\"border:none;overflow:hidden\" scrolling=\"no\" frameborder=\"0\" allowfullscreen=\"true\" allow=\"autoplay; clipboard-write; encrypted-media; picture-in-picture; web-share\" 0=\"\/iframe\" class=\"iframe-class\"><\/iframe>\n<\/div>\n<div dir=\"auto\">Ye un arguyu para n\u00f3s y para Asturies que pudi\u00e9ramos cuntar con un equipu tan profesional como&#8217;l que formen Carolina y Mois\u00e9s de la Radiotelevisi\u00f3n del Princip\u00e1u d&#8217;Asturies, mientres la nuesa participaci\u00f3n nel desfile de San Patriciu en Nueva York.<\/div>\n<div dir=\"auto\" style=\"text-align: center\">\n<!-- iframe plugin v.6.0 wordpress.org\/plugins\/iframe\/ -->\n<iframe loading=\"lazy\" src=\"https:\/\/www.facebook.com\/plugins\/video.php?height=312&#038;href=https%3A%2F%2Fwww.facebook.com%2Fbgvilladexixon%2Fvideos%2F964552559095385%2F&#038;show_text=false&#038;width=560&#038;t=0\" width=\"560\" height=\"312\" style=\"border:none;overflow:hidden\" scrolling=\"no\" frameborder=\"0\" allowfullscreen=\"true\" allow=\"autoplay; clipboard-write; encrypted-media; picture-in-picture; web-share\" 0=\"\/iframe\" class=\"iframe-class\"><\/iframe>\n<\/div>\n<div dir=\"auto\"><\/div>\n<\/div>\n<\/div>\n<\/div>\n<\/div>\n<\/div>\n<\/div>\n<\/div>\n<ul>\n<li class=\"html-h3 x11i5rnm xat24cr x1mh8g0r xexx8yu x4uap5 x18d9i69 xkhd6sd x1vvkbs x1heor9g x1qlqyl8 x1pd3egz x1a2a7pz x1gslohp x1yc453h\"><span class=\"x1lliihq x6ikm8r x10wlt62 x1n2onr6\"><span class=\"xt0psk2\"><a class=\"x1i10hfl xjbqb8w x1ejq31n xd10rxx x1sy0etr x17r0tee x972fbf xcfux6l x1qhh985 xm0m39n x9f619 x1ypdohk xt0psk2 xe8uvvx xdj266r x11i5rnm xat24cr x1mh8g0r xexx8yu x4uap5 x18d9i69 xkhd6sd x16tdsg8 x1hl2dhg xggy1nq x1a2a7pz xkrqix3 x1sur9pj xzsf02u x1s688f\" role=\"link\" href=\"https:\/\/www.facebook.com\/bgvilladexixon?__cft__[0]=AZXWnIa-vRzG28TXOaGyCyeUaihRQj0jeaX9RSVVba-Binc0J-NumRsHWo_bHJeYF5fZ1Fg3ObdV7_h8BoFBARa6XDgrI9pKceSgGTlSevP8UrDAFQ5bOlRk-IqGY8Ry6m5BE_Cfx96txzWoGMfYO2yY21GUvAGlFL0thz-j7WZF1zNJkL4nkQCdZFQeUD4pwL-X1ji_JHeHIlwbt3SLR8RdVsr4mLIlYyQnhSxDrgqRAg&amp;__tn__=-UC%2CP-y-R\"><strong class=\"html-strong xdj266r x11i5rnm xat24cr x1mh8g0r xexx8yu x4uap5 x18d9i69 xkhd6sd x1hl2dhg x16tdsg8 x1vvkbs x1s688f\"><span class=\"html-span xdj266r x11i5rnm xat24cr x1mh8g0r xexx8yu x4uap5 x18d9i69 xkhd6sd x1hl2dhg x16tdsg8 x1vvkbs\">Banda de Gaites Villa de Xix\u00f3n<\/span><\/strong><\/a><\/span><\/span>\/ <span class=\"html-span xdj266r x11i5rnm xat24cr x1mh8g0r xexx8yu x4uap5 x18d9i69 xkhd6sd x1hl2dhg x16tdsg8 x1vvkbs\"><a class=\"x1i10hfl xjbqb8w x1ejq31n xd10rxx x1sy0etr x17r0tee x972fbf xcfux6l x1qhh985 xm0m39n x9f619 x1ypdohk xt0psk2 xe8uvvx xdj266r x11i5rnm xat24cr x1mh8g0r xexx8yu x4uap5 x18d9i69 xkhd6sd x16tdsg8 x1hl2dhg xggy1nq x1a2a7pz xkrqix3 x1sur9pj x1fey0fg x1s688f\" role=\"link\" href=\"https:\/\/www.facebook.com\/hashtag\/vxnyc2025?__eep__=6&amp;__cft__[0]=AZXWnIa-vRzG28TXOaGyCyeUaihRQj0jeaX9RSVVba-Binc0J-NumRsHWo_bHJeYF5fZ1Fg3ObdV7_h8BoFBARa6XDgrI9pKceSgGTlSevP8UrDAFQ5bOlRk-IqGY8Ry6m5BE_Cfx96txzWoGMfYO2yY21GUvAGlFL0thz-j7WZF1zNJkL4nkQCdZFQeUD4pwL-X1ji_JHeHIlwbt3SLR8RdVsr4mLIlYyQnhSxDrgqRAg&amp;__tn__=*NK-y-R\">#vxnyc2025<\/a><\/span><\/li>\n<\/ul>\n<p style=\"text-align: center\"><a href=\"https:\/\/static.anuevayork.com\/wp-content\/uploads\/2020\/06\/13180423\/Que-ver-en-Central-Park-Rutas-a-pie-y-en-bicicleta.jpg\"><img loading=\"lazy\" decoding=\"async\" class=\"aligncenter \" src=\"https:\/\/static.anuevayork.com\/wp-content\/uploads\/2020\/06\/13180423\/Que-ver-en-Central-Park-Rutas-a-pie-y-en-bicicleta.jpg\" width=\"448\" height=\"298\" \/><\/a><em>Central Park en Nueva York.<\/em><\/p>\n<\/div>\n<\/div>\n<\/div>\n<\/div>\n<\/div>\n<div class=\"html-div xdj266r x11i5rnm xat24cr x1mh8g0r xexx8yu x4uap5 x18d9i69 xkhd6sd\" dir=\"auto\">\n<div class=\"html-div xdj266r x11i5rnm xat24cr x1mh8g0r xexx8yu x4uap5 x18d9i69 xkhd6sd\" dir=\"auto\">\n<div class=\"html-div xdj266r x11i5rnm xat24cr x1mh8g0r xexx8yu x4uap5 x18d9i69 xkhd6sd\" data-ad-rendering-role=\"story_message\">\n<div class=\"x1l90r2v x1iorvi4 x1ye3gou xn6708d\" data-ad-comet-preview=\"message\" data-ad-preview=\"message\">\n<div class=\"x78zum5 xdt5ytf xz62fqu x16ldp7u\">\n<div class=\"xu06os2 x1ok221b\">\n<div class=\"xdj266r x11i5rnm xat24cr x1mh8g0r x1vvkbs x126k92a\">\n<div dir=\"auto\">Otro amigu y gran gaiteiro <span class=\"html-span xdj266r x11i5rnm xat24cr x1mh8g0r xexx8yu x4uap5 x18d9i69 xkhd6sd x1hl2dhg x16tdsg8 x1vvkbs\"><a class=\"x1i10hfl xjbqb8w x1ejq31n xd10rxx x1sy0etr x17r0tee x972fbf xcfux6l x1qhh985 xm0m39n x9f619 x1ypdohk xt0psk2 xe8uvvx xdj266r x11i5rnm xat24cr x1mh8g0r xexx8yu x4uap5 x18d9i69 xkhd6sd x16tdsg8 x1hl2dhg xggy1nq x1a2a7pz xkrqix3 x1sur9pj x1fey0fg x1s688f\" role=\"link\" href=\"https:\/\/www.facebook.com\/CristianSilvaEgo?__cft__[0]=AZXWnIa-vRzG28TXOaGyCyeUaihRQj0jeaX9RSVVba-Binc0J-NumRsHWo_bHJeYF5fZ1Fg3ObdV7_h8BoFBARa6XDgrI9pKceSgGTlSevP8UrDAFQ5bOlRk-IqGY8Ry6m5BE_Cfx96txzWoGMfYO2yY21GUvAGlFL0thz-j7WZF1zNJkL4nkQCdZFQeUD4pwL-X1ji_JHeHIlwbt3SLR8RdVsr4mLIlYyQnhSxDrgqRAg&amp;__tn__=-]K-y-R\"><span class=\"xt0psk2\"><span class=\"xjp7ctv\">Cristian Silva<\/span><\/span><\/a><\/span> casi asturianu como&#8217;l nuesu amigu Claudio Silva, col que compartimos tables nel Teatru Xovellanos, \u00fanvianos esti especial saludu.<\/div>\n<div dir=\"auto\" style=\"text-align: center\">\n<!-- iframe plugin v.6.0 wordpress.org\/plugins\/iframe\/ -->\n<iframe loading=\"lazy\" src=\"https:\/\/www.facebook.com\/plugins\/video.php?height=314&#038;href=https%3A%2F%2Fwww.facebook.com%2Fbgvilladexixon%2Fvideos%2F1361939231507038%2F&#038;show_text=false&#038;width=560&#038;t=0\" width=\"560\" height=\"314\" style=\"border:none;overflow:hidden\" scrolling=\"no\" frameborder=\"0\" allowfullscreen=\"true\" allow=\"autoplay; clipboard-write; encrypted-media; picture-in-picture; web-share\" 0=\"\/iframe\" class=\"iframe-class\"><\/iframe>\n<\/div>\n<div dir=\"auto\"><\/div>\n<\/div>\n<\/div>\n<\/div>\n<\/div>\n<\/div>\n<\/div>\n<\/div>\n<p>&nbsp;<\/p>\n<div dir=\"auto\" style=\"text-align: center\">Amiga, escelente actriz y gaitera en#potencia Mar\u00eda Cotiello nos env\u00edanos sti cari\u00f1osu saludu, \u00a1Gracies Mar\u00eda!<\/div>\n<div dir=\"auto\"><\/div>\n<div dir=\"auto\" style=\"text-align: center\">\n<!-- iframe plugin v.6.0 wordpress.org\/plugins\/iframe\/ -->\n<iframe loading=\"lazy\" src=\"https:\/\/www.facebook.com\/plugins\/video.php?height=314&#038;href=https%3A%2F%2Fwww.facebook.com%2Fbgvilladexixon%2Fvideos%2F1000900528620472%2F&#038;show_text=false&#038;width=560&#038;t=0\" width=\"560\" height=\"314\" style=\"border:none;overflow:hidden\" scrolling=\"no\" frameborder=\"0\" allowfullscreen=\"true\" allow=\"autoplay; clipboard-write; encrypted-media; picture-in-picture; web-share\" 0=\"\/iframe\" class=\"iframe-class\"><\/iframe>\n<\/div>\n<div dir=\"auto\"><\/div>\n<div dir=\"auto\">Entrada ayeri en <strong>Little Spain<\/strong>, conglomer\u00e1u de restoranes espa\u00f1oles rexentaos pol chef Jos\u00e9 Andr\u00e9s. Templu de la gastronom\u00eda espa\u00f1ola nuna redolada inigualable asiti\u00e1u en plenu Manhattan. <span class=\"html-span xdj266r x11i5rnm xat24cr x1mh8g0r xexx8yu x4uap5 x18d9i69 xkhd6sd x1hl2dhg x16tdsg8 x1vvkbs\"><a class=\"x1i10hfl xjbqb8w x1ejq31n xd10rxx x1sy0etr x17r0tee x972fbf xcfux6l x1qhh985 xm0m39n x9f619 x1ypdohk xt0psk2 xe8uvvx xdj266r x11i5rnm xat24cr x1mh8g0r xexx8yu x4uap5 x18d9i69 xkhd6sd x16tdsg8 x1hl2dhg xggy1nq x1a2a7pz xkrqix3 x1sur9pj x1fey0fg x1s688f\" role=\"link\" href=\"https:\/\/www.facebook.com\/littlespain?__cft__[0]=AZWk1zriC9aDTCWWjHcMR9hyD8C2y_uvNxs_Fa3IOm0BxYI_gIbP5FqGl9zv3gNvhOfRyfISL-zGwxPdohj5gio5xlJR26w2TYvAdZYmD7dbBbqgYVx_JnK2AJYyNaSNZYVJewqt3XS2hjUvrwArozPFV9trJOc4pbyjVDIhBDjEAiVe_iATwCd3ivdSNCYQdFQe1KMZoNYVRv7nIVmAO7zy&amp;__tn__=-]K-R\"><span class=\"xt0psk2\"><span class=\"xjp7ctv\">Mercado Little Spain<\/span><\/span><\/a><\/span>.<\/div>\n<div dir=\"auto\"><\/div>\n<div dir=\"auto\" style=\"text-align: center\">\n<!-- iframe plugin v.6.0 wordpress.org\/plugins\/iframe\/ -->\n<iframe loading=\"lazy\" src=\"https:\/\/www.facebook.com\/plugins\/video.php?height=476&#038;href=https%3A%2F%2Fwww.facebook.com%2Fbgvilladexixon%2Fvideos%2F548214074378042%2F&#038;show_text=false&#038;width=264&#038;t=0\" width=\"264\" height=\"476\" style=\"border:none;overflow:hidden\" scrolling=\"no\" frameborder=\"0\" allowfullscreen=\"true\" allow=\"autoplay; clipboard-write; encrypted-media; picture-in-picture; web-share\" 0=\"\/iframe\" class=\"iframe-class\"><\/iframe>\n<\/div>\n<div dir=\"auto\"><\/div>\n<div dir=\"auto\" style=\"text-align: center\">\n<!-- iframe plugin v.6.0 wordpress.org\/plugins\/iframe\/ -->\n<iframe loading=\"lazy\" src=\"https:\/\/www.facebook.com\/plugins\/video.php?height=476&#038;href=https%3A%2F%2Fwww.facebook.com%2Freel%2F1297151648026245%2F&#038;show_text=false&#038;width=267&#038;t=0\" width=\"267\" height=\"476\" style=\"border:none;overflow:hidden\" scrolling=\"no\" frameborder=\"0\" allowfullscreen=\"true\" allow=\"autoplay; clipboard-write; encrypted-media; picture-in-picture; web-share\" 0=\"\/iframe\" class=\"iframe-class\"><\/iframe>\n<\/div>\n<div dir=\"auto\" style=\"text-align: center\">\n<!-- iframe plugin v.6.0 wordpress.org\/plugins\/iframe\/ -->\n<iframe loading=\"lazy\" src=\"https:\/\/www.facebook.com\/plugins\/video.php?height=314&#038;href=https%3A%2F%2Fwww.facebook.com%2Fbgvilladexixon%2Fvideos%2F1681862135735647%2F&#038;show_text=false&#038;width=560&#038;t=0\" width=\"560\" height=\"314\" style=\"border:none;overflow:hidden\" scrolling=\"no\" frameborder=\"0\" allowfullscreen=\"true\" allow=\"autoplay; clipboard-write; encrypted-media; picture-in-picture; web-share\" 0=\"\/iframe\" class=\"iframe-class\"><\/iframe>\n<\/div>\n","protected":false},"excerpt":{"rendered":"<p>Banda de Gaitas Villa de Xix\u00f3n est\u00e1 en NYC. \/ #vxnyc2025\/ El Comercio \/ Ganemos el premiu \ud83c\udfc6 a la meyor banda estranxera, nel desfile de San Patriciu en Nueva York 2025 \ud83c\uddfa\ud83c\uddf8 Compitiendo con agrupaciones d&#8217;Irlanda, Canad\u00e1 y Breta\u00f1a.<\/p>\n","protected":false},"author":117,"featured_media":0,"comment_status":"open","ping_status":"open","sticky":false,"template":"","format":"standard","meta":{"footnotes":""},"categories":[425],"tags":[],"class_list":["post-43950","post","type-post","status-publish","format-standard","hentry","category-gaita"],"_links":{"self":[{"href":"https:\/\/edublog.educastur.es\/ixuxu\/wp-json\/wp\/v2\/posts\/43950","targetHints":{"allow":["GET"]}}],"collection":[{"href":"https:\/\/edublog.educastur.es\/ixuxu\/wp-json\/wp\/v2\/posts"}],"about":[{"href":"https:\/\/edublog.educastur.es\/ixuxu\/wp-json\/wp\/v2\/types\/post"}],"author":[{"embeddable":true,"href":"https:\/\/edublog.educastur.es\/ixuxu\/wp-json\/wp\/v2\/users\/117"}],"replies":[{"embeddable":true,"href":"https:\/\/edublog.educastur.es\/ixuxu\/wp-json\/wp\/v2\/comments?post=43950"}],"version-history":[{"count":18,"href":"https:\/\/edublog.educastur.es\/ixuxu\/wp-json\/wp\/v2\/posts\/43950\/revisions"}],"predecessor-version":[{"id":44172,"href":"https:\/\/edublog.educastur.es\/ixuxu\/wp-json\/wp\/v2\/posts\/43950\/revisions\/44172"}],"wp:attachment":[{"href":"https:\/\/edublog.educastur.es\/ixuxu\/wp-json\/wp\/v2\/media?parent=43950"}],"wp:term":[{"taxonomy":"category","embeddable":true,"href":"https:\/\/edublog.educastur.es\/ixuxu\/wp-json\/wp\/v2\/categories?post=43950"},{"taxonomy":"post_tag","embeddable":true,"href":"https:\/\/edublog.educastur.es\/ixuxu\/wp-json\/wp\/v2\/tags?post=43950"}],"curies":[{"name":"wp","href":"https:\/\/api.w.org\/{rel}","templated":true}]}}