{"id":43959,"date":"2025-03-16T12:00:22","date_gmt":"2025-03-16T10:00:22","guid":{"rendered":"https:\/\/edublog.educastur.es\/ixuxu\/?p=43959"},"modified":"2025-03-16T15:09:53","modified_gmt":"2025-03-16T13:09:53","slug":"el-cume-del-picu-tiatordos","status":"publish","type":"post","link":"https:\/\/edublog.educastur.es\/ixuxu\/2025\/03\/el-cume-del-picu-tiatordos\/","title":{"rendered":"El cume del Picu Tiatordos (1951 metros)"},"content":{"rendered":"<div class=\"html-div xdj266r x11i5rnm xat24cr x1mh8g0r xexx8yu x1a8lsjc x1swvt13 x1pi30zi\">\n<div class=\"html-div xdj266r x11i5rnm xat24cr x1mh8g0r xexx8yu x4uap5 x18d9i69 xkhd6sd x1jx94hy x78zum5 x1q0g3np\">\n<div class=\"x78zum5 xdt5ytf xz62fqu x16ldp7u\">\n<div class=\"xu06os2 x1ok221b\">\n<div class=\"html-div xdj266r x11i5rnm xat24cr x1mh8g0r xexx8yu x4uap5 x18d9i69 xkhd6sd\" data-ad-rendering-role=\"profile_name\">\n<div class=\"x6prxxf xk50ysn xvq8zen\">\n<ul>\n<li dir=\"ltr\"><span class=\"x1lliihq x6ikm8r x10wlt62 x1n2onr6\"><span dir=\"ltr\"><span class=\"\"><span class=\"xt0psk2\"><a class=\"x1i10hfl xjbqb8w x1ejq31n xd10rxx x1sy0etr x17r0tee x972fbf xcfux6l x1qhh985 xm0m39n x9f619 x1ypdohk xt0psk2 xe8uvvx xdj266r x11i5rnm xat24cr x1mh8g0r xexx8yu x4uap5 x18d9i69 xkhd6sd x16tdsg8 x1hl2dhg xggy1nq x1a2a7pz xkrqix3 x1sur9pj xzsf02u x1s688f\" role=\"link\" href=\"https:\/\/www.facebook.com\/groups\/209466972797875\/user\/100002236633879\/?__cft__[0]=AZWv2dDTpGANHL1a8y_gN8qMWBaXs7RprSVJL4pXRb5YljetxJb-F_tbxPN9JeO6ZCHufFGqRVwLUbJLDv4W30AxsVSGLEbPRt-Es8uxoXasFCKiiQSYiDy6Ie0IDd8yrQvMz5kv7Vd5PJtKvCGTnz2ezGktWe4oF3ahV7nF5Oz4ilpXVDdVlOdK1RNF7D7-ERjcEofUcRVKDNx8QnuhxTwa9EdJALa8ks5mo0CmKBxgcw&amp;__tn__=-UC%2CP-y-R\"><span class=\"html-span xdj266r x11i5rnm xat24cr x1mh8g0r xexx8yu x4uap5 x18d9i69 xkhd6sd x1hl2dhg x16tdsg8 x1vvkbs\">Jorge Picallo Alcaraz<\/span><\/a><\/span><\/span><\/span><i class=\"x1b0d499 x1d69dk1\" data-visualcompletion=\"css-img\" aria-label=\"public\u00f3 en\"><\/i><span dir=\"ltr\"><span class=\"xt0psk2\"><span class=\"xjp7ctv\"><a class=\"x1i10hfl xjbqb8w x1ejq31n xd10rxx x1sy0etr x17r0tee x972fbf xcfux6l x1qhh985 xm0m39n x9f619 x1ypdohk xt0psk2 xe8uvvx xdj266r x11i5rnm xat24cr x1mh8g0r xexx8yu x4uap5 x18d9i69 xkhd6sd x16tdsg8 x1hl2dhg xggy1nq x1a2a7pz xkrqix3 x1sur9pj xzsf02u x1s688f\" role=\"link\" href=\"https:\/\/www.facebook.com\/groups\/209466972797875\/?__cft__[0]=AZWv2dDTpGANHL1a8y_gN8qMWBaXs7RprSVJL4pXRb5YljetxJb-F_tbxPN9JeO6ZCHufFGqRVwLUbJLDv4W30AxsVSGLEbPRt-Es8uxoXasFCKiiQSYiDy6Ie0IDd8yrQvMz5kv7Vd5PJtKvCGTnz2ezGktWe4oF3ahV7nF5Oz4ilpXVDdVlOdK1RNF7D7-ERjcEofUcRVKDNx8QnuhxTwa9EdJALa8ks5mo0CmKBxgcw&amp;__tn__=-UC%2CP-y-R\"><span class=\"html-span xdj266r x11i5rnm xat24cr x1mh8g0r xexx8yu x4uap5 x18d9i69 xkhd6sd x1hl2dhg x16tdsg8 x1vvkbs\">PICOS D&#8217;EUROPA<\/span><\/a><\/span><\/span><\/span><\/span>\/ <strong><a href=\"https:\/\/scontent-mad2-1.xx.fbcdn.net\/v\/t39.30808-6\/483837544_9330414737042988_6922649476467941200_n.jpg?_nc_cat=111&amp;ccb=1-7&amp;_nc_sid=aa7b47&amp;_nc_ohc=ZggiUt1ROC0Q7kNvgGlxMCZ&amp;_nc_oc=AdixJ1qMyFKr5n3ynXikqK4TA9UVx7DSh2pi0c892ixQuR_LY4bInAKW3ZE3FpuDG7s&amp;_nc_zt=23&amp;_nc_ht=scontent-mad2-1.xx&amp;_nc_gid=IgO2NiEQhKSURPP2atJ0EA&amp;oh=00_AYGTLSJQWYS5zib102sIKeSeqjsQFvwUslCj0NMB7HWiVw&amp;oe=67DC74DF\">ver<\/a> <\/strong>s<a href=\"https:\/\/scontent-mad2-1.xx.fbcdn.net\/v\/t39.30808-6\/483837544_9330414737042988_6922649476467941200_n.jpg?_nc_cat=111&amp;ccb=1-7&amp;_nc_sid=aa7b47&amp;_nc_ohc=ZggiUt1ROC0Q7kNvgGlxMCZ&amp;_nc_oc=AdixJ1qMyFKr5n3ynXikqK4TA9UVx7DSh2pi0c892ixQuR_LY4bInAKW3ZE3FpuDG7s&amp;_nc_zt=23&amp;_nc_ht=scontent-mad2-1.xx&amp;_nc_gid=IgO2NiEQhKSURPP2atJ0EA&amp;oh=00_AYGTLSJQWYS5zib102sIKeSeqjsQFvwUslCj0NMB7HWiVw&amp;oe=67DC74DF\">emeya\u00a0<\/a><\/li>\n<li dir=\"ltr\"><span style=\"color: #008080\"><strong>Picu Tiatordos<\/strong><\/span>: <a href=\"https:\/\/es.wikiloc.com\/rutas-senderismo\/pico-tiatordos-redes-53063286\">Wikilock<\/a> \/ <a href=\"https:\/\/www.google.es\/maps\/place\/Tiatordos\/@43.1960275,-5.2582885,13z\">maps<\/a> \/ <a href=\"https:\/\/www.traveler.es\/articulos\/pico-tiatordos-asturias-la-montana-perfecta\">Traveler<\/a> \/<\/li>\n<\/ul>\n<\/div>\n<\/div>\n<\/div>\n<\/div>\n<\/div>\n<\/div>\n<div class=\"html-div xdj266r x11i5rnm xat24cr x1mh8g0r xexx8yu x4uap5 x18d9i69 xkhd6sd\" dir=\"auto\">\n<div class=\"html-div xdj266r x11i5rnm xat24cr x1mh8g0r xexx8yu x4uap5 x18d9i69 xkhd6sd\" dir=\"auto\">\n<div class=\"html-div xdj266r x11i5rnm xat24cr x1mh8g0r xexx8yu x4uap5 x18d9i69 xkhd6sd\" data-ad-rendering-role=\"story_message\">\n<div class=\"x1l90r2v x1iorvi4 x1ye3gou xn6708d\" data-ad-comet-preview=\"message\" data-ad-preview=\"message\">\n<div class=\"x78zum5 xdt5ytf xz62fqu x16ldp7u\">\n<div class=\"xu06os2 x1ok221b\">\n<div class=\"xdj266r x11i5rnm xat24cr x1mh8g0r x1vvkbs x126k92a\">\n<p>&nbsp;<\/p>\n<p style=\"text-align: center\"><a href=\"https:\/\/upload.wikimedia.org\/wikipedia\/commons\/thumb\/0\/0a\/Tiatordos_visto_desde_el_Recuencu.jpg\/1280px-Tiatordos_visto_desde_el_Recuencu.jpg\"><img loading=\"lazy\" decoding=\"async\" class=\"aligncenter \" src=\"https:\/\/upload.wikimedia.org\/wikipedia\/commons\/thumb\/0\/0a\/Tiatordos_visto_desde_el_Recuencu.jpg\/1280px-Tiatordos_visto_desde_el_Recuencu.jpg\" width=\"844\" height=\"593\" \/><\/a><\/p>\n<p>El cume del<span style=\"color: #008080\"><strong> Picu Tiatordos<\/strong><\/span> dende&#8217;l Puertu de Panderrueda, carretera -Y-2711 (Ria\u00f1u o Cangues d&#8217;Onis con Posada de Valde\u00f3n), Picos d&#8217;Europa, Valde\u00f3n, Lli\u00f3n, Espa\u00f1a. Ye unu monte de 1951 m d&#8217;altit\u00fa allugada <span style=\"color: #008080\"><strong>nel oriente d&#8217;Asturies<\/strong>.<\/span> Int\u00e9grase nel <strong><span style=\"color: #008080\">Parque Natural de Redes<\/span><\/strong> y establez la divisoria de dos conceyos: Ponga y Casu.\u200b<\/p>\n<p><!--more--><\/p>\n<p>La prominencia d&#8217;esti picu, el so caracter\u00edsticu cume, la so altit\u00fa y la guapura del redolada que la arrodia faen del Tiatordos una de los montes m\u00e1s emblem\u00e1ticos del parque natural de Redes.<\/p>\n<p>Rutes d&#8217;accesu Dende Casu: La ruta de monta\u00f1ismu m\u00e1s frecuente para llegar al Tiatordos parte de Pendonos. Dende Ponga, les rutes d&#8217;accesu empiecen en Taranes y Tanda.<\/p>\n<p style=\"text-align: center\"><a href=\"https:\/\/media.traveler.es\/photos\/66e46ce15e9d562bbfb30f48\/16:9\/w_1920,c_limit\/RGRXY5%20(1).jpg\"><img loading=\"lazy\" decoding=\"async\" class=\"aligncenter size-large\" src=\"https:\/\/media.traveler.es\/photos\/66e46ce15e9d562bbfb30f48\/16:9\/w_1920,c_limit\/RGRXY5%20(1).jpg\" width=\"1920\" height=\"1080\" \/><\/a><\/p>\n<\/div>\n<\/div>\n<\/div>\n<\/div>\n<\/div>\n<\/div>\n<\/div>\n<p>&nbsp;<\/p>\n","protected":false},"excerpt":{"rendered":"<p>Jorge Picallo AlcarazPICOS D&#8217;EUROPA\/ ver semeya\u00a0 Picu Tiatordos: Wikilock \/ maps \/ Traveler \/ &nbsp; El cume del Picu Tiatordos dende&#8217;l Puertu de Panderrueda, carretera -Y-2711 (Ria\u00f1u o Cangues d&#8217;Onis con Posada de Valde\u00f3n), Picos d&#8217;Europa, Valde\u00f3n, Lli\u00f3n, Espa\u00f1a. Ye unu monte de 1951 m d&#8217;altit\u00fa allugada nel oriente d&#8217;Asturies. Int\u00e9grase nel Parque Natural de [&hellip;]<\/p>\n","protected":false},"author":117,"featured_media":0,"comment_status":"open","ping_status":"open","sticky":false,"template":"","format":"standard","meta":{"footnotes":""},"categories":[311],"tags":[],"class_list":["post-43959","post","type-post","status-publish","format-standard","hentry","category-montes"],"_links":{"self":[{"href":"https:\/\/edublog.educastur.es\/ixuxu\/wp-json\/wp\/v2\/posts\/43959","targetHints":{"allow":["GET"]}}],"collection":[{"href":"https:\/\/edublog.educastur.es\/ixuxu\/wp-json\/wp\/v2\/posts"}],"about":[{"href":"https:\/\/edublog.educastur.es\/ixuxu\/wp-json\/wp\/v2\/types\/post"}],"author":[{"embeddable":true,"href":"https:\/\/edublog.educastur.es\/ixuxu\/wp-json\/wp\/v2\/users\/117"}],"replies":[{"embeddable":true,"href":"https:\/\/edublog.educastur.es\/ixuxu\/wp-json\/wp\/v2\/comments?post=43959"}],"version-history":[{"count":8,"href":"https:\/\/edublog.educastur.es\/ixuxu\/wp-json\/wp\/v2\/posts\/43959\/revisions"}],"predecessor-version":[{"id":43995,"href":"https:\/\/edublog.educastur.es\/ixuxu\/wp-json\/wp\/v2\/posts\/43959\/revisions\/43995"}],"wp:attachment":[{"href":"https:\/\/edublog.educastur.es\/ixuxu\/wp-json\/wp\/v2\/media?parent=43959"}],"wp:term":[{"taxonomy":"category","embeddable":true,"href":"https:\/\/edublog.educastur.es\/ixuxu\/wp-json\/wp\/v2\/categories?post=43959"},{"taxonomy":"post_tag","embeddable":true,"href":"https:\/\/edublog.educastur.es\/ixuxu\/wp-json\/wp\/v2\/tags?post=43959"}],"curies":[{"name":"wp","href":"https:\/\/api.w.org\/{rel}","templated":true}]}}