{"id":43998,"date":"2025-03-10T12:10:01","date_gmt":"2025-03-10T10:10:01","guid":{"rendered":"https:\/\/edublog.educastur.es\/ixuxu\/?p=43998"},"modified":"2025-03-19T17:54:12","modified_gmt":"2025-03-19T15:54:12","slug":"refranes-asturianos-7","status":"publish","type":"post","link":"https:\/\/edublog.educastur.es\/ixuxu\/2025\/03\/refranes-asturianos-7\/","title":{"rendered":"Refranes asturianos 7"},"content":{"rendered":"<p style=\"text-align: center\"><a href=\"https:\/\/blogger.googleusercontent.com\/img\/b\/R29vZ2xl\/AVvXsEg87G3VH43trYzpekmaWOL21KKTMMfwng_WE2R3GZlZDxQFv_H7J3_Mqu5az7w_JM1h9MStz8asgvDrn2iTgID8YfrJeeCQ0WfPJiDPfM82x25oQL0_wz81muI63lSAzUe4P5eu-PEPwBzTCIJOLtudP_mFs7BCRww7dhPSIxILBPZhVYI2s04Q5KwTjDX5\/s1800\/Refranes%207.png\"><img loading=\"lazy\" decoding=\"async\" class=\"aligncenter size-large\" src=\"https:\/\/blogger.googleusercontent.com\/img\/b\/R29vZ2xl\/AVvXsEg87G3VH43trYzpekmaWOL21KKTMMfwng_WE2R3GZlZDxQFv_H7J3_Mqu5az7w_JM1h9MStz8asgvDrn2iTgID8YfrJeeCQ0WfPJiDPfM82x25oQL0_wz81muI63lSAzUe4P5eu-PEPwBzTCIJOLtudP_mFs7BCRww7dhPSIxILBPZhVYI2s04Q5KwTjDX5\/s1800\/Refranes%207.png\" width=\"1800\" height=\"1200\" \/><\/a><\/p>\n<ul>\n<li><a href=\"https:\/\/blogger.googleusercontent.com\/img\/b\/R29vZ2xl\/AVvXsEg87G3VH43trYzpekmaWOL21KKTMMfwng_WE2R3GZlZDxQFv_H7J3_Mqu5az7w_JM1h9MStz8asgvDrn2iTgID8YfrJeeCQ0WfPJiDPfM82x25oQL0_wz81muI63lSAzUe4P5eu-PEPwBzTCIJOLtudP_mFs7BCRww7dhPSIxILBPZhVYI2s04Q5KwTjDX5\/s1800\/Refranes%207.png\"><strong>Vi\u00f1eta<\/strong><\/a> \/ <a href=\"https:\/\/efrendibuxos2.blogspot.com\">Blogue d&#8217;Efr\u00e9n d&#8217;Andr\u00e9s<\/a> \/<\/li>\n<\/ul>\n<div id=\"post-body-1348807501564472586\" class=\"post-body entry-content\">\n<p><em><span style=\"color: #ffff99\"><strong>L&#8217;arbeyu<\/strong> representa la xuvent\u00fa, la vida lloca y ensin atadures. <strong>El platu<\/strong> ye esi sitiu s\u00f3lidu y seguru al que s&#8217;espera torne l&#8217;arbeyu depu\u00e9s d&#8217;asentar la cabeza.<\/span><\/em><\/p>\n<\/div>\n<div><\/div>\n<div class=\"post-footer\"><\/div>\n","protected":false},"excerpt":{"rendered":"<p>Vi\u00f1eta \/ Blogue d&#8217;Efr\u00e9n d&#8217;Andr\u00e9s \/ L&#8217;arbeyu representa la xuvent\u00fa, la vida lloca y ensin atadures. El platu ye esi sitiu s\u00f3lidu y seguru al que s&#8217;espera torne l&#8217;arbeyu depu\u00e9s d&#8217;asentar la cabeza.<\/p>\n","protected":false},"author":117,"featured_media":0,"comment_status":"open","ping_status":"open","sticky":false,"template":"","format":"aside","meta":{"footnotes":""},"categories":[411],"tags":[],"class_list":["post-43998","post","type-post","status-publish","format-aside","hentry","category-refranes","post_format-post-format-aside"],"_links":{"self":[{"href":"https:\/\/edublog.educastur.es\/ixuxu\/wp-json\/wp\/v2\/posts\/43998","targetHints":{"allow":["GET"]}}],"collection":[{"href":"https:\/\/edublog.educastur.es\/ixuxu\/wp-json\/wp\/v2\/posts"}],"about":[{"href":"https:\/\/edublog.educastur.es\/ixuxu\/wp-json\/wp\/v2\/types\/post"}],"author":[{"embeddable":true,"href":"https:\/\/edublog.educastur.es\/ixuxu\/wp-json\/wp\/v2\/users\/117"}],"replies":[{"embeddable":true,"href":"https:\/\/edublog.educastur.es\/ixuxu\/wp-json\/wp\/v2\/comments?post=43998"}],"version-history":[{"count":3,"href":"https:\/\/edublog.educastur.es\/ixuxu\/wp-json\/wp\/v2\/posts\/43998\/revisions"}],"predecessor-version":[{"id":44002,"href":"https:\/\/edublog.educastur.es\/ixuxu\/wp-json\/wp\/v2\/posts\/43998\/revisions\/44002"}],"wp:attachment":[{"href":"https:\/\/edublog.educastur.es\/ixuxu\/wp-json\/wp\/v2\/media?parent=43998"}],"wp:term":[{"taxonomy":"category","embeddable":true,"href":"https:\/\/edublog.educastur.es\/ixuxu\/wp-json\/wp\/v2\/categories?post=43998"},{"taxonomy":"post_tag","embeddable":true,"href":"https:\/\/edublog.educastur.es\/ixuxu\/wp-json\/wp\/v2\/tags?post=43998"}],"curies":[{"name":"wp","href":"https:\/\/api.w.org\/{rel}","templated":true}]}}