{"id":44022,"date":"2025-03-17T09:00:59","date_gmt":"2025-03-17T07:00:59","guid":{"rendered":"https:\/\/edublog.educastur.es\/ixuxu\/?p=44022"},"modified":"2025-03-19T12:19:00","modified_gmt":"2025-03-19T10:19:00","slug":"dia-del-comic-y-del-tebeu","status":"publish","type":"post","link":"https:\/\/edublog.educastur.es\/ixuxu\/2025\/03\/dia-del-comic-y-del-tebeu\/","title":{"rendered":"D\u00eda del C\u00f3mic y del Teb\u00e9u"},"content":{"rendered":"<p style=\"text-align: center\"><a href=\"https:\/\/diadelcomic.es\/wp-content\/uploads\/2025\/02\/dia-del-comic-2025-web3-1024x240.jpg\"><img loading=\"lazy\" decoding=\"async\" class=\"aligncenter size-large\" src=\"https:\/\/diadelcomic.es\/wp-content\/uploads\/2025\/02\/dia-del-comic-2025-web3-1024x240.jpg\" width=\"1024\" height=\"240\" \/><\/a><\/p>\n<p><strong>N&#8217;una socied\u00e1 visual la lliteratura vien de la mano de la novela gr\u00e1fica infantil y xuvenil.<\/strong> Resulta bien curiosa para averar la so llectura a les aules.\u00a0El pas\u00e1u 11 de xunetu de 2022 el Conseyu de Ministros alcord\u00f3 la declaraci\u00f3n del 17 de marzu D\u00eda del C\u00f3mic y del Teb\u00e9u,<strong> midida para impulsar el sector, reconociendo&#8217;l papel de los sos profesionales na vida social y cultural.<\/strong><\/p>\n<ul>\n<li><a href=\"https:\/\/diadelcomic.es\">https:\/\/diadelcomic.es\u00a0<\/a> \/\u00a0<strong> <a href=\"https:\/\/www.cultura.gob.es\/dam\/jcr:1fb3da4e-c764-4ef5-82c4-d5bb2d0e249c\/02-asturiano-bable-dia-del-comic.pdf\">cartel n&#8217;asturianu pdf<\/a> <\/strong>\/<a href=\"https:\/\/www.cultura.gob.es\/cultura\/areas\/libro\/mc\/dia-comic-y-tebeo-2025\/cartel.html\" target=\"_blank\" rel=\"noopener\">Cartel n&#8217;otres lling\u00fces<\/a><\/li>\n<\/ul>\n<p><!--more--><\/p>\n<p style=\"text-align: center\"><a href=\"https:\/\/www.cultura.gob.es\/.imaging\/mte\/mcd-theme\/contenido-cgi-mdm\/dam\/mcd\/cultura\/areas\/libro\/mc\/dia-comic-y-tebeo-2025\/cartel\/asturiano-bable-dia-del-comic\/jcr:content\/asturiano-bable-dia-del-comic.png\"><img loading=\"lazy\" decoding=\"async\" class=\"aligncenter size-large\" src=\"https:\/\/www.cultura.gob.es\/.imaging\/mte\/mcd-theme\/contenido-cgi-mdm\/dam\/mcd\/cultura\/areas\/libro\/mc\/dia-comic-y-tebeo-2025\/cartel\/asturiano-bable-dia-del-comic\/jcr:content\/asturiano-bable-dia-del-comic.png\" width=\"576\" height=\"806\" \/><\/a><!--more--><\/p>\n<p style=\"text-align: left\">Por eso recordamos cinco de los munchos beneficios de lleer novela gr\u00e1fica y c\u00f3mic:<\/p>\n<p><span style=\"color: #008080\"><em>* Fomenten el vezu de la llectura y xeneren enfotu nos primeros llectores. <\/em><\/span><br \/>\n<span style=\"color: #008080\"><em>* Desenvuelve la comprensi\u00f3n llectora y ameyora el vocabulariu. <\/em><\/span><br \/>\n<span style=\"color: #008080\"><em>* Aguiyen la creativid\u00e1 y l&#8217;imaxinaci\u00f3n. <\/em><\/span><br \/>\n<span style=\"color: #008080\"><em>* Facilita la llectura en familia. <\/em><\/span><br \/>\n<span style=\"color: #008080\"><em>* Promueve l&#8217;aprendizaxe de temes concretes.<\/em><\/span><\/p>\n<p>&nbsp;<\/p>\n<p style=\"text-align: center\"><a href=\"https:\/\/i1.whakoom.com\/large\/2f\/19\/8478f9300a0f48dc862164f1694be53e.jpg\"><img loading=\"lazy\" decoding=\"async\" class=\"aligncenter size-large\" src=\"https:\/\/i1.whakoom.com\/large\/2f\/19\/8478f9300a0f48dc862164f1694be53e.jpg\" width=\"311\" height=\"465\" \/><\/a><\/p>\n","protected":false},"excerpt":{"rendered":"<p>N&#8217;una socied\u00e1 visual la lliteratura vien de la mano de la novela gr\u00e1fica infantil y xuvenil. Resulta bien curiosa para averar la so llectura a les aules.\u00a0El pas\u00e1u 11 de xunetu de 2022 el Conseyu de Ministros alcord\u00f3 la declaraci\u00f3n del 17 de marzu D\u00eda del C\u00f3mic y del Teb\u00e9u, midida para impulsar el sector, [&hellip;]<\/p>\n","protected":false},"author":117,"featured_media":0,"comment_status":"open","ping_status":"open","sticky":false,"template":"","format":"standard","meta":{"footnotes":""},"categories":[6],"tags":[],"class_list":["post-44022","post","type-post","status-publish","format-standard","hentry","category-dia-de"],"_links":{"self":[{"href":"https:\/\/edublog.educastur.es\/ixuxu\/wp-json\/wp\/v2\/posts\/44022","targetHints":{"allow":["GET"]}}],"collection":[{"href":"https:\/\/edublog.educastur.es\/ixuxu\/wp-json\/wp\/v2\/posts"}],"about":[{"href":"https:\/\/edublog.educastur.es\/ixuxu\/wp-json\/wp\/v2\/types\/post"}],"author":[{"embeddable":true,"href":"https:\/\/edublog.educastur.es\/ixuxu\/wp-json\/wp\/v2\/users\/117"}],"replies":[{"embeddable":true,"href":"https:\/\/edublog.educastur.es\/ixuxu\/wp-json\/wp\/v2\/comments?post=44022"}],"version-history":[{"count":13,"href":"https:\/\/edublog.educastur.es\/ixuxu\/wp-json\/wp\/v2\/posts\/44022\/revisions"}],"predecessor-version":[{"id":44216,"href":"https:\/\/edublog.educastur.es\/ixuxu\/wp-json\/wp\/v2\/posts\/44022\/revisions\/44216"}],"wp:attachment":[{"href":"https:\/\/edublog.educastur.es\/ixuxu\/wp-json\/wp\/v2\/media?parent=44022"}],"wp:term":[{"taxonomy":"category","embeddable":true,"href":"https:\/\/edublog.educastur.es\/ixuxu\/wp-json\/wp\/v2\/categories?post=44022"},{"taxonomy":"post_tag","embeddable":true,"href":"https:\/\/edublog.educastur.es\/ixuxu\/wp-json\/wp\/v2\/tags?post=44022"}],"curies":[{"name":"wp","href":"https:\/\/api.w.org\/{rel}","templated":true}]}}