{"id":44044,"date":"2025-03-17T11:31:37","date_gmt":"2025-03-17T09:31:37","guid":{"rendered":"https:\/\/edublog.educastur.es\/ixuxu\/?p=44044"},"modified":"2025-03-17T13:30:12","modified_gmt":"2025-03-17T11:30:12","slug":"44044","status":"publish","type":"post","link":"https:\/\/edublog.educastur.es\/ixuxu\/2025\/03\/44044\/","title":{"rendered":"Segundu nel \u00abIII Certame Talentos\u00bb col postre,\u00a0 &#8216;La mazana d&#8217;Eva&#8217;,"},"content":{"rendered":"<div class=\"html-div xdj266r xat24cr x1mh8g0r xexx8yu x4uap5 x18d9i69 xkhd6sd x78zum5 x2lah0s xqtp20y x1emribx\">\n<div class=\"xc9qbxq x1td3qas x6s0dn4 x78zum5 xl56j7k\">\n<div class=\"\" style=\"text-align: center\"><\/div>\n<div style=\"text-align: center\"><a href=\"https:\/\/estaticos-cdn.prensaiberica.es\/clip\/a28d2dcb-e6ea-4028-935e-1d3812159eca_16-9-discover-aspect-ratio_default_0_x744y504.webp\"><img loading=\"lazy\" decoding=\"async\" class=\"aligncenter size-large\" src=\"https:\/\/estaticos-cdn.prensaiberica.es\/clip\/a28d2dcb-e6ea-4028-935e-1d3812159eca_16-9-discover-aspect-ratio_default_0_x744y504.webp\" width=\"1200\" height=\"675\" \/><\/a><\/div>\n<\/div>\n<\/div>\n<div class=\"x78zum5 xdt5ytf xz62fqu x16ldp7u\">\n<div class=\"xu06os2 x1ok221b\">\n<div class=\"html-div xdj266r x11i5rnm xat24cr x1mh8g0r xexx8yu x4uap5 x18d9i69 xkhd6sd\" data-ad-rendering-role=\"profile_name\">\n<ul>\n<li class=\"html-h3 x11i5rnm xat24cr x1mh8g0r xexx8yu x4uap5 x18d9i69 xkhd6sd x1vvkbs x1heor9g x1qlqyl8 x1pd3egz x1a2a7pz x1gslohp x1yc453h\"><span class=\"x1lliihq x6ikm8r x10wlt62 x1n2onr6\"><span class=\"xt0psk2\"><span class=\"xjp7ctv\"><a class=\"x1i10hfl xjbqb8w x1ejq31n xd10rxx x1sy0etr x17r0tee x972fbf xcfux6l x1qhh985 xm0m39n x9f619 x1ypdohk xt0psk2 xe8uvvx xdj266r x11i5rnm xat24cr x1mh8g0r xexx8yu x4uap5 x18d9i69 xkhd6sd x16tdsg8 x1hl2dhg xggy1nq x1a2a7pz xkrqix3 x1sur9pj xzsf02u x1s688f\" role=\"link\" href=\"https:\/\/www.facebook.com\/lnecuencas?__cft__[0]=AZUT8BNbtJIWzEHojPxsGMDX-u9SWStvuSOZH1j_zmf3Iez5rmB-vb5yePTti8DqouWLGfMU6jDTlgK8G5ersk4RqXxGTOjAOlCO0zG4eL2eI4NKuS4bGuYqAoejedSwnMn5LRKnMNdbuiA3i9zdN04o5JOcJglprxaTXOjeUf_JM0ebKGrAaqMJGF8OdWeKbazk4WMicRRGWKhUTp-i6_3mhAzVKuotAV2Fp7yijWOFnw&amp;__tn__=-UC%2CP-y-R\"><strong class=\"html-strong xdj266r x11i5rnm xat24cr x1mh8g0r xexx8yu x4uap5 x18d9i69 xkhd6sd x1hl2dhg x16tdsg8 x1vvkbs x1s688f\"><span class=\"html-span xdj266r x11i5rnm xat24cr x1mh8g0r xexx8yu x4uap5 x18d9i69 xkhd6sd x1hl2dhg x16tdsg8 x1vvkbs\">La Nueva Espa\u00f1a de les Cuenques<\/span><\/strong><\/a><\/span><\/span><\/span><span class=\"html-span xdj266r x11i5rnm xat24cr x1mh8g0r xexx8yu x4uap5 x18d9i69 xkhd6sd x1hl2dhg x16tdsg8 x1vvkbs\"><span class=\"html-span xdj266r x11i5rnm xat24cr x1mh8g0r xexx8yu x4uap5 x18d9i69 xkhd6sd x1hl2dhg x16tdsg8 x1vvkbs x4k7w5x x1h91t0o x1h9r5lt x1jfb8zj xv2umb2 x1beo9mf xaigb6o x12ejxvf x3igimt xarpa2k xedcshv x1lytzrv x1t2pt76 x7ja8zs x1qrby5j\"><span class=\"x1rg5ohu x6ikm8r x10wlt62 x16dsc37 xt0b8zv\" aria-labelledby=\"\u00abr1bi\u00bb\"><span class=\"xmper1u xt0psk2 xjb2p0i x1qlqyl8 x15bjb6t x1n2onr6 x17ihmo5 x1g77sc7\"><span class=\"xmper1u x1qlqyl8 x1r8a4m5 x1n2onr6 x17ihmo5 x1ihsnu5 lrhKlDAB qrhKlDAG rrhKlDAH orhKlDAE zdqP adqQ bdqR cdqS\">\/ <a href=\"https:\/\/www.lne.es\/cuencas\/2025\/03\/16\/nicolas-thomson-estudiante-ies-valle-115351344.html?utm_term=Autofeed&amp;utm_medium=Social&amp;utm_source=Facebook&amp;fbclid=IwY2xjawJEy4FleHRuA2FlbQIxMAABHYuQcNcUyiBd0r7X3HMvCsz3xX_yfSubQJNOaRSBn9nlRrKQUyzAoxZGKw_aem_JNf3LGuwNHf-ktdiSmC_jw#Echobox=1742145565\">LNE<\/a> \/<a href=\"https:\/\/scontent-mad2-1.xx.fbcdn.net\/v\/t39.30808-6\/480467511_1065464815595500_1270146155081970808_n.jpg?_nc_cat=111&amp;ccb=1-7&amp;_nc_sid=127cfc&amp;_nc_ohc=fICKM63Br6IQ7kNvgEMvns0&amp;_nc_oc=AdjU9vKhD8QCGeQgBGmx8mK7r4YS5RONNrStXH26lB4DEq1fxuCGLiyTkI-XQHndrCo&amp;_nc_zt=23&amp;_nc_ht=scontent-mad2-1.xx&amp;_nc_gid=-R6ua107JbhMoAOhndVI9w&amp;oh=00_AYElYhjPm-ILfgIEmqFz_KZiWMI6wv2LZ3T43K1VUqUCnw&amp;oe=67DDC2C0\"> imaxe<\/a><\/span><\/span><\/span><\/span><\/span><\/li>\n<\/ul>\n<\/div>\n<\/div>\n<\/div>\n<div class=\"html-div xdj266r x11i5rnm xat24cr x1mh8g0r xexx8yu x4uap5 x18d9i69 xkhd6sd\" dir=\"auto\">\n<div class=\"html-div xdj266r x11i5rnm xat24cr x1mh8g0r xexx8yu x4uap5 x18d9i69 xkhd6sd\" dir=\"auto\">\n<div class=\"html-div xdj266r x11i5rnm xat24cr x1mh8g0r xexx8yu x4uap5 x18d9i69 xkhd6sd\" data-ad-rendering-role=\"story_message\">\n<div class=\"x1l90r2v x1iorvi4 x1ye3gou xn6708d\" data-ad-comet-preview=\"message\" data-ad-preview=\"message\">\n<div class=\"x78zum5 xdt5ytf xz62fqu x16ldp7u\">\n<div class=\"xu06os2 x1ok221b\">\n<div class=\"xdj266r x11i5rnm xat24cr x1mh8g0r x1vvkbs x126k92a\">\n<div dir=\"auto\">Qued\u00f3 segundu nel <span style=\"color: #008080\"><em><strong>III Certame<\/strong><\/em><\/span> <span style=\"text-decoration: underline\"><span style=\"color: #008080;text-decoration: underline\"><strong><em>Talentos by Abril<\/em> <\/strong><\/span><\/span>cola so propuesta culinaria, un postre,\u00a0<strong><span style=\"color: #008080\"> &#8216;La mazana d&#8217;Eva&#8217;<\/span><\/strong>, inspir\u00e1u nel &#8216;apple crumble&#8217; de la so g\u00fcela brit\u00e1nica y la tarta de mazana de la so g\u00fcela de Cabrales.<\/div>\n<div dir=\"auto\"><!--more--><\/div>\n<\/div>\n<\/div>\n<\/div>\n<\/div>\n<\/div>\n<\/div>\n<\/div>\n<p>Gabriel Quisque, del CIFP Pas\u00e9u das Pontes (Galicia) alz\u00f3se cola victoria na final celebrada&#8217;l pas\u00e1u vienres nel Centru Cimeru d&#8217;Hosteler\u00eda de Galicia, en Santiago de Compostela. El galard\u00f3n foi apurr\u00edu pola directora de marketing d&#8217;<strong>Aceites Abril (empresa qu&#8217;impulsa&#8217;l certame)<\/strong>, Elena P\u00e9rez Canal, y el director de l&#8217;Axencia de Turismu de Galicia, Xos\u00e9 Manuel Merelles.<\/p>\n<p>Esti segundu puestu de Thomson s\u00famase a la victoria l&#8217;a\u00f1u pas\u00e1u de Sa\u00fal Torrado, de 29 a\u00f1os, y tami\u00e9n estudiante del ciclu superior de cocina del IES Valle d&#8217;Ayer, que se proclam\u00f3 vencedor de la segunda edici\u00f3n del certame cola so propuesta de reposter\u00eda \u00abMousse d&#8217;Abril\u00bb.<\/p>\n","protected":false},"excerpt":{"rendered":"<p>La Nueva Espa\u00f1a de les Cuenques\/ LNE \/ imaxe Qued\u00f3 segundu nel III Certame Talentos by Abril cola so propuesta culinaria, un postre,\u00a0 &#8216;La mazana d&#8217;Eva&#8217;, inspir\u00e1u nel &#8216;apple crumble&#8217; de la so g\u00fcela brit\u00e1nica y la tarta de mazana de la so g\u00fcela de Cabrales.<\/p>\n","protected":false},"author":117,"featured_media":0,"comment_status":"open","ping_status":"open","sticky":false,"template":"","format":"standard","meta":{"footnotes":""},"categories":[138,61,153,115],"tags":[],"class_list":["post-44044","post","type-post","status-publish","format-standard","hentry","category-alimentos","category-concursu","category-llambiotaes","category-recetes"],"_links":{"self":[{"href":"https:\/\/edublog.educastur.es\/ixuxu\/wp-json\/wp\/v2\/posts\/44044","targetHints":{"allow":["GET"]}}],"collection":[{"href":"https:\/\/edublog.educastur.es\/ixuxu\/wp-json\/wp\/v2\/posts"}],"about":[{"href":"https:\/\/edublog.educastur.es\/ixuxu\/wp-json\/wp\/v2\/types\/post"}],"author":[{"embeddable":true,"href":"https:\/\/edublog.educastur.es\/ixuxu\/wp-json\/wp\/v2\/users\/117"}],"replies":[{"embeddable":true,"href":"https:\/\/edublog.educastur.es\/ixuxu\/wp-json\/wp\/v2\/comments?post=44044"}],"version-history":[{"count":6,"href":"https:\/\/edublog.educastur.es\/ixuxu\/wp-json\/wp\/v2\/posts\/44044\/revisions"}],"predecessor-version":[{"id":44063,"href":"https:\/\/edublog.educastur.es\/ixuxu\/wp-json\/wp\/v2\/posts\/44044\/revisions\/44063"}],"wp:attachment":[{"href":"https:\/\/edublog.educastur.es\/ixuxu\/wp-json\/wp\/v2\/media?parent=44044"}],"wp:term":[{"taxonomy":"category","embeddable":true,"href":"https:\/\/edublog.educastur.es\/ixuxu\/wp-json\/wp\/v2\/categories?post=44044"},{"taxonomy":"post_tag","embeddable":true,"href":"https:\/\/edublog.educastur.es\/ixuxu\/wp-json\/wp\/v2\/tags?post=44044"}],"curies":[{"name":"wp","href":"https:\/\/api.w.org\/{rel}","templated":true}]}}