{"id":44078,"date":"2025-03-17T18:10:07","date_gmt":"2025-03-17T16:10:07","guid":{"rendered":"https:\/\/edublog.educastur.es\/ixuxu\/?p=44078"},"modified":"2025-03-18T15:18:51","modified_gmt":"2025-03-18T13:18:51","slug":"san-patriciu","status":"publish","type":"post","link":"https:\/\/edublog.educastur.es\/ixuxu\/2025\/03\/san-patriciu\/","title":{"rendered":"San Patriciu, una de les festividaes m\u00e1s celebraes nel mundu"},"content":{"rendered":"<div class=\"html-div xdj266r x11i5rnm xat24cr x1mh8g0r xexx8yu x1a8lsjc x1swvt13 x1pi30zi\">\n<div class=\"html-div xdj266r x11i5rnm xat24cr x1mh8g0r xexx8yu x4uap5 x18d9i69 xkhd6sd x1jx94hy x78zum5 x1q0g3np\">\n<div class=\"x78zum5 xdt5ytf xz62fqu x16ldp7u\">\n<div class=\"xu06os2 x1ok221b\">\n<div class=\"html-div xdj266r x11i5rnm xat24cr x1mh8g0r xexx8yu x4uap5 x18d9i69 xkhd6sd\" data-ad-rendering-role=\"profile_name\">\n<ul>\n<li class=\"html-h3 x11i5rnm xat24cr x1mh8g0r xexx8yu x4uap5 x18d9i69 xkhd6sd x1vvkbs x1heor9g x1qlqyl8 x1pd3egz x1a2a7pz x1gslohp x1yc453h\"><span class=\"x1lliihq x6ikm8r x10wlt62 x1n2onr6\"><span class=\"xt0psk2\"><a class=\"x1i10hfl xjbqb8w x1ejq31n xd10rxx x1sy0etr x17r0tee x972fbf xcfux6l x1qhh985 xm0m39n x9f619 x1ypdohk xt0psk2 xe8uvvx xdj266r x11i5rnm xat24cr x1mh8g0r xexx8yu x4uap5 x18d9i69 xkhd6sd x16tdsg8 x1hl2dhg xggy1nq x1a2a7pz xkrqix3 x1sur9pj xzsf02u x1s688f\" role=\"link\" href=\"https:\/\/www.facebook.com\/CambridgeEngSP?__cft__[0]=AZV5eVjKxhTLRgbESxAS-JQiEWmATtqQk8f6r2I5MKTIJwFbtHiYCHSBSG1CDLoySCs9z4-CDKDjm-qFujdOGBfm7xGPMqtYTmavenCFeY6ZDZCz8jSIA3Z86k9nSzfv5SK3ieUFGguJFB_5B4zB4OV8bY8T3U0tY8fyOUTErPFPb-7g7gAb_XXcf4uSqEXGB16xcmxOJVe2Xvb9SYaIBQZ-W4G95hSGJ2CLETCkNgz12g&amp;__tn__=-UC%2CP-y-R\"><strong class=\"html-strong xdj266r x11i5rnm xat24cr x1mh8g0r xexx8yu x4uap5 x18d9i69 xkhd6sd x1hl2dhg x16tdsg8 x1vvkbs x1s688f\"><span class=\"html-span xdj266r x11i5rnm xat24cr x1mh8g0r xexx8yu x4uap5 x18d9i69 xkhd6sd x1hl2dhg x16tdsg8 x1vvkbs\">Cambridge English Spain<\/span><\/strong><\/a><\/span><\/span>\/ <span class=\"html-span xexx8yu x4uap5 x18d9i69 xkhd6sd x1hl2dhg x16tdsg8 x1vvkbs x3nfvp2 x1j61x8r x1fcty0u xdj266r xat24cr xgzva0m xhhsvwb xxymvpz xlup9mm x1kky2od\" style=\"font-size: 16px\"><img loading=\"lazy\" decoding=\"async\" class=\"xz74otr x168nmei x13lgxp2 x5pf9jr xo71vjh\" src=\"https:\/\/static.xx.fbcdn.net\/images\/emoji.php\/v9\/tb3\/1\/16\/1f517.png\" alt=\"\ud83d\udd17\" width=\"16\" height=\"16\" \/><\/span> <span class=\"html-span xdj266r x11i5rnm xat24cr x1mh8g0r xexx8yu x4uap5 x18d9i69 xkhd6sd x1hl2dhg x16tdsg8 x1vvkbs\" style=\"font-size: 16px\"><a class=\"x1i10hfl xjbqb8w x1ejq31n xd10rxx x1sy0etr x17r0tee x972fbf xcfux6l x1qhh985 xm0m39n x9f619 x1ypdohk xt0psk2 xe8uvvx xdj266r x11i5rnm xat24cr x1mh8g0r xexx8yu x4uap5 x18d9i69 xkhd6sd x16tdsg8 x1hl2dhg xggy1nq x1a2a7pz xkrqix3 x1sur9pj x1fey0fg x1s688f\" role=\"link\" href=\"https:\/\/blog.cambridge.es\/media-gallery\/saint-patricks-day\/?fbclid=IwZXh0bgNhZW0CMTAAAR382zbr77kbJkTVbECMRLYFbzVGgjfneXFFCbpgEFo2smsJ2EuMFfDqJqs_aem__QzRpnml3vF3g6UTOe1bvw\" target=\"_blank\" rel=\"nofollow noopener\">https:\/\/blog.cambridge.es\/media-gallery\/saint-patricks-day\/<\/a><\/span><\/li>\n<\/ul>\n<p>El D\u00eda de San Patriciu <strong>ye una de les festividaes m\u00e1s celebraes nel mundu<\/strong>. Desfiles, tr\u00e9boles y enforma verde enllenen les cais cada 17 de marzu. Apriende&#8217;l vocabulariu clave para falar sobro esta tradici\u00f3n n&#8217;ingl\u00e9s.<\/p>\n<p style=\"text-align: center\"><a href=\"https:\/\/blog.cambridge.es\/wp-content\/uploads\/2022\/03\/feliz-dia-de-san-patricio-st-patricks-day-scaled-wpcf_700x875.jpg\"><img loading=\"lazy\" decoding=\"async\" class=\"aligncenter \" src=\"https:\/\/blog.cambridge.es\/wp-content\/uploads\/2022\/03\/feliz-dia-de-san-patricio-st-patricks-day-scaled-wpcf_700x875.jpg\" width=\"334\" height=\"418\" \/><\/a><\/p>\n<p>Saint Patrick\u2019s Day o&#8217;l d\u00eda de San Patriciu cel\u00e9brase&#8217;l 17 de marzu de cada a\u00f1u. Anque<strong> s&#8217;anici\u00f3 n&#8217;Irlanda<\/strong>, angua\u00f1o cel\u00e9brase en tol mundu. Les ciudaes con grandes comunidaes irlandeses, como Dubl\u00edn, Nueva York, Boston, Chicago y Londres, entamen desfiles masivos y eventos especiales.<\/p>\n<p><!--more--><\/p>\n<p style=\"text-align: center\">\n<!-- iframe plugin v.6.0 wordpress.org\/plugins\/iframe\/ -->\n<iframe loading=\"lazy\" src=\"https:\/\/www.facebook.com\/plugins\/video.php?height=314&#038;href=https%3A%2F%2Fwww.facebook.com%2Fdescubreirlanda%2Fvideos%2F995859145811820%2F&#038;show_text=false&#038;width=560&#038;t=0\" width=\"560\" height=\"314\" style=\"border:none;overflow:hidden\" scrolling=\"no\" frameborder=\"0\" allowfullscreen=\"true\" allow=\"autoplay; clipboard-write; encrypted-media; picture-in-picture; web-share\" 0=\"\/iframe\" class=\"iframe-class\"><\/iframe>\n<\/p>\n<p class=\"html-h2 x11i5rnm xat24cr x1mh8g0r xexx8yu x4uap5 x18d9i69 xkhd6sd x1vvkbs x1heor9g x1qlqyl8 x1pd3egz x1a2a7pz x1gslohp x1yc453h\" style=\"text-align: center\"><span class=\"xt0psk2\"><span class=\"xjp7ctv\"><a class=\"x1i10hfl xjbqb8w x1ejq31n xd10rxx x1sy0etr x17r0tee x972fbf xcfux6l x1qhh985 xm0m39n x9f619 x1ypdohk xt0psk2 xe8uvvx xdj266r x11i5rnm xat24cr x1mh8g0r xexx8yu x4uap5 x18d9i69 xkhd6sd x16tdsg8 x1hl2dhg xggy1nq x1a2a7pz xkrqix3 x1sur9pj xzsf02u x1s688f\" role=\"link\" href=\"https:\/\/www.facebook.com\/descubreirlanda?__cft__[0]=AZUWfVUMpIwdjofWU366lEQZwO4ZP57c-l8qawtspLLOBX05mPNFQkSVws5uewt4--vo-PDR-EMRFavj9yrEQ7XiacKG8CaVzoKIKfHXRbm4dTL1kL-UzNTk9nKbA1IHwJOK-mIUvwetH_FT1Be4w2ClKtOU6FLARGGoR-MoCCPn73BEepaJqFZMNC6G02IOKUvIOFanmW0s3c_mZoLjNC-ehUtGUnx6rL6pqBcrYvVLsA&amp;__tn__=-UC-R\"><strong class=\"html-strong xdj266r x11i5rnm xat24cr x1mh8g0r xexx8yu x4uap5 x18d9i69 xkhd6sd x1hl2dhg x16tdsg8 x1vvkbs x1s688f\"><span class=\"html-span xdj266r x11i5rnm xat24cr x1mh8g0r xexx8yu x4uap5 x18d9i69 xkhd6sd x1hl2dhg x16tdsg8 x1vvkbs\">Descubre Irlanda<\/span><\/strong><\/a><\/span><\/span><\/p>\n<\/div>\n<\/div>\n<\/div>\n<\/div>\n<\/div>\n<p>&nbsp;<\/p>\n","protected":false},"excerpt":{"rendered":"<p>Cambridge English Spain\/ https:\/\/blog.cambridge.es\/media-gallery\/saint-patricks-day\/ El D\u00eda de San Patriciu ye una de les festividaes m\u00e1s celebraes nel mundu. Desfiles, tr\u00e9boles y enforma verde enllenen les cais cada 17 de marzu. Apriende&#8217;l vocabulariu clave para falar sobro esta tradici\u00f3n n&#8217;ingl\u00e9s. Saint Patrick\u2019s Day o&#8217;l d\u00eda de San Patriciu cel\u00e9brase&#8217;l 17 de marzu de cada a\u00f1u. Anque [&hellip;]<\/p>\n","protected":false},"author":117,"featured_media":0,"comment_status":"open","ping_status":"open","sticky":false,"template":"","format":"standard","meta":{"footnotes":""},"categories":[21],"tags":[],"class_list":["post-44078","post","type-post","status-publish","format-standard","hentry","category-fiestes"],"_links":{"self":[{"href":"https:\/\/edublog.educastur.es\/ixuxu\/wp-json\/wp\/v2\/posts\/44078","targetHints":{"allow":["GET"]}}],"collection":[{"href":"https:\/\/edublog.educastur.es\/ixuxu\/wp-json\/wp\/v2\/posts"}],"about":[{"href":"https:\/\/edublog.educastur.es\/ixuxu\/wp-json\/wp\/v2\/types\/post"}],"author":[{"embeddable":true,"href":"https:\/\/edublog.educastur.es\/ixuxu\/wp-json\/wp\/v2\/users\/117"}],"replies":[{"embeddable":true,"href":"https:\/\/edublog.educastur.es\/ixuxu\/wp-json\/wp\/v2\/comments?post=44078"}],"version-history":[{"count":5,"href":"https:\/\/edublog.educastur.es\/ixuxu\/wp-json\/wp\/v2\/posts\/44078\/revisions"}],"predecessor-version":[{"id":44124,"href":"https:\/\/edublog.educastur.es\/ixuxu\/wp-json\/wp\/v2\/posts\/44078\/revisions\/44124"}],"wp:attachment":[{"href":"https:\/\/edublog.educastur.es\/ixuxu\/wp-json\/wp\/v2\/media?parent=44078"}],"wp:term":[{"taxonomy":"category","embeddable":true,"href":"https:\/\/edublog.educastur.es\/ixuxu\/wp-json\/wp\/v2\/categories?post=44078"},{"taxonomy":"post_tag","embeddable":true,"href":"https:\/\/edublog.educastur.es\/ixuxu\/wp-json\/wp\/v2\/tags?post=44078"}],"curies":[{"name":"wp","href":"https:\/\/api.w.org\/{rel}","templated":true}]}}