{"id":44118,"date":"2025-03-21T09:13:18","date_gmt":"2025-03-21T07:13:18","guid":{"rendered":"https:\/\/edublog.educastur.es\/ixuxu\/?p=44118"},"modified":"2025-03-26T10:56:22","modified_gmt":"2025-03-26T08:56:22","slug":"poema-el-calendariu-dicia-de-vanesa-linero","status":"publish","type":"post","link":"https:\/\/edublog.educastur.es\/ixuxu\/2025\/03\/poema-el-calendariu-dicia-de-vanesa-linero\/","title":{"rendered":"Poema: \u00abEl calendariu dic\u00eda\u00bb de Vanesa Li\u00f1ero"},"content":{"rendered":"<div class=\"xdj266r x11i5rnm xat24cr x1mh8g0r x1vvkbs x126k92a\">\n<div dir=\"auto\">\n<p>\u2712\ufe0f <strong>\u00abEl calendariu dic\u00eda\u00bb<\/strong><br \/>\n\ud83d\udcda\u00bbLos versos que&#8217;l vientu nun se llev\u00f3\u00bb<br \/>\nde <a class=\"x1i10hfl xjbqb8w x1ejq31n xd10rxx x1sy0etr x17r0tee x972fbf xcfux6l x1qhh985 xm0m39n x9f619 x1ypdohk xt0psk2 xe8uvvx xdj266r x11i5rnm xat24cr x1mh8g0r xexx8yu x4uap5 x18d9i69 xkhd6sd x16tdsg8 x1hl2dhg xggy1nq x1a2a7pz xkrqix3 x1sur9pj x1fey0fg x1s688f\" role=\"link\" href=\"https:\/\/www.facebook.com\/vanesa.linero.75?__cft__[0]=AZU4aAWQY5vr0VQDlv-2r43BLpQCRzXmDLM0KP5dOorpsPn-zLGPMnDgkM4ZBUAycIa7lV5u1iKgKyAJ84UJdIORFhGUejJ-KthihitoyIJKR0fJVdzZ1Nbf2YpiR99JAfZYd1ZVYMLK35k5fALc8qv1&amp;__tn__=-]K-R\"><span class=\"xt0psk2\"><span class=\"xjp7ctv\">Vanesa Li\u00f1ero<\/span><\/span><\/a><\/p>\n<p><span style=\"color: #008080\"><strong><em>El calendariu dic\u00eda <\/em><\/strong><\/span><br \/>\n<span style=\"color: #008080\"><strong><em>qu&#8217;ella nun yera xunu nin xunetu,<\/em><\/strong><\/span><br \/>\n<span style=\"color: #008080\"><strong><em> nin agostu nin setiembre.<\/em><\/strong><\/span><br \/>\n<span style=\"color: #008080\"><strong><em>\u00a1Que tampoco yera ochobre <\/em><\/strong><\/span><br \/>\n<span style=\"color: #008080\"><strong><em>anque adorara la llegada <\/em><\/strong><\/span><br \/>\n<span style=\"color: #008080\"><strong><em>de la estaci\u00f3n\u00a0serondiega!<\/em><\/strong><\/span><\/p>\n<p><!--more--><\/p>\n<p><span style=\"color: #008080\"><strong><em>Ensin duldar, ella sab\u00eda<\/em><\/strong><\/span><br \/>\n<span style=\"color: #008080\"><strong><em> que tampoco yera payares<\/em><\/strong><\/span><br \/>\n<span style=\"color: #008080\"><strong><em>nin avientu nin siquiamente<\/em><\/strong><\/span><br \/>\n<span style=\"color: #008080\"><strong><em>xineru y febreru.<\/em><\/strong><\/span><br \/>\n<span style=\"color: #008080\"><strong><em>Ella yera marzu.<br \/>\n<\/em><\/strong><\/span><br \/>\n<span style=\"color: #008080\"><strong><em>G\u00fcei sabe y seguro que tu tami\u00e9n, <\/em><\/strong><\/span><br \/>\n<span style=\"color: #008080\"><strong><em>que toos somos cada mes<\/em><\/strong><\/span><br \/>\n<span style=\"color: #008080\"><strong><em>coles sos hores, estaciones<\/em><\/strong><\/span><br \/>\n<span style=\"color: #008080\"><strong><em>y fueyes d&#8217;un almanaque<\/em><\/strong><\/span><br \/>\n<span style=\"color: #008080\"><strong><em> que pasen y pasamos.<\/em><\/strong><\/span><br \/>\n<span style=\"color: #008080\"><strong><em>Porque \u00bfqu\u00e9 ser\u00eda de n\u00f3s<\/em><\/strong><\/span><br \/>\n<span style=\"color: #008080\"><strong><em>ensin sumar esistencia a la vida?<\/em><\/strong><\/span><\/p>\n<\/div>\n<div dir=\"auto\"><\/div>\n<div dir=\"auto\"><\/div>\n<div dir=\"auto\"><span class=\"html-span xexx8yu x4uap5 x18d9i69 xkhd6sd x1hl2dhg x16tdsg8 x1vvkbs x3nfvp2 x1j61x8r x1fcty0u xdj266r xat24cr xgzva0m xhhsvwb xxymvpz xlup9mm x1kky2od\"><img loading=\"lazy\" decoding=\"async\" class=\"xz74otr x168nmei x13lgxp2 x5pf9jr xo71vjh\" src=\"https:\/\/static.xx.fbcdn.net\/images\/emoji.php\/v9\/t4f\/1\/16\/2712.png\" alt=\"\u2712\ufe0f\" width=\"16\" height=\"16\" \/><\/span> \u00abEl calendario dec\u00eda\u00bb<\/div>\n<div dir=\"auto\"><span class=\"html-span xexx8yu x4uap5 x18d9i69 xkhd6sd x1hl2dhg x16tdsg8 x1vvkbs x3nfvp2 x1j61x8r x1fcty0u xdj266r xat24cr xgzva0m xhhsvwb xxymvpz xlup9mm x1kky2od\"><img loading=\"lazy\" decoding=\"async\" class=\"xz74otr x168nmei x13lgxp2 x5pf9jr xo71vjh\" src=\"https:\/\/static.xx.fbcdn.net\/images\/emoji.php\/v9\/t49\/1\/16\/1f4da.png\" alt=\"\ud83d\udcda\" width=\"16\" height=\"16\" \/><\/span>\u00abLos versos que el viento no se llev\u00f3\u00bb de <span class=\"html-span xdj266r x11i5rnm xat24cr x1mh8g0r xexx8yu x4uap5 x18d9i69 xkhd6sd x1hl2dhg x16tdsg8 x1vvkbs\"><a class=\"x1i10hfl xjbqb8w x1ejq31n xd10rxx x1sy0etr x17r0tee x972fbf xcfux6l x1qhh985 xm0m39n x9f619 x1ypdohk xt0psk2 xe8uvvx xdj266r x11i5rnm xat24cr x1mh8g0r xexx8yu x4uap5 x18d9i69 xkhd6sd x16tdsg8 x1hl2dhg xggy1nq x1a2a7pz xkrqix3 x1sur9pj x1fey0fg x1s688f\" role=\"link\" href=\"https:\/\/www.facebook.com\/vanesa.linero.75?__cft__[0]=AZU4aAWQY5vr0VQDlv-2r43BLpQCRzXmDLM0KP5dOorpsPn-zLGPMnDgkM4ZBUAycIa7lV5u1iKgKyAJ84UJdIORFhGUejJ-KthihitoyIJKR0fJVdzZ1Nbf2YpiR99JAfZYd1ZVYMLK35k5fALc8qv1&amp;__tn__=-]K-R\"><span class=\"xt0psk2\"><span class=\"xjp7ctv\">Vanesa Li\u00f1ero<\/span><\/span><\/a><\/span><\/div>\n<\/div>\n<div class=\"x11i5rnm xat24cr x1mh8g0r x1vvkbs xtlvy1s x126k92a\">\n<div dir=\"auto\"><span style=\"color: #008080\"><em>El calendario dec\u00eda<\/em><\/span><\/div>\n<div dir=\"auto\"><span style=\"color: #008080\"><em>que ella no era junio ni julio,<\/em><\/span><\/div>\n<div dir=\"auto\">\n<p><span style=\"color: #008080\"><em>ni agosto ni septiembre.<\/em><\/span><\/p>\n<p>&nbsp;<\/p>\n<\/div>\n<div dir=\"auto\"><span style=\"color: #008080\"><em>\u00a1Que tampoco era octubre<\/em><\/span><\/div>\n<div dir=\"auto\"><span style=\"color: #008080\"><em>aunque adorase la llegada<\/em><\/span><\/div>\n<div dir=\"auto\"><span style=\"color: #008080\"><em>de la estaci\u00f3n oto\u00f1al!<\/em><\/span><\/div>\n<div dir=\"auto\"><span style=\"color: #008080\"><em>Sin dudar, ella sab\u00eda<\/em><\/span><\/div>\n<div dir=\"auto\"><span style=\"color: #008080\"><em>que tampoco era noviembre<\/em><\/span><\/div>\n<div dir=\"auto\"><span style=\"color: #008080\"><em>ni diciembre ni tan siquiera<\/em><\/span><\/div>\n<div dir=\"auto\"><span style=\"color: #008080\"><em>enero y febrero.<\/em><\/span><\/div>\n<div dir=\"auto\">\n<p><span style=\"color: #008080\"><em>Ella era marzo.<\/em><\/span><\/p>\n<p>&nbsp;<\/p>\n<\/div>\n<div dir=\"auto\"><span style=\"color: #008080\"><em>Hoy sabe y seguro que t\u00fa tambi\u00e9n,<\/em><\/span><\/div>\n<div dir=\"auto\"><span style=\"color: #008080\"><em>que todos somos cada mes<\/em><\/span><\/div>\n<div dir=\"auto\"><span style=\"color: #008080\"><em>con sus horas, estaciones<\/em><\/span><\/div>\n<div dir=\"auto\"><span style=\"color: #008080\"><em>y hojas de un almanaque<\/em><\/span><\/div>\n<div dir=\"auto\"><span style=\"color: #008080\"><em>que pasan y pasamos.<\/em><\/span><\/div>\n<div dir=\"auto\"><span style=\"color: #008080\"><em>Porque \u00bfqu\u00e9 ser\u00eda de nosotros<\/em><\/span><\/div>\n<div dir=\"auto\"><span style=\"color: #008080\"><em>sin sumar existencia a la vida?<\/em><\/span><\/div>\n<\/div>\n","protected":false},"excerpt":{"rendered":"<p>\u2712\ufe0f \u00abEl calendariu dic\u00eda\u00bb \ud83d\udcda\u00bbLos versos que&#8217;l vientu nun se llev\u00f3\u00bb de Vanesa Li\u00f1ero El calendariu dic\u00eda qu&#8217;ella nun yera xunu nin xunetu, nin agostu nin setiembre. \u00a1Que tampoco yera ochobre anque adorara la llegada de la estaci\u00f3n\u00a0serondiega!<\/p>\n","protected":false},"author":117,"featured_media":0,"comment_status":"open","ping_status":"open","sticky":false,"template":"","format":"standard","meta":{"footnotes":""},"categories":[39],"tags":[],"class_list":["post-44118","post","type-post","status-publish","format-standard","hentry","category-poesia"],"_links":{"self":[{"href":"https:\/\/edublog.educastur.es\/ixuxu\/wp-json\/wp\/v2\/posts\/44118","targetHints":{"allow":["GET"]}}],"collection":[{"href":"https:\/\/edublog.educastur.es\/ixuxu\/wp-json\/wp\/v2\/posts"}],"about":[{"href":"https:\/\/edublog.educastur.es\/ixuxu\/wp-json\/wp\/v2\/types\/post"}],"author":[{"embeddable":true,"href":"https:\/\/edublog.educastur.es\/ixuxu\/wp-json\/wp\/v2\/users\/117"}],"replies":[{"embeddable":true,"href":"https:\/\/edublog.educastur.es\/ixuxu\/wp-json\/wp\/v2\/comments?post=44118"}],"version-history":[{"count":4,"href":"https:\/\/edublog.educastur.es\/ixuxu\/wp-json\/wp\/v2\/posts\/44118\/revisions"}],"predecessor-version":[{"id":44727,"href":"https:\/\/edublog.educastur.es\/ixuxu\/wp-json\/wp\/v2\/posts\/44118\/revisions\/44727"}],"wp:attachment":[{"href":"https:\/\/edublog.educastur.es\/ixuxu\/wp-json\/wp\/v2\/media?parent=44118"}],"wp:term":[{"taxonomy":"category","embeddable":true,"href":"https:\/\/edublog.educastur.es\/ixuxu\/wp-json\/wp\/v2\/categories?post=44118"},{"taxonomy":"post_tag","embeddable":true,"href":"https:\/\/edublog.educastur.es\/ixuxu\/wp-json\/wp\/v2\/tags?post=44118"}],"curies":[{"name":"wp","href":"https:\/\/api.w.org\/{rel}","templated":true}]}}