{"id":44140,"date":"2025-03-18T15:02:29","date_gmt":"2025-03-18T13:02:29","guid":{"rendered":"https:\/\/edublog.educastur.es\/ixuxu\/?p=44140"},"modified":"2025-03-18T23:04:53","modified_gmt":"2025-03-18T21:04:53","slug":"lhorticultor-xixones-carlos-madalena-ente-les-33-figures-internacionales-que-tan-camudandol-mundu","status":"publish","type":"post","link":"https:\/\/edublog.educastur.es\/ixuxu\/2025\/03\/lhorticultor-xixones-carlos-madalena-ente-les-33-figures-internacionales-que-tan-camudandol-mundu\/","title":{"rendered":"L&#8217;horticultor xixon\u00e9s Carlos Madalena, ente les 33 figures internacionales \u00abque t\u00e1n camudando&#8217;l mundu\u00bb"},"content":{"rendered":"<ul>\n<li>Fonte: <a href=\"https:\/\/www.lne.es\/asturias-exterior\/2025\/03\/18\/horticultor-gijones-carlos-magdalena-33-115442393.html?utm_medium=Social&amp;utm_campaign=Echobox&amp;utm_source=Facebook&amp;fbclid=IwY2xjawJGvjNleHRuA2FlbQIxMAABHV3NawlwSC88d40IxCIBL2DIZVrC6Wi0t92PBFbTlK_ZnbBn3Mk3muIEDg_aem_GYiuVY4HlMepNAxpEu-yEw#Echobox=1742322815\">LNE<\/a> \/<\/li>\n<\/ul>\n<p style=\"text-align: center\"><a href=\"https:\/\/estaticos-cdn.prensaiberica.es\/clip\/5e7b2621-55c8-4390-9811-68a774513c18_16-9-discover-aspect-ratio_default_0.webp\"><img loading=\"lazy\" decoding=\"async\" class=\"aligncenter size-large\" src=\"https:\/\/estaticos-cdn.prensaiberica.es\/clip\/5e7b2621-55c8-4390-9811-68a774513c18_16-9-discover-aspect-ratio_default_0.webp\" width=\"1200\" height=\"675\" \/><\/a><\/p>\n<p>L&#8217;horticultor xixon\u00e9s Carlos Madalena, ente les 33 figures internacionales \u00abque t\u00e1n camudando&#8217;l mundu\u00bb seg\u00fan \u00abNational Geographic\u00bb<br \/>\nLa prestixosa revista de naturaleza y esploraci\u00f3n escueye al asturianu que dirixe los Kew Gardens, nel suroeste de Londres, como na llista de \u00abAxentes del Camb\u00e9u\u00bb, profesionales de relevancia internacional, \u00abque les sos idees innovadores fixeron del mundu un llugar meyor\u00bb.<\/p>\n<p><!--more--><\/p>\n<p>L&#8217;horticultor xixon\u00e9s Carlos Madalena, <strong>trabayador de Kew Gardens<\/strong>,<span style=\"color: #008080\"><strong> la colecci\u00f3n bot\u00e1nica m\u00e1s grande del mundu<\/strong><\/span>, unos xardinos asitiaos al suroeste de Londres, foi escoy\u00edu pola revista \u201cNational Geographic\u201d como xuno de los \u201c33 Axentes del Camb\u00e9u\u201d, una llista de destacaos personaxes del \u00e1mbitu internacional \u201cque les sos idees innovadores llograron faer que&#8217;l mundu s\u00eda un llugar meyor\u201d.<\/p>\n<p>Madalena, qu&#8217;apocay\u00e1 recibi\u00f3 la Cruz d&#8217;Oficial de la Orde d&#8217;Isabel la Cat\u00f3lica nun solemne actu celebr\u00e1u na Embaxada d&#8217;Espa\u00f1a en Reinu Un\u00edu, asegura que ye \u201cun arguyu\u201d pone-y \u00abun toque d&#8217;acentu espa\u00f1ol\u00bb a la llista de &#8216;National Geographic&#8217;.<\/p>\n<p>El bot\u00e1nicu asturianu, motey\u00e1u&#8217;l mes\u00edes de les plantes\u00bb (como&#8217;l t\u00edtulu del so llibru), comparte&#8217;l diversu r\u00e1nking con celebridaes del cine como Michelle Yeoh, Jason Momoa o Edward Norton; seg\u00fan deportistes de la talla del futbolista espa\u00f1ol Hector Beller\u00edn o la escaladora ecuatoriana Carla P\u00e9rez, ente otros.<\/p>\n<p><span style=\"color: #008080\"><strong>L&#8217;horticultor, qu&#8217;en 2022 tuvo detr\u00e1s del descubrimientu d&#8217;un nen\u00fafar xigante del x\u00e9neru Victoria cultiv\u00e1u en Kew (Londres) que foi nom\u00e1u especie nueva pa la ciencia,<\/strong><\/span> foi escoy\u00edu polos sos esfuerzos rescatando plantes en peligru d&#8217;escastase. En declaraciones a EFE, Madalena reconoci\u00f3 que-y paez \u00ababondo incre\u00edble\u00bb trate nesa llista.<\/p>\n<p>\u00abEl National Geographic ye, ensin dulda, un cl\u00e1sicu nel mundu de la esploraci\u00f3n, l&#8217;aventura y les ciencies naturales y poro, ye un tou un honor ser incluy\u00edu na so llista de &#8217;33 Axentes del Camb\u00e9u que faen el nuesu mundu meyor&#8217; como aventureru, representando&#8217;l mundu de la bot\u00e1nica y la protecci\u00f3n de plantes en peligru d&#8217;estinci\u00f3n\u00bb, indic\u00f3.<\/p>\n<p><strong>El mes\u00edes de les plantes.\u00a0<\/strong>Ser parte d&#8217;esos escoy\u00edos \u00abye toa una sorpresa y una oportunid\u00e1 terrible pa visibilizar el fechu de qu&#8217;unes cien mil especies que nun t\u00e1n descrites y m\u00e1s de 70.000 de les conoc\u00edes t\u00e1n amenaciaes por estinci\u00f3n\u00bb, dixo.<\/p>\n","protected":false},"excerpt":{"rendered":"<p>Fonte: LNE \/ L&#8217;horticultor xixon\u00e9s Carlos Madalena, ente les 33 figures internacionales \u00abque t\u00e1n camudando&#8217;l mundu\u00bb seg\u00fan \u00abNational Geographic\u00bb La prestixosa revista de naturaleza y esploraci\u00f3n escueye al asturianu que dirixe los Kew Gardens, nel suroeste de Londres, como na llista de \u00abAxentes del Camb\u00e9u\u00bb, profesionales de relevancia internacional, \u00abque les sos idees innovadores fixeron [&hellip;]<\/p>\n","protected":false},"author":117,"featured_media":0,"comment_status":"open","ping_status":"open","sticky":false,"template":"","format":"standard","meta":{"footnotes":""},"categories":[62,1],"tags":[],"class_list":["post-44140","post","type-post","status-publish","format-standard","hentry","category-reconocimientu","category-sin-categoria"],"_links":{"self":[{"href":"https:\/\/edublog.educastur.es\/ixuxu\/wp-json\/wp\/v2\/posts\/44140","targetHints":{"allow":["GET"]}}],"collection":[{"href":"https:\/\/edublog.educastur.es\/ixuxu\/wp-json\/wp\/v2\/posts"}],"about":[{"href":"https:\/\/edublog.educastur.es\/ixuxu\/wp-json\/wp\/v2\/types\/post"}],"author":[{"embeddable":true,"href":"https:\/\/edublog.educastur.es\/ixuxu\/wp-json\/wp\/v2\/users\/117"}],"replies":[{"embeddable":true,"href":"https:\/\/edublog.educastur.es\/ixuxu\/wp-json\/wp\/v2\/comments?post=44140"}],"version-history":[{"count":4,"href":"https:\/\/edublog.educastur.es\/ixuxu\/wp-json\/wp\/v2\/posts\/44140\/revisions"}],"predecessor-version":[{"id":44144,"href":"https:\/\/edublog.educastur.es\/ixuxu\/wp-json\/wp\/v2\/posts\/44140\/revisions\/44144"}],"wp:attachment":[{"href":"https:\/\/edublog.educastur.es\/ixuxu\/wp-json\/wp\/v2\/media?parent=44140"}],"wp:term":[{"taxonomy":"category","embeddable":true,"href":"https:\/\/edublog.educastur.es\/ixuxu\/wp-json\/wp\/v2\/categories?post=44140"},{"taxonomy":"post_tag","embeddable":true,"href":"https:\/\/edublog.educastur.es\/ixuxu\/wp-json\/wp\/v2\/tags?post=44140"}],"curies":[{"name":"wp","href":"https:\/\/api.w.org\/{rel}","templated":true}]}}