{"id":44145,"date":"2025-03-18T23:07:29","date_gmt":"2025-03-18T21:07:29","guid":{"rendered":"https:\/\/edublog.educastur.es\/ixuxu\/?p=44145"},"modified":"2025-03-19T11:15:51","modified_gmt":"2025-03-19T09:15:51","slug":"lantroxu-foi-lempiezu-duna-nueva-era-en-la-benefica-pilona","status":"publish","type":"post","link":"https:\/\/edublog.educastur.es\/ixuxu\/2025\/03\/lantroxu-foi-lempiezu-duna-nueva-era-en-la-benefica-pilona\/","title":{"rendered":"L\u2019Antroxu foi l\u2019empiezu d\u2019una nueva era en La Ben\u00e9fica (Pilo\u00f1a)"},"content":{"rendered":"<div class=\"html-div xdj266r xat24cr x1mh8g0r xexx8yu x4uap5 x18d9i69 xkhd6sd x78zum5 x2lah0s xqtp20y x1emribx\">\n<div class=\"xc9qbxq x14qfxbe x6s0dn4 x78zum5 xl56j7k\">\n<ul>\n<li><a href=\"https:\/\/scontent-mad1-1.xx.fbcdn.net\/v\/t51.75761-15\/484609444_18038440820570681_3253818957270408350_n.jpg?_nc_cat=106&amp;ccb=1-7&amp;_nc_sid=127cfc&amp;_nc_ohc=XXaW8lb9F6wQ7kNvgH1E0bc&amp;_nc_oc=AdkVzsAk06mA5rZYqbIfB-a2z5C-G0iaBsiJPm7039PSxL1MLi0eWg0InicXLXQIKmo&amp;_nc_zt=23&amp;_nc_ht=scontent-mad1-1.xx&amp;_nc_gid=Ht1xQHcweFAB22GvMbnFBg&amp;oh=00_AYFtpoPHkQjzDTOz-utWE4H67-twbVherHapgfR430PRhA&amp;oe=67DFB82C\">cartelu<\/a> \/<span class=\"x1lliihq x6ikm8r x10wlt62 x1n2onr6\"><span class=\"xt0psk2\"><span class=\"xjp7ctv\"><a class=\"x1i10hfl xjbqb8w x1ejq31n xd10rxx x1sy0etr x17r0tee x972fbf xcfux6l x1qhh985 xm0m39n x9f619 x1ypdohk xt0psk2 xe8uvvx xdj266r x11i5rnm xat24cr x1mh8g0r xexx8yu x4uap5 x18d9i69 xkhd6sd x16tdsg8 x1hl2dhg xggy1nq x1a2a7pz xkrqix3 x1sur9pj xzsf02u x1s688f\" role=\"link\" href=\"https:\/\/www.facebook.com\/labeneficadepilona?__cft__[0]=AZVsVt7Y4RSPRKP-TX8fW4uRERrAwlO2dtmJ-BiXnwUFMhj3sQ87sGXZaaLiQGHZw6qYBDlA6xPskM-JWn0RgC3Gc0JrCfC4t6ekcpUMz9zQDvLV4vmJu0XsBy8rGw-9VbtxTPhF048z2D-HeoaJBhXwDwtuCGu4Eg9dRpG3T5tlac8E5ukzr-WhKFl9lbTyiKJOXFOmOz6wWS_-fG-JaYIDVewLB3birG82PqaLeBBIpA&amp;__tn__=-UC%2CP-y-R\"><strong class=\"html-strong xdj266r x11i5rnm xat24cr x1mh8g0r xexx8yu x4uap5 x18d9i69 xkhd6sd x1hl2dhg x16tdsg8 x1vvkbs x1s688f\"><span class=\"html-span xdj266r x11i5rnm xat24cr x1mh8g0r xexx8yu x4uap5 x18d9i69 xkhd6sd x1hl2dhg x16tdsg8 x1vvkbs\">La Ben\u00e9fica de Pilo\u00f1a<\/span><\/strong><\/a><\/span><\/span><\/span><\/li>\n<\/ul>\n<p style=\"text-align: center\">\n<!-- iframe plugin v.6.0 wordpress.org\/plugins\/iframe\/ -->\n<iframe loading=\"lazy\" src=\"https:\/\/www.facebook.com\/plugins\/post.php?href=https%3A%2F%2Fwww.facebook.com%2Flabeneficadepilona%2Fposts%2Fpfbid034izwrkZkXW4u224UeBK6CsYh6pRRcdFJ5Wabnq8X3rhod3X499A4CY2mwhC2Rd3ul&#038;show_text=false&#038;width=500\" width=\"500\" height=\"498\" style=\"border:none;overflow:hidden\" scrolling=\"no\" frameborder=\"0\" allowfullscreen=\"true\" allow=\"autoplay; clipboard-write; encrypted-media; picture-in-picture; web-share\" 0=\"\/iframe\" class=\"iframe-class\"><\/iframe>\n<\/p>\n<\/div>\n<\/div>\n<div class=\"html-div xdj266r x11i5rnm xat24cr x1mh8g0r xexx8yu x4uap5 x18d9i69 xkhd6sd\" dir=\"auto\">\n<div class=\"html-div xdj266r x11i5rnm xat24cr x1mh8g0r xexx8yu x4uap5 x18d9i69 xkhd6sd\" dir=\"auto\">\n<div class=\"html-div xdj266r x11i5rnm xat24cr x1mh8g0r xexx8yu x4uap5 x18d9i69 xkhd6sd\" data-ad-rendering-role=\"story_message\">\n<div class=\"x1l90r2v x1iorvi4 x1ye3gou xn6708d\" data-ad-comet-preview=\"message\" data-ad-preview=\"message\">\n<div class=\"x78zum5 xdt5ytf xz62fqu x16ldp7u\">\n<div class=\"xu06os2 x1ok221b\">\n<div class=\"xdj266r x11i5rnm xat24cr x1mh8g0r x1vvkbs x126k92a\">\n<ul>\n<li dir=\"auto\"><span class=\"html-span xexx8yu x4uap5 x18d9i69 xkhd6sd x1hl2dhg x16tdsg8 x1vvkbs x3nfvp2 x1j61x8r x1fcty0u xdj266r xat24cr xgzva0m xhhsvwb xxymvpz xlup9mm x1kky2od\"><img loading=\"lazy\" decoding=\"async\" class=\"xz74otr x168nmei x13lgxp2 x5pf9jr xo71vjh\" src=\"https:\/\/static.xx.fbcdn.net\/images\/emoji.php\/v9\/t6c\/1\/16\/1f499.png\" alt=\"\ud83d\udc99\" width=\"16\" height=\"16\" \/><\/span> L\u2019Antroxu foi l\u2019empiezu d\u2019una nueva era&#8230; y dex\u00f3nos con ganes de fiesta, asina qu\u2019apunt\u00e1i nueva fecha para venir dalo tou a La Ben\u00e9fica.<\/li>\n<li dir=\"auto\"><span class=\"html-span xexx8yu x4uap5 x18d9i69 xkhd6sd x1hl2dhg x16tdsg8 x1vvkbs x3nfvp2 x1j61x8r x1fcty0u xdj266r xat24cr xgzva0m xhhsvwb xxymvpz xlup9mm x1kky2od\"><img loading=\"lazy\" decoding=\"async\" class=\"xz74otr x168nmei x13lgxp2 x5pf9jr xo71vjh\" src=\"https:\/\/static.xx.fbcdn.net\/images\/emoji.php\/v9\/t5c\/1\/16\/1f5d3.png\" alt=\"\ud83d\uddd3\ufe0f\" width=\"16\" height=\"16\" \/><\/span> Esti s\u00e1badu 22 de marzu, a partir de les 19 hores, el grupu Herbamora<span class=\"html-span xdj266r x11i5rnm xat24cr x1mh8g0r xexx8yu x4uap5 x18d9i69 xkhd6sd x1hl2dhg x16tdsg8 x1vvkbs\"><a class=\"x1i10hfl xjbqb8w x1ejq31n xd10rxx x1sy0etr x17r0tee x972fbf xcfux6l x1qhh985 xm0m39n x9f619 x1ypdohk xt0psk2 xe8uvvx xdj266r x11i5rnm xat24cr x1mh8g0r xexx8yu x4uap5 x18d9i69 xkhd6sd x16tdsg8 x1hl2dhg xggy1nq x1a2a7pz xkrqix3 x1sur9pj x1fey0fg x1s688f\" role=\"link\" href=\"https:\/\/l.facebook.com\/l.php?u=https%3A%2F%2Fwww.instagram.com%2F_u%2Fherbamora%3Ffbclid%3DIwZXh0bgNhZW0CMTAAAR1KN1NzTr9v9ddkRhQPdf_5IrCOFpt8DE12KyNxQe4jxOOmuFFVrun51CA_aem_nCRXnkdPB4Ar73bXazMfQQ&amp;h=AT1ZyXHvCYmi8caf5H0CB_xzQtEYeoqEnSlklhZhureoa6ich9VsuT0c7ZLG0t-w-D4nIGCFQA9c6I5Z8Ks_B68A-R7HRIxu5D-nH5BJQMZpEp1xQjnV4xB7jngRbmSsXQ&amp;__tn__=-UK-y-R&amp;c[0]=AT2U52MCizki-xzN4jNOXAh1pnrle8k9luz51dUNft3YFshTKpd7-r5S1TuKGaxG7XeIwwITmPXDCcxlQt1xX5RxnDRmDxo6MAQTTDAusf22TfZT4bE5vjkFhIolRuKs13CFR3tI5OQt6kuMD2p_qeuw9wDkcdm6o0joQQ_njkossAIslMO2hp_ipQieBKaV-KBQ8KMnZlW-MDVJ20asH14U-ag9UhBemb_HLMoInS8NIR68HA\" target=\"_blank\" rel=\"nofollow noopener noreferrer\"> (@herbamo<\/a><\/span>ra) presenta\u2019l so tercer discu <strong>\u201c286 Llunes\u201d.<\/strong> La entrada ye col m\u00e9todu de taquilla inversa, vamos, qu\u2019apurres lo que quieras o puedas. M\u00fasica, espicha Popular y DJ Killaphonia (@killaphonia) para completar la xornada. Nun puedes faltar.<\/li>\n<\/ul>\n<p><!--more--><\/p>\n<\/div>\n<div class=\"x11i5rnm xat24cr x1mh8g0r x1vvkbs xtlvy1s x126k92a\">\n<div dir=\"auto\"><span class=\"html-span xdj266r x11i5rnm xat24cr x1mh8g0r xexx8yu x4uap5 x18d9i69 xkhd6sd x1hl2dhg x16tdsg8 x1vvkbs\"><a class=\"x1i10hfl xjbqb8w x1ejq31n xd10rxx x1sy0etr x17r0tee x972fbf xcfux6l x1qhh985 xm0m39n x9f619 x1ypdohk xt0psk2 xe8uvvx xdj266r x11i5rnm xat24cr x1mh8g0r xexx8yu x4uap5 x18d9i69 xkhd6sd x16tdsg8 x1hl2dhg xggy1nq x1a2a7pz xkrqix3 x1sur9pj x1fey0fg x1s688f\" role=\"link\" href=\"https:\/\/www.facebook.com\/hashtag\/laben%C3%A9fica?__eep__=6&amp;__cft__[0]=AZVsVt7Y4RSPRKP-TX8fW4uRERrAwlO2dtmJ-BiXnwUFMhj3sQ87sGXZaaLiQGHZw6qYBDlA6xPskM-JWn0RgC3Gc0JrCfC4t6ekcpUMz9zQDvLV4vmJu0XsBy8rGw-9VbtxTPhF048z2D-HeoaJBhXwDwtuCGu4Eg9dRpG3T5tlac8E5ukzr-WhKFl9lbTyiKJOXFOmOz6wWS_-fG-JaYIDVewLB3birG82PqaLeBBIpA&amp;__tn__=*NK-y-R\">#laben\u00e9fica<\/a><\/span> <span class=\"html-span xdj266r x11i5rnm xat24cr x1mh8g0r xexx8yu x4uap5 x18d9i69 xkhd6sd x1hl2dhg x16tdsg8 x1vvkbs\"><a class=\"x1i10hfl xjbqb8w x1ejq31n xd10rxx x1sy0etr x17r0tee x972fbf xcfux6l x1qhh985 xm0m39n x9f619 x1ypdohk xt0psk2 xe8uvvx xdj266r x11i5rnm xat24cr x1mh8g0r xexx8yu x4uap5 x18d9i69 xkhd6sd x16tdsg8 x1hl2dhg xggy1nq x1a2a7pz xkrqix3 x1sur9pj x1fey0fg x1s688f\" role=\"link\" href=\"https:\/\/www.facebook.com\/hashtag\/pilo%C3%B1a?__eep__=6&amp;__cft__[0]=AZVsVt7Y4RSPRKP-TX8fW4uRERrAwlO2dtmJ-BiXnwUFMhj3sQ87sGXZaaLiQGHZw6qYBDlA6xPskM-JWn0RgC3Gc0JrCfC4t6ekcpUMz9zQDvLV4vmJu0XsBy8rGw-9VbtxTPhF048z2D-HeoaJBhXwDwtuCGu4Eg9dRpG3T5tlac8E5ukzr-WhKFl9lbTyiKJOXFOmOz6wWS_-fG-JaYIDVewLB3birG82PqaLeBBIpA&amp;__tn__=*NK-y-R\">#pilo\u00f1a<\/a><\/span> <span class=\"html-span xdj266r x11i5rnm xat24cr x1mh8g0r xexx8yu x4uap5 x18d9i69 xkhd6sd x1hl2dhg x16tdsg8 x1vvkbs\"><a class=\"x1i10hfl xjbqb8w x1ejq31n xd10rxx x1sy0etr x17r0tee x972fbf xcfux6l x1qhh985 xm0m39n x9f619 x1ypdohk xt0psk2 xe8uvvx xdj266r x11i5rnm xat24cr x1mh8g0r xexx8yu x4uap5 x18d9i69 xkhd6sd x16tdsg8 x1hl2dhg xggy1nq x1a2a7pz xkrqix3 x1sur9pj x1fey0fg x1s688f\" role=\"link\" href=\"https:\/\/www.facebook.com\/hashtag\/cultura?__eep__=6&amp;__cft__[0]=AZVsVt7Y4RSPRKP-TX8fW4uRERrAwlO2dtmJ-BiXnwUFMhj3sQ87sGXZaaLiQGHZw6qYBDlA6xPskM-JWn0RgC3Gc0JrCfC4t6ekcpUMz9zQDvLV4vmJu0XsBy8rGw-9VbtxTPhF048z2D-HeoaJBhXwDwtuCGu4Eg9dRpG3T5tlac8E5ukzr-WhKFl9lbTyiKJOXFOmOz6wWS_-fG-JaYIDVewLB3birG82PqaLeBBIpA&amp;__tn__=*NK-y-R\">#cultura<\/a><\/span> <span class=\"html-span xdj266r x11i5rnm xat24cr x1mh8g0r xexx8yu x4uap5 x18d9i69 xkhd6sd x1hl2dhg x16tdsg8 x1vvkbs\"><a class=\"x1i10hfl xjbqb8w x1ejq31n xd10rxx x1sy0etr x17r0tee x972fbf xcfux6l x1qhh985 xm0m39n x9f619 x1ypdohk xt0psk2 xe8uvvx xdj266r x11i5rnm xat24cr x1mh8g0r xexx8yu x4uap5 x18d9i69 xkhd6sd x16tdsg8 x1hl2dhg xggy1nq x1a2a7pz xkrqix3 x1sur9pj x1fey0fg x1s688f\" role=\"link\" href=\"https:\/\/www.facebook.com\/hashtag\/rural?__eep__=6&amp;__cft__[0]=AZVsVt7Y4RSPRKP-TX8fW4uRERrAwlO2dtmJ-BiXnwUFMhj3sQ87sGXZaaLiQGHZw6qYBDlA6xPskM-JWn0RgC3Gc0JrCfC4t6ekcpUMz9zQDvLV4vmJu0XsBy8rGw-9VbtxTPhF048z2D-HeoaJBhXwDwtuCGu4Eg9dRpG3T5tlac8E5ukzr-WhKFl9lbTyiKJOXFOmOz6wWS_-fG-JaYIDVewLB3birG82PqaLeBBIpA&amp;__tn__=*NK-y-R\">#rural<\/a><\/span><\/div>\n<div dir=\"auto\"><\/div>\n<\/div>\n<\/div>\n<\/div>\n<\/div>\n<div dir=\"auto\" style=\"text-align: center\"><a href=\"https:\/\/s1.ppllstatics.com\/elcomercio\/www\/multimedia\/2024\/11\/29\/herbamora-k7M--1200x840@El%20Comercio.jpg\"><img loading=\"lazy\" decoding=\"async\" class=\"aligncenter \" src=\"https:\/\/s1.ppllstatics.com\/elcomercio\/www\/multimedia\/2024\/11\/29\/herbamora-k7M--1200x840@El%20Comercio.jpg\" width=\"591\" height=\"414\" \/><\/a><\/div>\n<div class=\"x1l90r2v x1iorvi4 x1ye3gou xn6708d\" data-ad-comet-preview=\"message\" data-ad-preview=\"message\">\n<div class=\"x78zum5 xdt5ytf xz62fqu x16ldp7u\">\n<div class=\"xu06os2 x1ok221b\">\n<div class=\"x11i5rnm xat24cr x1mh8g0r x1vvkbs xtlvy1s x126k92a\">\n<div dir=\"auto\"><\/div>\n<div dir=\"auto\">La formaci\u00f3n integrada actualmente por <strong>Elena Rodr\u00edguez Mart\u00ednez, Mar\u00eda Gavieiro \u00c1lvarez, Paula Crist\u00f3bal Caso, Natalia Nu\u00f1o Rodr\u00edguez\u00a0<\/strong>y\u00a0<strong>Mar\u00eda V\u00e1zquez \u00c1lvarez<\/strong>\u00a0naci\u00f3 en 2003 pa dar aires nuevos al mundu de la pandereta asturiana y sacala de los estereotipos nos que taba arrequexada.<\/div>\n<div dir=\"auto\"><\/div>\n<\/div>\n<div dir=\"auto\" style=\"text-align: center\">\n<!-- iframe plugin v.6.0 wordpress.org\/plugins\/iframe\/ -->\n<iframe loading=\"lazy\" width=\"586\" height=\"329\" src=\"https:\/\/www.youtube.com\/embed\/JANcX8bmAzs\" title=\"HERBAMORA - Lluna de collecha (Audio Oficial)\" frameborder=\"0\" allow=\"accelerometer; autoplay; clipboard-write; encrypted-media; gyroscope; picture-in-picture; web-share\" referrerpolicy=\"strict-origin-when-cross-origin\" 0=\"allowfullscreen\" 1=\"\/iframe\" scrolling=\"yes\" class=\"iframe-class\"><\/iframe>\n<\/div>\n<div dir=\"auto\">Estren\u00e1ronse col discu<strong> \u00ab\u00a1Sali, L.luna!\u00bb<\/strong>, un trabayu con cantares que van <strong>de la fusi\u00f3n col jazz, funk y rock a la tradici\u00f3n nel so est\u00e1u m\u00e1s puru<\/strong>. Con \u00e9l ganaron el Premiu al Meyor Cantar en Llingua Asturiana y tuvieron nominaciones nos premios AMAS. En 2013 asoleyaron \u00abN&#8217;ac\u00fasticu\u00bb, col que siguieron el cam\u00edn de revolucionar el mundu de la pandereta asturiana.<\/div>\n<div class=\"x11i5rnm xat24cr x1mh8g0r x1vvkbs xtlvy1s x126k92a\">\n<div dir=\"auto\"><\/div>\n<div dir=\"auto\"><a href=\"https:\/\/img.lavdg.com\/sc\/J213vEit-uGR2KlfkfqLsRKK6Bg=\/768x\/2024\/11\/29\/00121732899368953669754\/Foto\/herba.jpg\"><img loading=\"lazy\" decoding=\"async\" class=\"aligncenter \" src=\"https:\/\/img.lavdg.com\/sc\/J213vEit-uGR2KlfkfqLsRKK6Bg=\/768x\/2024\/11\/29\/00121732899368953669754\/Foto\/herba.jpg\" width=\"613\" height=\"345\" \/><\/a><\/div>\n<\/div>\n<\/div>\n<\/div>\n<\/div>\n<\/div>\n<\/div>\n<\/div>\n<ul>\n<li>Fonte: <a href=\"https:\/\/www.lavozdeasturias.es\/noticia\/agora\/2024\/11\/29\/herbamora-vuelven-revolucionar-pandereta-col-so-tercer-discu-286-llunes\/00031732899415262869899.htm\">La Voz<\/a> \/ <a href=\"https:\/\/www.lne.es\/asturias\/n-asturianu\/2024\/11\/26\/grupu-pandereteres-herbamora-publica-286-111921145.html\">LNE<\/a> \/<\/li>\n<\/ul>\n<div class=\"date\">\n<h3 class=\"subtitle t-bld\">El quintetu publica un EP con cinco temes protagonizaos pola <span style=\"color: #008080\">m\u00fasica electr\u00f3nica, la tradici\u00f3n, los ritmos pal baille y la sororid\u00e1<\/span><\/h3>\n<p>Y\u00e1 ta a la venta\u00a0y en\u00a0toles plataformes musicales\u00a0<em>286 Llunes<\/em>, el tercer trabayu d\u2019Herbamora. Esta banda formada por cinco muyeres percusionistes y cantantes venceyaes a la cultura tradicional torne, dempu\u00e9s de\u00a011 a\u00f1os de par\u00f3n, con un trabayu discogr\u00e1ficu enllenu de\u00a0presencia y sensibilid\u00e1\u00a0integr\u00e1u por cinco cantares nos que les\u00a0percusiones, el xuegu de voces y la electr\u00f3nica\u00a0son protagonistes. El 22 de marzu van llevalu al directo\u00a0enriba l\u2019escenariu de\u00a0La Ben\u00e9fica.<\/p>\n<\/div>\n<p class=\"txt\">Herbamora revolucionaron el mundu de la pandereta asturiana en 2007 col discu\u00a0<em>\u00a1Sali, L.luna!\u00a0<\/em>Fueron les pioneres en llevar esti instrumentu a sonoridaes nunca enantes esperimentaes; fusionando la m\u00fasica tradicional con\u00a0electr\u00f3nica, jazz o rock.\u00a0Los cinco cantares que formen\u00a0<em>286 Llunes\u00a0<\/em>son, agora,\u00a0una nueva revoluci\u00f3n. Los patrones y estructures tradicionales a ritmu de\u00a0panderos, panderetes y casta\u00f1ueles; les voces y el protagonismu de la m\u00fasica electr\u00f3nica enllenen de color un discu\u00a0mui novedosu\u00a0dientro de la m\u00fasica asturiana. N\u00e9l hai dende momentos m\u00e1s\u00a0intimos y seles, hasta pasaxes capaces de tresportate a una especie de\u00a0rave tradi. Too ello ensin perder de vista la so esencia: la\u00a0tradici\u00f3n y los ritmos pal baille.<\/p>\n<p class=\"txt\">D\u2019esta manera<em>\u00a0286 Llunes<\/em>\u00a0ta form\u00e1u por un\u00a0valse de Tresmonte \u2014nel qu\u2019apaez\u00a0Concha\u2019i Clara, una de les pandereteres referentes n\u2019Asturies, g\u00fcela d\u2019Elena, componente del grupu\u2014;\u00a0dos sones d\u2019arriba\u00a0(de los conceyos de Cangas del Narcea y de Quir\u00f3s); una\u00a0siega de Riballagu\u00a0(Senabria) y un\u00a0l.lixeru de Payares. Too ello con unes\u00a0lletres\u00a0basaes na tradici\u00f3n qu\u2019espellen tem\u00e1tiques como l\u2019amor, disfrute, muerte, desamor, llabores cotidianes o naturaleza. Faen asina que lo que cantaben les\u00a0g\u00fceles asturianes\u00a0lleguen hasta los nuestros d\u00edes, sorrayando la necesid\u00e1 del\u00a0amor propiu, l\u2019empoderamientu femen\u00edn y el poder de la sororid\u00e1\u00a0nuna socied\u00e1 individualista y heteropatriarcal.<\/p>\n","protected":false},"excerpt":{"rendered":"<p>cartelu \/La Ben\u00e9fica de Pilo\u00f1a L\u2019Antroxu foi l\u2019empiezu d\u2019una nueva era&#8230; y dex\u00f3nos con ganes de fiesta, asina qu\u2019apunt\u00e1i nueva fecha para venir dalo tou a La Ben\u00e9fica. Esti s\u00e1badu 22 de marzu, a partir de les 19 hores, el grupu Herbamora (@herbamora) presenta\u2019l so tercer discu \u201c286 Llunes\u201d. La entrada ye col m\u00e9todu de [&hellip;]<\/p>\n","protected":false},"author":117,"featured_media":0,"comment_status":"open","ping_status":"open","sticky":false,"template":"","format":"standard","meta":{"footnotes":""},"categories":[247],"tags":[],"class_list":["post-44145","post","type-post","status-publish","format-standard","hentry","category-la-benefica"],"_links":{"self":[{"href":"https:\/\/edublog.educastur.es\/ixuxu\/wp-json\/wp\/v2\/posts\/44145","targetHints":{"allow":["GET"]}}],"collection":[{"href":"https:\/\/edublog.educastur.es\/ixuxu\/wp-json\/wp\/v2\/posts"}],"about":[{"href":"https:\/\/edublog.educastur.es\/ixuxu\/wp-json\/wp\/v2\/types\/post"}],"author":[{"embeddable":true,"href":"https:\/\/edublog.educastur.es\/ixuxu\/wp-json\/wp\/v2\/users\/117"}],"replies":[{"embeddable":true,"href":"https:\/\/edublog.educastur.es\/ixuxu\/wp-json\/wp\/v2\/comments?post=44145"}],"version-history":[{"count":7,"href":"https:\/\/edublog.educastur.es\/ixuxu\/wp-json\/wp\/v2\/posts\/44145\/revisions"}],"predecessor-version":[{"id":44211,"href":"https:\/\/edublog.educastur.es\/ixuxu\/wp-json\/wp\/v2\/posts\/44145\/revisions\/44211"}],"wp:attachment":[{"href":"https:\/\/edublog.educastur.es\/ixuxu\/wp-json\/wp\/v2\/media?parent=44145"}],"wp:term":[{"taxonomy":"category","embeddable":true,"href":"https:\/\/edublog.educastur.es\/ixuxu\/wp-json\/wp\/v2\/categories?post=44145"},{"taxonomy":"post_tag","embeddable":true,"href":"https:\/\/edublog.educastur.es\/ixuxu\/wp-json\/wp\/v2\/tags?post=44145"}],"curies":[{"name":"wp","href":"https:\/\/api.w.org\/{rel}","templated":true}]}}