{"id":44151,"date":"2025-03-18T19:00:56","date_gmt":"2025-03-18T17:00:56","guid":{"rendered":"https:\/\/edublog.educastur.es\/ixuxu\/?p=44151"},"modified":"2025-03-19T15:39:01","modified_gmt":"2025-03-19T13:39:01","slug":"promocion-del-cine-y-el-sector-audiovisual","status":"publish","type":"post","link":"https:\/\/edublog.educastur.es\/ixuxu\/2025\/03\/promocion-del-cine-y-el-sector-audiovisual\/","title":{"rendered":"Promoci\u00f3n del cine y sector audiovisual"},"content":{"rendered":"<div class=\"html-div xdj266r xat24cr x1mh8g0r xexx8yu x4uap5 x18d9i69 xkhd6sd x78zum5 x2lah0s xqtp20y x1emribx\">\n<div class=\"xc9qbxq x1td3qas x6s0dn4 x78zum5 xl56j7k\">\n<div class=\"\" style=\"text-align: center\"><a href=\"https:\/\/actualidad.asturias.es\/documents\/537115\/2440584\/2025_03_18+Cultura+Festival+M%C3%A1laga.jpg\/358288b4-fde2-08d1-59cc-f8e130df6a6c?t=1742305439368\"><img loading=\"lazy\" decoding=\"async\" class=\"aligncenter \" src=\"https:\/\/actualidad.asturias.es\/documents\/537115\/2440584\/2025_03_18+Cultura+Festival+M%C3%A1laga.jpg\/358288b4-fde2-08d1-59cc-f8e130df6a6c?t=1742305439368\" width=\"655\" height=\"491\" \/><\/a><\/div>\n<\/div>\n<\/div>\n<div class=\"x78zum5 xdt5ytf xz62fqu x16ldp7u\">\n<div class=\"xu06os2 x1ok221b\">\n<div class=\"html-div xdj266r x11i5rnm xat24cr x1mh8g0r xexx8yu x4uap5 x18d9i69 xkhd6sd\" data-ad-rendering-role=\"profile_name\">\n<ul>\n<li class=\"html-h3 x11i5rnm xat24cr x1mh8g0r xexx8yu x4uap5 x18d9i69 xkhd6sd x1vvkbs x1heor9g x1qlqyl8 x1pd3egz x1a2a7pz x1gslohp x1yc453h\"><span class=\"x1lliihq x6ikm8r x10wlt62 x1n2onr6\"><span class=\"xt0psk2\"><span class=\"xjp7ctv\"><a class=\"x1i10hfl xjbqb8w x1ejq31n xd10rxx x1sy0etr x17r0tee x972fbf xcfux6l x1qhh985 xm0m39n x9f619 x1ypdohk xt0psk2 xe8uvvx xdj266r x11i5rnm xat24cr x1mh8g0r xexx8yu x4uap5 x18d9i69 xkhd6sd x16tdsg8 x1hl2dhg xggy1nq x1a2a7pz xkrqix3 x1sur9pj xzsf02u x1s688f\" role=\"link\" href=\"https:\/\/www.facebook.com\/culturaAST?__cft__[0]=AZX_qjdhDMJEYmnFzQB0tI9-dHTr08y3_Ux43hC7x6pMEBrx0uZZ9AoPrSfzvisGDl3-UP_O0vZZe7iDwJk3Bq7FGsLNRO1nPO4yHmkkyqj0_2dPgZn4BmJAVVbFDktekqNqUZX83d9fSQqcOhpEVLaQS3PcdEvMCIldXxG2uge54ipzkB2bbZNdrG-lyANVESA7RLeQTeJNlWPCOnxh0t9F_9Iux3lkpR9idrkNeWY5HQ&amp;__tn__=-UC%2CP-y-R\"><strong class=\"html-strong xdj266r x11i5rnm xat24cr x1mh8g0r xexx8yu x4uap5 x18d9i69 xkhd6sd x1hl2dhg x16tdsg8 x1vvkbs x1s688f\"><span class=\"html-span xdj266r x11i5rnm xat24cr x1mh8g0r xexx8yu x4uap5 x18d9i69 xkhd6sd x1hl2dhg x16tdsg8 x1vvkbs\">Conseyer\u00eda de Cultura, Pol\u00edtica Lling\u00fc\u00edstica y Deporte<\/span><\/strong><\/a><\/span><\/span><\/span>\/ <span class=\"html-span xexx8yu x4uap5 x18d9i69 xkhd6sd x1hl2dhg x16tdsg8 x1vvkbs x3nfvp2 x1j61x8r x1fcty0u xdj266r xat24cr xgzva0m xhhsvwb xxymvpz xlup9mm x1kky2od\"><img loading=\"lazy\" decoding=\"async\" class=\"xz74otr x168nmei x13lgxp2 x5pf9jr xo71vjh\" src=\"https:\/\/static.xx.fbcdn.net\/images\/emoji.php\/v9\/t8e\/1\/16\/2139.png\" alt=\"\u2139\ufe0f\" width=\"16\" height=\"16\" \/><\/span><span class=\"html-span xexx8yu x4uap5 x18d9i69 xkhd6sd x1hl2dhg x16tdsg8 x1vvkbs x3nfvp2 x1j61x8r x1fcty0u xdj266r xat24cr xgzva0m xhhsvwb xxymvpz xlup9mm x1kky2od\"><img loading=\"lazy\" decoding=\"async\" class=\"xz74otr x168nmei x13lgxp2 x5pf9jr xo71vjh\" src=\"https:\/\/static.xx.fbcdn.net\/images\/emoji.php\/v9\/tb3\/1\/16\/1f517.png\" alt=\"\ud83d\udd17\" width=\"16\" height=\"16\" \/><\/span>M\u00e1s info: <span class=\"html-span xdj266r x11i5rnm xat24cr x1mh8g0r xexx8yu x4uap5 x18d9i69 xkhd6sd x1hl2dhg x16tdsg8 x1vvkbs\"><a class=\"x1i10hfl xjbqb8w x1ejq31n xd10rxx x1sy0etr x17r0tee x972fbf xcfux6l x1qhh985 xm0m39n x9f619 x1ypdohk xt0psk2 xe8uvvx xdj266r x11i5rnm xat24cr x1mh8g0r xexx8yu x4uap5 x18d9i69 xkhd6sd x16tdsg8 x1hl2dhg xggy1nq x1a2a7pz xkrqix3 x1sur9pj x1fey0fg x1s688f\" role=\"link\" href=\"https:\/\/acortar.link\/2vq7jm?fbclid=IwZXh0bgNhZW0CMTAAAR0PxUeaCeq3To_XD4lWqFYsFzhvVR5vSeU_3Bi6n6bkPbWEBIW8x5OsmDk_aem_kjeMcbGJciSpDG-n_4HVYw\" target=\"_blank\" rel=\"nofollow noopener noreferrer\">https:\/\/acortar.link\/2vq7jm<\/a><\/span><\/li>\n<\/ul>\n<\/div>\n<\/div>\n<\/div>\n<div class=\"html-div xdj266r x11i5rnm xat24cr x1mh8g0r xexx8yu x4uap5 x18d9i69 xkhd6sd\" dir=\"auto\">\n<div class=\"html-div xdj266r x11i5rnm xat24cr x1mh8g0r xexx8yu x4uap5 x18d9i69 xkhd6sd\" dir=\"auto\">\n<div class=\"html-div xdj266r x11i5rnm xat24cr x1mh8g0r xexx8yu x4uap5 x18d9i69 xkhd6sd\" data-ad-rendering-role=\"story_message\">\n<div class=\"x1l90r2v x1iorvi4 x1ye3gou xn6708d\" data-ad-comet-preview=\"message\" data-ad-preview=\"message\">\n<div class=\"x78zum5 xdt5ytf xz62fqu x16ldp7u\">\n<div class=\"xu06os2 x1ok221b\">\n<div class=\"xdj266r x11i5rnm xat24cr x1mh8g0r x1vvkbs x126k92a\">\n<div dir=\"auto\"><span class=\"html-span xexx8yu x4uap5 x18d9i69 xkhd6sd x1hl2dhg x16tdsg8 x1vvkbs x3nfvp2 x1j61x8r x1fcty0u xdj266r xat24cr xgzva0m xhhsvwb xxymvpz xlup9mm x1kky2od\"><img loading=\"lazy\" decoding=\"async\" class=\"xz74otr x168nmei x13lgxp2 x5pf9jr xo71vjh\" src=\"https:\/\/static.xx.fbcdn.net\/images\/emoji.php\/v9\/t2d\/1\/16\/1f3ac.png\" alt=\"\ud83c\udfac\" width=\"16\" height=\"16\" \/><\/span> La Conseyer\u00eda de Cultura, Pol\u00edtica Lling\u00fc\u00edstica y Deporte promociona&#8217;l cine y el sector audiovisual con un estand propiu na 28\u00aa edici\u00f3n del <span class=\"html-span xdj266r x11i5rnm xat24cr x1mh8g0r xexx8yu x4uap5 x18d9i69 xkhd6sd x1hl2dhg x16tdsg8 x1vvkbs\"><a class=\"x1i10hfl xjbqb8w x1ejq31n xd10rxx x1sy0etr x17r0tee x972fbf xcfux6l x1qhh985 xm0m39n x9f619 x1ypdohk xt0psk2 xe8uvvx xdj266r x11i5rnm xat24cr x1mh8g0r xexx8yu x4uap5 x18d9i69 xkhd6sd x16tdsg8 x1hl2dhg xggy1nq x1a2a7pz xkrqix3 x1sur9pj x1fey0fg x1s688f\" role=\"link\" href=\"https:\/\/www.facebook.com\/FestivalMalaga?__cft__[0]=AZX_qjdhDMJEYmnFzQB0tI9-dHTr08y3_Ux43hC7x6pMEBrx0uZZ9AoPrSfzvisGDl3-UP_O0vZZe7iDwJk3Bq7FGsLNRO1nPO4yHmkkyqj0_2dPgZn4BmJAVVbFDktekqNqUZX83d9fSQqcOhpEVLaQS3PcdEvMCIldXxG2uge54ipzkB2bbZNdrG-lyANVESA7RLeQTeJNlWPCOnxh0t9F_9Iux3lkpR9idrkNeWY5HQ&amp;__tn__=-]K-y-R\"><span class=\"xt0psk2\"><span class=\"xjp7ctv\">Festival de M\u00e1laga<\/span><\/span><\/a><\/span> dientro del \u00e1rea industrial del eventu, M\u00e1laga Festival Industry Zond, que se celebra hasta&#8217;l 21 de marzu.<\/div>\n<div dir=\"auto\"><strong><!--more--><\/strong><\/div>\n<\/div>\n<div dir=\"auto\"><\/div>\n<\/div>\n<div dir=\"auto\" style=\"text-align: center\"><a href=\"https:\/\/actualidad.asturias.es\/documents\/537115\/2440584\/2025_03_18+Cultura+Festival+M%C3%A1laga+%281%29.jpg\/4b1507dc-b6d2-0b12-c1ef-acb0061739cc?t=1742305439484\"><img loading=\"lazy\" decoding=\"async\" class=\"aligncenter size-large\" src=\"https:\/\/actualidad.asturias.es\/documents\/537115\/2440584\/2025_03_18+Cultura+Festival+M%C3%A1laga+%281%29.jpg\/4b1507dc-b6d2-0b12-c1ef-acb0061739cc?t=1742305439484\" width=\"1920\" height=\"864\" \/><\/a><\/div>\n<div class=\"xu06os2 x1ok221b\">\n<div class=\"x11i5rnm xat24cr x1mh8g0r x1vvkbs xtlvy1s x126k92a\">\n<div dir=\"auto\">\n<p>La Conseyer\u00eda de Cultura, Pol\u00edtica Lling\u00fc\u00edstica y Deporte promociona&#8217;l cine y el sector audiovisual con un estand propiu na <strong>28\u00aa edici\u00f3n del Festival de Cine de M\u00e1laga.<\/strong> El Princip\u00e1u va tar presente na \u00e1rea industrial del eventu, el <strong>M\u00e1laga Festival Industry Zone (MAFIZ)<\/strong>, que se celebra hasta&#8217;l 21 de marzu.<\/p>\n<p>&nbsp;<\/p>\n<p>La delegaci\u00f3n asturiana, encabezada pol director xeneral d&#8217;Acci\u00f3n Cultural y Normalizaci\u00f3n Lling\u00fc\u00edstica, Ant\u00f3n Garc\u00eda, va tar formada por 23 profesionales y empreses a les que&#8217;l Princip\u00e1u facilit\u00f3 la so presencia nel eventu. L&#8217;oxetivu del MAFIZ ye favorecer l&#8217;espardimientu y promoci\u00f3n de la industria cinematogr\u00e1fico d&#8217;Iberoam\u00e9rica, seg\u00fan crear nueves redes de negociu al travi\u00e9s de la plataforma Rexonal Filme Hub, que sofita&#8217;l sector cinematogr\u00e1ficu de les distintes comunidaes.<\/p>\n<p>&nbsp;<\/p>\n<p>Dientro del MAFIZ cel\u00e9brase tami\u00e9n la 19\u00aa edici\u00f3n del Spanish Screenings Content, nel que baxo la marca<strong> Cine d&#8217;Asturies<\/strong>, va presentase un cat\u00e1logu de 14 proyectos financiaos pola conseyer\u00eda en 2024 para los que se busquen diverses aliances, como financiamientu, socios en coproducci\u00f3n o postproducci\u00f3n, distribuci\u00f3n, vientes o presencia n&#8217;otros festivales.<\/p>\n<p>La conseyer\u00eda de Cultura va entamar ma\u00f1ana, mi\u00e9rcoles, un alcuentru de trabayu xuntu con otros profesionales del sector, empreses ya instituciones nacionales, coles mires de fomentar la interrellaci\u00f3n ente los diversos axentes cinematogr\u00e1ficos<\/p>\n<p>&nbsp;<\/p>\n<p>Am\u00e1s, dientro del Spanish Screenings Content y col sofitu de Cultura, va tener llugar la proyecci\u00f3n de dos llargumetraxes asturianos: Lluna, de Pablo Casanueva, y Xeneraci\u00f3n Xix\u00f3n Sound, d&#8217;Aure Raspies.<\/p>\n<p>&nbsp;<\/p>\n<p>Asturies y\u00e1 cuntara con representaci\u00f3n nes ediciones de 2022 y 2023 del Festival de M\u00e1laga de la mano d&#8217;Asturies Para\u00edsu Natural Filme Commission, qu&#8217;alleg\u00f3 pa promocionar los recursos del Princip\u00e1u como plat\u00f3 de rodaxe, seg\u00fan la so rede d&#8217;empreses y profesionales.<\/p>\n<\/div>\n<\/div>\n<\/div>\n<\/div>\n<\/div>\n<\/div>\n<\/div>\n<\/div>\n<p>&nbsp;<\/p>\n","protected":false},"excerpt":{"rendered":"<p>Conseyer\u00eda de Cultura, Pol\u00edtica Lling\u00fc\u00edstica y Deporte\/ M\u00e1s info: https:\/\/acortar.link\/2vq7jm La Conseyer\u00eda de Cultura, Pol\u00edtica Lling\u00fc\u00edstica y Deporte promociona&#8217;l cine y el sector audiovisual con un estand propiu na 28\u00aa edici\u00f3n del Festival de M\u00e1laga dientro del \u00e1rea industrial del eventu, M\u00e1laga Festival Industry Zond, que se celebra hasta&#8217;l 21 de marzu.<\/p>\n","protected":false},"author":117,"featured_media":0,"comment_status":"open","ping_status":"open","sticky":false,"template":"","format":"standard","meta":{"footnotes":""},"categories":[89,299],"tags":[],"class_list":["post-44151","post","type-post","status-publish","format-standard","hentry","category-arte","category-cine"],"_links":{"self":[{"href":"https:\/\/edublog.educastur.es\/ixuxu\/wp-json\/wp\/v2\/posts\/44151","targetHints":{"allow":["GET"]}}],"collection":[{"href":"https:\/\/edublog.educastur.es\/ixuxu\/wp-json\/wp\/v2\/posts"}],"about":[{"href":"https:\/\/edublog.educastur.es\/ixuxu\/wp-json\/wp\/v2\/types\/post"}],"author":[{"embeddable":true,"href":"https:\/\/edublog.educastur.es\/ixuxu\/wp-json\/wp\/v2\/users\/117"}],"replies":[{"embeddable":true,"href":"https:\/\/edublog.educastur.es\/ixuxu\/wp-json\/wp\/v2\/comments?post=44151"}],"version-history":[{"count":6,"href":"https:\/\/edublog.educastur.es\/ixuxu\/wp-json\/wp\/v2\/posts\/44151\/revisions"}],"predecessor-version":[{"id":44232,"href":"https:\/\/edublog.educastur.es\/ixuxu\/wp-json\/wp\/v2\/posts\/44151\/revisions\/44232"}],"wp:attachment":[{"href":"https:\/\/edublog.educastur.es\/ixuxu\/wp-json\/wp\/v2\/media?parent=44151"}],"wp:term":[{"taxonomy":"category","embeddable":true,"href":"https:\/\/edublog.educastur.es\/ixuxu\/wp-json\/wp\/v2\/categories?post=44151"},{"taxonomy":"post_tag","embeddable":true,"href":"https:\/\/edublog.educastur.es\/ixuxu\/wp-json\/wp\/v2\/tags?post=44151"}],"curies":[{"name":"wp","href":"https:\/\/api.w.org\/{rel}","templated":true}]}}