{"id":44167,"date":"2025-03-19T08:30:41","date_gmt":"2025-03-19T06:30:41","guid":{"rendered":"https:\/\/edublog.educastur.es\/ixuxu\/?p=44167"},"modified":"2025-03-19T23:24:15","modified_gmt":"2025-03-19T21:24:15","slug":"el-tiempu-el-comercio-27","status":"publish","type":"post","link":"https:\/\/edublog.educastur.es\/ixuxu\/2025\/03\/el-tiempu-el-comercio-27\/","title":{"rendered":"El tiempu (El Comercio)"},"content":{"rendered":"<p><em><span style=\"color: #ffff99\">Les temperatures m\u00e1ximes van xubir ente 2 y 3 \u00baC m\u00e1s al respective de les del martes, pudiendo ser dichu ascensu daqu\u00e9 m\u00e1s significativu nel estremu oriental.<\/span><\/em><\/p>\n<p style=\"text-align: center\"><a href=\"https:\/\/s3.ppllstatics.com\/elcomercio\/www\/multimedia\/2025\/03\/18\/tiempo-asturias-k7xE-U230515504088AlE-1200x840@El%20Comercio.jpg\"><img loading=\"lazy\" decoding=\"async\" class=\"aligncenter size-large\" src=\"https:\/\/s3.ppllstatics.com\/elcomercio\/www\/multimedia\/2025\/03\/18\/tiempo-asturias-k7xE-U230515504088AlE-1200x840@El%20Comercio.jpg\" width=\"1200\" height=\"840\" \/><\/a><\/p>\n<p><span style=\"color: #ffff99\"><em>La primavera llega a Asturies con una nueva umbada y alerta por vientos. La envernada &#8216;Martinho&#8217;, el cuartu en dolce d\u00edes, va faer sumir el sol que relluma esti mi\u00e9rcoles, \u00faltimu d\u00eda d&#8217;iviernu.<\/em><\/span><\/p>\n","protected":false},"excerpt":{"rendered":"<p>Les temperatures m\u00e1ximes van xubir ente 2 y 3 \u00baC m\u00e1s al respective de les del martes, pudiendo ser dichu ascensu daqu\u00e9 m\u00e1s significativu nel estremu oriental. La primavera llega a Asturies con una nueva umbada y alerta por vientos. La envernada &#8216;Martinho&#8217;, el cuartu en dolce d\u00edes, va faer sumir el sol que relluma [&hellip;]<\/p>\n","protected":false},"author":117,"featured_media":0,"comment_status":"open","ping_status":"open","sticky":false,"template":"","format":"aside","meta":{"footnotes":""},"categories":[5],"tags":[],"class_list":["post-44167","post","type-post","status-publish","format-aside","hentry","category-tiempu","post_format-post-format-aside"],"_links":{"self":[{"href":"https:\/\/edublog.educastur.es\/ixuxu\/wp-json\/wp\/v2\/posts\/44167","targetHints":{"allow":["GET"]}}],"collection":[{"href":"https:\/\/edublog.educastur.es\/ixuxu\/wp-json\/wp\/v2\/posts"}],"about":[{"href":"https:\/\/edublog.educastur.es\/ixuxu\/wp-json\/wp\/v2\/types\/post"}],"author":[{"embeddable":true,"href":"https:\/\/edublog.educastur.es\/ixuxu\/wp-json\/wp\/v2\/users\/117"}],"replies":[{"embeddable":true,"href":"https:\/\/edublog.educastur.es\/ixuxu\/wp-json\/wp\/v2\/comments?post=44167"}],"version-history":[{"count":2,"href":"https:\/\/edublog.educastur.es\/ixuxu\/wp-json\/wp\/v2\/posts\/44167\/revisions"}],"predecessor-version":[{"id":44274,"href":"https:\/\/edublog.educastur.es\/ixuxu\/wp-json\/wp\/v2\/posts\/44167\/revisions\/44274"}],"wp:attachment":[{"href":"https:\/\/edublog.educastur.es\/ixuxu\/wp-json\/wp\/v2\/media?parent=44167"}],"wp:term":[{"taxonomy":"category","embeddable":true,"href":"https:\/\/edublog.educastur.es\/ixuxu\/wp-json\/wp\/v2\/categories?post=44167"},{"taxonomy":"post_tag","embeddable":true,"href":"https:\/\/edublog.educastur.es\/ixuxu\/wp-json\/wp\/v2\/tags?post=44167"}],"curies":[{"name":"wp","href":"https:\/\/api.w.org\/{rel}","templated":true}]}}