{"id":44187,"date":"2025-03-19T10:36:40","date_gmt":"2025-03-19T08:36:40","guid":{"rendered":"https:\/\/edublog.educastur.es\/ixuxu\/?p=44187"},"modified":"2025-03-19T10:36:40","modified_gmt":"2025-03-19T08:36:40","slug":"linstintu-del-trunfu-primer-subida-al-picu-urriellu","status":"publish","type":"post","link":"https:\/\/edublog.educastur.es\/ixuxu\/2025\/03\/linstintu-del-trunfu-primer-subida-al-picu-urriellu\/","title":{"rendered":"L&#8217;instintu del trunfu: Primer subida al Picu Urriellu"},"content":{"rendered":"<ul>\n<li>Fonte:<a href=\"https:\/\/kissthemountain.com\/portfolio_page\/primera-al-urriellu-tras-las-huellas-el-instinto-del-triunfo\/?fbclid=IwY2xjawJHYDJleHRuA2FlbQIxMQABHZ0kFGX_E-US5jVKCZSheJ3sELf1t3l_L30olN415Qx4FsGWfZDvfPXn6g_aem_QLiH-lShgZp3jFcwf-Vs2w\"> kissthemountain<\/a> \/\u00a0 vide<a href=\"https:\/\/youtu.be\/ILBHQbLo05g\">u Youtube<\/a> \/<\/li>\n<\/ul>\n<p style=\"text-align: center\"><span style=\"text-decoration: underline\"><span style=\"color: #008080;text-decoration: underline\">PRIMER AL URRIELLU. TRES LES BUELGUES<br \/>\n<\/span><\/span><br \/>\n\n<!-- iframe plugin v.6.0 wordpress.org\/plugins\/iframe\/ -->\n<iframe loading=\"lazy\" width=\"100%\" height=\"440\" src=\"https:\/\/www.youtube.com\/embed\/ILBHQbLo05g\" title=\"Primera ascensi\u00f3n Picu Urriellu a\u00f1o 1904\" frameborder=\"0\" allow=\"accelerometer; autoplay; clipboard-write; encrypted-media; gyroscope; picture-in-picture; web-share\" referrerpolicy=\"strict-origin-when-cross-origin\" 0=\"allowfullscreen\" 1=\"\/iframe\" scrolling=\"yes\" class=\"iframe-class\"><\/iframe>\n<\/p>\n<p>Pedro Pidal y Gregorio P\u00e9rez enfrentarense a mil dificultaes camino d&#8217;un sua\u00f1u de color de fueu. Por ello, el nuesu eternu agradecimientu.<\/p>\n<p><!--more--><\/p>\n<p><span style=\"color: #008080\"><em>\u201cL&#8217;instintu del trunfu, la conquista, apod\u00e9rase de n\u00f3s; xub\u00edamos con engan\u00eda, nun repar\u00e1bamos nos peligros y nun dic\u00edamos una palabra; tou sonr\u00eda a la nuesa ambici\u00f3n escomanada, y cuando l&#8217;embudu abri\u00f3se y la vertical empez\u00f3 a dexar de selo, yo desamarr\u00e9 la cuerda, qu&#8217;abandon\u00e9 al picu Cainejo, pas\u00e9 a \u00e9sti, y saltando, llocu, b\u00e9bedu de prestar, di&#8217;l m\u00e1s terrible \u00a1hurra! que diera nos d\u00edes de la mio vida.\u201d<\/em><\/span><\/p>\n<p>El xerme de delles xeneraciones d&#8217;apasionaos pola aventura creci\u00f3 a la so solombra y ent\u00e1 g\u00fcei caltien intacta la so capacid\u00e1 d&#8217;encantamientu. Ye nestos montes cercanos onde precisamente ta&#8217;l nuesu raiga\u00f1u y recu\u00e9rdennos d&#8217;\u00f3nde venimos, el primer pasu pa conocer a \u00f3nde vamos.<\/p>\n<p>Del pas\u00e1u, el presente y seique el futuru trata precisamente la hestoria que l&#8217;equipu d&#8217;<strong>A&#8217;l filu de lo imposible<\/strong> amu\u00e9sanos nesti documental sobro la prodixosa primer ascensi\u00f3n a la <span style=\"color: #008080\"><strong>Naranxo\u00a0 de Bulnes<\/strong><\/span> nel coraz\u00f3n de los Picos d&#8217;Europa, el monte que probablemente meyor resuma l&#8217;alpinismu espa\u00f1ol.<\/p>\n<p style=\"text-align: center\">\n","protected":false},"excerpt":{"rendered":"<p>Fonte: kissthemountain \/\u00a0 videu Youtube \/ PRIMER AL URRIELLU. TRES LES BUELGUES Pedro Pidal y Gregorio P\u00e9rez enfrentarense a mil dificultaes camino d&#8217;un sua\u00f1u de color de fueu. Por ello, el nuesu eternu agradecimientu.<\/p>\n","protected":false},"author":117,"featured_media":0,"comment_status":"open","ping_status":"open","sticky":false,"template":"","format":"standard","meta":{"footnotes":""},"categories":[311],"tags":[],"class_list":["post-44187","post","type-post","status-publish","format-standard","hentry","category-montes"],"_links":{"self":[{"href":"https:\/\/edublog.educastur.es\/ixuxu\/wp-json\/wp\/v2\/posts\/44187","targetHints":{"allow":["GET"]}}],"collection":[{"href":"https:\/\/edublog.educastur.es\/ixuxu\/wp-json\/wp\/v2\/posts"}],"about":[{"href":"https:\/\/edublog.educastur.es\/ixuxu\/wp-json\/wp\/v2\/types\/post"}],"author":[{"embeddable":true,"href":"https:\/\/edublog.educastur.es\/ixuxu\/wp-json\/wp\/v2\/users\/117"}],"replies":[{"embeddable":true,"href":"https:\/\/edublog.educastur.es\/ixuxu\/wp-json\/wp\/v2\/comments?post=44187"}],"version-history":[{"count":1,"href":"https:\/\/edublog.educastur.es\/ixuxu\/wp-json\/wp\/v2\/posts\/44187\/revisions"}],"predecessor-version":[{"id":44188,"href":"https:\/\/edublog.educastur.es\/ixuxu\/wp-json\/wp\/v2\/posts\/44187\/revisions\/44188"}],"wp:attachment":[{"href":"https:\/\/edublog.educastur.es\/ixuxu\/wp-json\/wp\/v2\/media?parent=44187"}],"wp:term":[{"taxonomy":"category","embeddable":true,"href":"https:\/\/edublog.educastur.es\/ixuxu\/wp-json\/wp\/v2\/categories?post=44187"},{"taxonomy":"post_tag","embeddable":true,"href":"https:\/\/edublog.educastur.es\/ixuxu\/wp-json\/wp\/v2\/tags?post=44187"}],"curies":[{"name":"wp","href":"https:\/\/api.w.org\/{rel}","templated":true}]}}