{"id":44225,"date":"2025-03-19T16:00:22","date_gmt":"2025-03-19T14:00:22","guid":{"rendered":"https:\/\/edublog.educastur.es\/ixuxu\/?p=44225"},"modified":"2025-03-19T23:34:18","modified_gmt":"2025-03-19T21:34:18","slug":"salu-actualizal-calendariu-de-vacunacion-infantil","status":"publish","type":"post","link":"https:\/\/edublog.educastur.es\/ixuxu\/2025\/03\/salu-actualizal-calendariu-de-vacunacion-infantil\/","title":{"rendered":"Sal\u00fa actualiza&#8217;l calendariu de vacunaci\u00f3n infantil"},"content":{"rendered":"<p style=\"text-align: center\"><a href=\"https:\/\/www.astursalud.es\/documents\/35439\/39153\/Calendario+Vacunaci%C3%B3n+infantil..pdf\/108a2eed-927e-ea11-4ec3-f9f8e5fa42f8?t=1741171096613\"><img loading=\"lazy\" decoding=\"async\" class=\"aligncenter size-large\" src=\"https:\/\/www.astursalud.es\/documents\/35439\/39285\/calendario_vacunacion_2025.png\/ba4eb1cc-4d41-df92-0949-451332ddafc6\" width=\"950\" height=\"513\" \/><\/a><\/p>\n<p>Sal\u00fa actualiza&#8217;l calendariu de vacunaci\u00f3n infantil para incorporar la profilaxis frente al rotavirus en lactantes.\u00a0 <strong>El<\/strong> <strong>rotavirus ye un virus bien contaxosu que causa fuertes diarees n&#8217;edaes tempranes.<\/strong><\/p>\n<ul>\n<li>Fonte: <a href=\"https:\/\/actualidad.asturias.es\/-\/salud-actualiza-el-calendario-de-vacunaci%C3%B3n-infantil-para-incorporar-la-profilaxis-frente-al-rotavirus-en-lactantes-y-reforzar-la-protecci%C3%B3n-contra-el-meningococo?redirect=%2F\">Actualid\u00e1 Asturies<\/a> \/<strong><a href=\"https:\/\/www.astursalud.es\/noticias\/-\/noticias\/calendario-de-vacunacion-del-principado-de-asturias-2025\"> Astursalud: calendariu vacunaciones 2025<\/a> <\/strong>\/\u00a0<a href=\"https:\/\/www.astursalud.es\/documents\/35439\/38502\/Calendario+Vacunaci%C3%B3n+toda+la+vida.pdf\/c4368f5a-3a88-6788-d645-b4ad566fa2e7?t=1741171221484\" target=\"_blank\" rel=\"noopener\" data-insuit-uuid=\"f6b44224-6638-4be7-9bae-d0ecf85afc0c\">Calendariu Vacunaci\u00f3n toles edaes 2025<\/a>\/\u00a0<a href=\"https:\/\/www.astursalud.es\/documents\/35439\/39153\/Calendario+Vacunaci%C3%B3n+infantil..pdf\/108a2eed-927e-ea11-4ec3-f9f8e5fa42f8?t=1741171096613\" target=\"_blank\" rel=\"noopener\" data-insuit-uuid=\"91a9b9ed-8f50-4a79-9626-05963539ea4f\">Calendariu Vacunaci\u00f3n Infantil 2025<\/a>\/\u00a0<a href=\"https:\/\/www.astursalud.es\/documents\/35439\/38502\/listado+vacunas.pdf\/584d5b3c-0355-1714-83e3-88b33f92c199?t=1741252187423\" target=\"\" rel=\"noopener\" data-insuit-uuid=\"249dbf48-8bd5-489c-b47a-4233b8999e3f\">Listado de vacunes<\/a><\/li>\n<\/ul>\n<p><!--more--><\/p>\n<p style=\"text-align: center\"><a href=\"https:\/\/actualidad.asturias.es\/documents\/537115\/2441999\/20201_01_11+vacunacion+profesionales+sanitarios+7.jpg\/19737d51-6034-cdbf-4a1e-75477ca033da?t=1742386892885\"><img loading=\"lazy\" decoding=\"async\" class=\"aligncenter \" src=\"https:\/\/actualidad.asturias.es\/documents\/537115\/2441999\/20201_01_11+vacunacion+profesionales+sanitarios+7.jpg\/19737d51-6034-cdbf-4a1e-75477ca033da?t=1742386892885\" width=\"260\" height=\"340\" \/><\/a><\/p>\n<ul>\n<li>La nueva inmunizaci\u00f3n aplicarase a<strong> \u00f1\u00e1caros nac\u00edos dende&#8217;l pas\u00e1u 1 de xineru<\/strong> en tr\u00e9s dosis: a los dos, cuatro y seis meses.<\/li>\n<\/ul>\n<p>La Conseyer\u00eda de Sal\u00fa actualiz\u00f3&#8217;l calendariu de vacunaci\u00f3n infantil <strong>pa incorporar la profilaxis frente al rotavirus en lactantes y reforzar la protecci\u00f3n contra&#8217;l meningococu.<\/strong> Esti camb\u00e9u escuerre ufiertar a menores y adolescentes la pauta d&#8217;inmunizaci\u00f3n m\u00e1s completa posible, el camb\u00e9u nel f\u00e1rmacu frente a la enfermed\u00e1 meningoc\u00f3cica protexe \u00e9nte cuatro variantes de la infecci\u00f3n.<\/p>\n<p>La vacunaci\u00f3n frente al <strong>rotavirus, un virus bien contaxosu que causa fuertes diarees n&#8217;edaes tempranes<\/strong> y puede provocar deshidrataci\u00f3n, va aplicase a lactantes nac\u00edos a partir del 1 de xineru de 2025.<\/p>\n<p>La enfermed\u00e1 meningoc\u00f3cica sueli presentase fundamentalmente de dos formes: <strong>meninxitis o sepsis que, anque son poco frecuentes, pueden resultar bien graves<\/strong>.<\/p>\n<p><strong>Virus del papiloma humanu.\u00a0<\/strong>Per otru llau, el Serviciu de Sal\u00fa (Sespa) empecipia estos d\u00edes xuna campa\u00f1a de vacunaci\u00f3n frente al virus del papiloma, dirixida a varones de 15 a 18 a\u00f1os, que se va enllargar mientres tou 2025.<\/p>\n<p>Dende la perspectiva comu\u00f1al, <strong>la inmunizaci\u00f3n amenorga la tresmisi\u00f3n, al menguar la cantid\u00e1 de persones susceptibles de contraer una enfermed\u00e1, al empar que protexe a les m\u00e1s vulnerables<\/strong>. La inmunid\u00e1 de grupu beneficia tami\u00e9n a quien nun pueden recibir la profilaxis, como \u00f1\u00e1caros, persones con sistemes inmunol\u00f3xicos debilitaos o con determinaes condiciones m\u00e9diques. Am\u00e1s, previen los biltos d&#8217;enfermedaes infeicioses.<\/p>\n<p style=\"text-align: center\"><a href=\"https:\/\/vacunasaep.org\/sites\/vacunasaep.org\/files\/tabla_vacunacion_sistematica_calendario_inmnizaciones_cav-aep_2025_v4.jpg?1731657700\"><img loading=\"lazy\" decoding=\"async\" class=\"aligncenter size-large\" src=\"https:\/\/vacunasaep.org\/sites\/vacunasaep.org\/files\/tabla_vacunacion_sistematica_calendario_inmnizaciones_cav-aep_2025_v4.jpg?1731657700\" width=\"1200\" height=\"1005\" \/><\/a><\/p>\n","protected":false},"excerpt":{"rendered":"<p>Sal\u00fa actualiza&#8217;l calendariu de vacunaci\u00f3n infantil para incorporar la profilaxis frente al rotavirus en lactantes.\u00a0 El rotavirus ye un virus bien contaxosu que causa fuertes diarees n&#8217;edaes tempranes. Fonte: Actualid\u00e1 Asturies \/ Astursalud: calendariu vacunaciones 2025 \/\u00a0Calendariu Vacunaci\u00f3n toles edaes 2025\/\u00a0Calendariu Vacunaci\u00f3n Infantil 2025\/\u00a0Listado de vacunes<\/p>\n","protected":false},"author":117,"featured_media":0,"comment_status":"open","ping_status":"open","sticky":false,"template":"","format":"standard","meta":{"footnotes":""},"categories":[73,48,161],"tags":[],"class_list":["post-44225","post","type-post","status-publish","format-standard","hentry","category-calendariu","category-salu","category-vacuna"],"_links":{"self":[{"href":"https:\/\/edublog.educastur.es\/ixuxu\/wp-json\/wp\/v2\/posts\/44225","targetHints":{"allow":["GET"]}}],"collection":[{"href":"https:\/\/edublog.educastur.es\/ixuxu\/wp-json\/wp\/v2\/posts"}],"about":[{"href":"https:\/\/edublog.educastur.es\/ixuxu\/wp-json\/wp\/v2\/types\/post"}],"author":[{"embeddable":true,"href":"https:\/\/edublog.educastur.es\/ixuxu\/wp-json\/wp\/v2\/users\/117"}],"replies":[{"embeddable":true,"href":"https:\/\/edublog.educastur.es\/ixuxu\/wp-json\/wp\/v2\/comments?post=44225"}],"version-history":[{"count":5,"href":"https:\/\/edublog.educastur.es\/ixuxu\/wp-json\/wp\/v2\/posts\/44225\/revisions"}],"predecessor-version":[{"id":44230,"href":"https:\/\/edublog.educastur.es\/ixuxu\/wp-json\/wp\/v2\/posts\/44225\/revisions\/44230"}],"wp:attachment":[{"href":"https:\/\/edublog.educastur.es\/ixuxu\/wp-json\/wp\/v2\/media?parent=44225"}],"wp:term":[{"taxonomy":"category","embeddable":true,"href":"https:\/\/edublog.educastur.es\/ixuxu\/wp-json\/wp\/v2\/categories?post=44225"},{"taxonomy":"post_tag","embeddable":true,"href":"https:\/\/edublog.educastur.es\/ixuxu\/wp-json\/wp\/v2\/tags?post=44225"}],"curies":[{"name":"wp","href":"https:\/\/api.w.org\/{rel}","templated":true}]}}