{"id":44233,"date":"2025-03-19T15:46:10","date_gmt":"2025-03-19T13:46:10","guid":{"rendered":"https:\/\/edublog.educastur.es\/ixuxu\/?p=44233"},"modified":"2025-03-19T15:51:24","modified_gmt":"2025-03-19T13:51:24","slug":"el-programa-deducacion-ambiental-guxarapu","status":"publish","type":"post","link":"https:\/\/edublog.educastur.es\/ixuxu\/2025\/03\/el-programa-deducacion-ambiental-guxarapu\/","title":{"rendered":"El Programa d&#8217;educaci\u00f3n ambiental \u00abGuxarapu\u00bb"},"content":{"rendered":"<ul>\n<li><a href=\"https:\/\/www.educantabrico.es\/wp-content\/uploads\/2024\/08\/ProgramaGusarapo.pdf\" target=\"_blank\" rel=\"noopener\">Programa Educaci\u00f3n Ambiental Gusarapo<\/a> (CHC) \/<strong> <a href=\"https:\/\/www.educantabrico.es\/\" target=\"_blank\" rel=\"noopener\">Portal web<\/a><\/strong>\/ <strong><a href=\"https:\/\/www.educantabrico.es\/wp-content\/uploads\/2024\/08\/Relacion_curricular.pdf\" target=\"_blank\" rel=\"noopener\">Relaci\u00f3n curricular<\/a>\/ <a href=\"https:\/\/www.educantabrico.es\/wp-content\/uploads\/2024\/08\/ProgramaGusarapo.pdf\">Programa<\/a> \/\u00a0 <a href=\"https:\/\/www.educantabrico.es\/recursos\/\">Recursos<\/a> \/\u00a0 <\/strong><a href=\"mailto:educacion.ambiental@chcantabrico.es\">educacion.ambiental@chcantabrico.es<\/a>\u00a0&#8211;\u00a0985 96 84 72 &#8211; 651 04 44 63<\/li>\n<li><a href=\"https:\/\/www.chcantabrico.es\/\"><strong>Confederaci\u00f3n H. del Cant\u00e1bricu<\/strong><\/a>: <a href=\"https:\/\/www.chcantabrico.es\/documents\/d\/guest\/areas-de-actuacion-4\">\u00c1rees d&#8217;actuaci\u00f3n<\/a> \/ <a href=\"https:\/\/www.chcantabrico.es\/documents\/d\/guest\/competencias-de-las-administraciones-1\">Competencies alministraciones<\/a> \/ <a href=\"https:\/\/www.chcantabrico.es\/documents\/d\/guest\/kit-de-prensa-2024-2\"><strong>Info<\/strong> <\/a>\/<\/li>\n<\/ul>\n<p style=\"text-align: center\"><a href=\"https:\/\/www.educantabrico.es\/wp-content\/gallery\/el-agua\/5.-Acceso-al-agua-potable-y-el-saneamiento.webp\"><img loading=\"lazy\" decoding=\"async\" class=\"aligncenter size-large\" src=\"https:\/\/www.educantabrico.es\/wp-content\/gallery\/el-agua\/5.-Acceso-al-agua-potable-y-el-saneamiento.webp\" width=\"1280\" height=\"557\" \/><\/a><\/p>\n<p>El Programa d&#8217;educaci\u00f3n ambiental Guxarapu ye una esperiencia de la <a href=\"https:\/\/www.chcantabrico.es\/\"><span style=\"text-decoration: underline\"><span style=\"color: #008080;text-decoration: underline\">Confederaci\u00f3n Hidrogr\u00e1fica del Cant\u00e1bricu<\/span><\/span><\/a> (dependiente del Ministeriu para la Transici\u00f3n Ecol\u00f3xica y el Retu Demogr\u00e1ficu). L&#8217;oxetivu del programa ye <span style=\"color: #008080\"><strong>sensibilizar al alumn\u00e1u sobro la importancia de los ecosistemes fluviales pa reconocer el so valor, caltenelo, ameyoralo y entamar acciones pal so usu responsable.<\/strong><\/span><\/p>\n<p><!--more--><\/p>\n<p>Ta dirixida a escolares de 3\u00ba a 6\u00ba de Primaria de los centros educativos p\u00fablicos y alcordaos del Princip\u00e1u d&#8217;Asturies, Cantabria, Galicia (cuenca del r\u00edu Eo, en Llugo), Comunid\u00e1 Foral de Navarra y los conceyos de Villasana de Mena (Burgos) y Posada de Valde\u00f3n (Lli\u00f3n).<\/p>\n<p>El programa ufierta la impartici\u00f3n de 4 talleres d&#8217;aprendizaxe bas\u00e1u nel xuegu, con materiales y elementos visuales senciellos y curiosos. Los talleres #realizar nos centros escolares, #impartir educadores\/as ambientales y son gratuitos.<\/p>\n<p style=\"text-align: center\">\n<!-- iframe plugin v.6.0 wordpress.org\/plugins\/iframe\/ -->\n<iframe loading=\"lazy\" width=\"100%\" height=\"398\" src=\"https:\/\/www.youtube.com\/embed\/oLulD0_yuC0\" title=\"\u00c1reas de actuaci\u00f3n de la Confederaci\u00f3n Hidrogr\u00e1fica del Cant\u00e1brico\" frameborder=\"0\" allow=\"accelerometer; autoplay; clipboard-write; encrypted-media; gyroscope; picture-in-picture; web-share\" referrerpolicy=\"strict-origin-when-cross-origin\" 0=\"allowfullscreen\" 1=\"\/iframe\" scrolling=\"yes\" class=\"iframe-class\"><\/iframe>\n<\/p>\n<p>Les principales cuenques del \u00e1mbitu territorial de la CH Cant\u00e1bricu son les del <span style=\"color: #008080\"><strong>Eo, Navia, Esva, Nal\u00f3n, Sella, Villaviciosa, Deva<\/strong><\/span>, Nansa, Saja, Pas, Miera, As\u00f3n, Ag\u00fcera, Cadagua, Nervi\u00f3n, Oria, Urumea y Bidasoa.<\/p>\n","protected":false},"excerpt":{"rendered":"<p>Programa Educaci\u00f3n Ambiental Gusarapo (CHC) \/ Portal web\/ Relaci\u00f3n curricular\/ Programa \/\u00a0 Recursos \/\u00a0 educacion.ambiental@chcantabrico.es\u00a0&#8211;\u00a0985 96 84 72 &#8211; 651 04 44 63 Confederaci\u00f3n H. del Cant\u00e1bricu: \u00c1rees d&#8217;actuaci\u00f3n \/ Competencies alministraciones \/ Info \/ El Programa d&#8217;educaci\u00f3n ambiental Guxarapu ye una esperiencia de la Confederaci\u00f3n Hidrogr\u00e1fica del Cant\u00e1bricu (dependiente del Ministeriu para la Transici\u00f3n [&hellip;]<\/p>\n","protected":false},"author":117,"featured_media":0,"comment_status":"open","ping_status":"open","sticky":false,"template":"","format":"standard","meta":{"footnotes":""},"categories":[245,221],"tags":[],"class_list":["post-44233","post","type-post","status-publish","format-standard","hentry","category-agua","category-mediu-ambiente"],"_links":{"self":[{"href":"https:\/\/edublog.educastur.es\/ixuxu\/wp-json\/wp\/v2\/posts\/44233","targetHints":{"allow":["GET"]}}],"collection":[{"href":"https:\/\/edublog.educastur.es\/ixuxu\/wp-json\/wp\/v2\/posts"}],"about":[{"href":"https:\/\/edublog.educastur.es\/ixuxu\/wp-json\/wp\/v2\/types\/post"}],"author":[{"embeddable":true,"href":"https:\/\/edublog.educastur.es\/ixuxu\/wp-json\/wp\/v2\/users\/117"}],"replies":[{"embeddable":true,"href":"https:\/\/edublog.educastur.es\/ixuxu\/wp-json\/wp\/v2\/comments?post=44233"}],"version-history":[{"count":7,"href":"https:\/\/edublog.educastur.es\/ixuxu\/wp-json\/wp\/v2\/posts\/44233\/revisions"}],"predecessor-version":[{"id":44240,"href":"https:\/\/edublog.educastur.es\/ixuxu\/wp-json\/wp\/v2\/posts\/44233\/revisions\/44240"}],"wp:attachment":[{"href":"https:\/\/edublog.educastur.es\/ixuxu\/wp-json\/wp\/v2\/media?parent=44233"}],"wp:term":[{"taxonomy":"category","embeddable":true,"href":"https:\/\/edublog.educastur.es\/ixuxu\/wp-json\/wp\/v2\/categories?post=44233"},{"taxonomy":"post_tag","embeddable":true,"href":"https:\/\/edublog.educastur.es\/ixuxu\/wp-json\/wp\/v2\/tags?post=44233"}],"curies":[{"name":"wp","href":"https:\/\/api.w.org\/{rel}","templated":true}]}}