{"id":44252,"date":"2025-03-19T19:30:19","date_gmt":"2025-03-19T17:30:19","guid":{"rendered":"https:\/\/edublog.educastur.es\/ixuxu\/?p=44252"},"modified":"2025-03-20T12:34:37","modified_gmt":"2025-03-20T10:34:37","slug":"propuesta-del-club-de-futbol-femenino-frida-pa-toles-nenes-del-barriu","status":"publish","type":"post","link":"https:\/\/edublog.educastur.es\/ixuxu\/2025\/03\/propuesta-del-club-de-futbol-femenino-frida-pa-toles-nenes-del-barriu\/","title":{"rendered":"Propuesta del club de f\u00fatbol femenino \u00abFrida CFF\u00bb pa toles ne\u00f1es del barriu"},"content":{"rendered":"<p style=\"text-align: center\">\n<!-- iframe plugin v.6.0 wordpress.org\/plugins\/iframe\/ -->\n<iframe loading=\"lazy\" src=\"https:\/\/www.instagram.com\/reel\/DHY2hdjMS5-\/embed\" width=\"460\" height=\"520\" 0=\"\/iframe\" scrolling=\"yes\" class=\"iframe-class\" frameborder=\"0\"><\/iframe>\n<\/p>\n<div class=\"_aasi\">\n<div class=\"x9f619 xjbqb8w x78zum5 x168nmei x13lgxp2 x5pf9jr xo71vjh x1n2onr6 x1plvlek xryxfnj x1c4vz4f x2lah0s x1q0g3np xqjyukv x6s0dn4 x1oa3qoh x1qughib\">\n<header class=\"_aaqw\">\n<div class=\"_aaqy _aaqz\">\n<div class=\"_aar0 _aar1\">\n<div class=\"x78zum5\">\n<div class=\"_aaqt\">\n<div class=\"x9f619 xjbqb8w x78zum5 x168nmei x13lgxp2 x5pf9jr xo71vjh x1n2onr6 x1plvlek xryxfnj x1c4vz4f x2lah0s x1q0g3np xqjyukv x6s0dn4 x1oa3qoh x1nhvcw1\">\n<ul>\n<li><a class=\"x1i10hfl xjbqb8w x1ejq31n xd10rxx x1sy0etr x17r0tee x972fbf xcfux6l x1qhh985 xm0m39n x9f619 x1ypdohk xt0psk2 xe8uvvx xdj266r x11i5rnm xat24cr x1mh8g0r xexx8yu x4uap5 x18d9i69 xkhd6sd x16tdsg8 x1hl2dhg xggy1nq x1a2a7pz _acan _acao _acat _acaw _aj1- _ap30 _a6hd\" role=\"link\" href=\"https:\/\/www.instagram.com\/aa.vv.pradodelavega\/\">aa.vv.pradodelavega<\/a>\/<a class=\"x1i10hfl xjbqb8w x1ejq31n xd10rxx x1sy0etr x17r0tee x972fbf xcfux6l x1qhh985 xm0m39n x9f619 x1ypdohk xt0psk2 xe8uvvx xdj266r x11i5rnm xat24cr x1mh8g0r xexx8yu x4uap5 x18d9i69 xkhd6sd x16tdsg8 x1hl2dhg xggy1nq x1a2a7pz _aaqk _a6hd\" role=\"link\" href=\"https:\/\/www.instagram.com\/explore\/locations\/388614417\/prado-de-la-vega\/\">Prado de La Vega<\/a><\/li>\n<li><a href=\"https:\/\/www.instagram.com\/fridacff_\/\"><strong>Frida CFF<\/strong>: Instagram<\/a> \/<\/li>\n<\/ul>\n<div class=\"_a9zn _a9zo\">\n<div class=\"_a9zr\">\n<div class=\"x9f619 xjbqb8w x78zum5 x168nmei x13lgxp2 x5pf9jr xo71vjh xw3qccf x1n2onr6 x1plvlek xryxfnj x1c4vz4f x2lah0s xdt5ytf xqjyukv x1qjc9v5 x1oa3qoh x1nhvcw1\">\n<div>\u00a0G\u00fcei queremos faevos llegar la propuesta del club de f\u00fatbol femenino Frida. <span style=\"color: #008080\"><strong>Animamos a toles ne\u00f1es del barriu que-yos guste&#8217;l f\u00fatbol<\/strong><\/span> a conocer la so propuesta! <strong><span style=\"color: #008080\">Arguyu de pertenencia.\u00a0<\/span><\/strong>El <a href=\"https:\/\/www.instagram.com\/fridacff_\/\"><strong>Frida CFF<\/strong><\/a> ye un club de f\u00fatbol femenino fund\u00e1u en 2022 coles mires d&#8217;ufiertar un espaciu inclusivu para muyeres nel deporte. Llogr\u00f3 xubir a la m\u00e1xima categor\u00eda rexonal y busca l&#8217;ascensu a la 3\u00ba RFEF, am\u00e1s de promover la formaci\u00f3n de ne\u00f1es al travi\u00e9s de la so escuela de f\u00fatbol. Tami\u00e9n collabora con asociaciones locales y participa n&#8217;iniciatives para ameyorar el f\u00fatbol femenino a nivel rexonal.<\/div>\n<div style=\"text-align: center\"><\/div>\n<\/div>\n<\/div>\n<\/div>\n<\/div>\n<\/div>\n<\/div>\n<\/div>\n<\/div>\n<\/header>\n<\/div>\n<\/div>\n<p><!--more--><\/p>\n<p>Celia \u00c1lvarez empez\u00f3 a xugar al f\u00fatbol a los 24 a\u00f1os. En 2022, foi una de les fundadores del Frida CFF y angua\u00f1o ocupa&#8217;l cargu de secretaria na xunta directiva. Mientres dos temporaes, tami\u00e9n foi xugadora del equipu, y angua\u00f1o pas\u00f3 a ser la segunda entrenadora del primer equipu, am\u00e1s de siguir como entrenadora na escuela.<\/p>\n<p style=\"text-align: center\">\n<!-- iframe plugin v.6.0 wordpress.org\/plugins\/iframe\/ -->\n<iframe loading=\"lazy\" src=\"https:\/\/www.instagram.com\/reel\/DG50FpKMBc6\/embed\" width=\"640\" height=\"500\" 0=\"\/iframe\" scrolling=\"yes\" class=\"iframe-class\" frameborder=\"0\"><\/iframe>\n<\/p>\n<p>Angua\u00f1o, Celia ye presidenta de la Comisi\u00f3n de F\u00fatbol Femenino na RFFPA, en representaci\u00f3n del Frida CFF, y tami\u00e9n forma parte de la xunta directiva de la RFFPA como vocal. El <a href=\"https:\/\/www.instagram.com\/fridacff_\/\"><strong>Frida CFF<\/strong><\/a> ye un club de f\u00fatbol femenino fund\u00e1u en 2022 por un grupu de muyeres coles mires d&#8217;ufiertar un espaciu onde les chiques s\u00edan les protagonistes. Dende&#8217;l so entamu, tuvo empobin\u00e1u \u00edntegramente por muyeres, tantu na so xunta directiva como nel so cuerpu t\u00e9cnicu.<\/p>\n<p style=\"text-align: center\">\n<!-- iframe plugin v.6.0 wordpress.org\/plugins\/iframe\/ -->\n<iframe loading=\"lazy\" src=\"https:\/\/www.instagram.com\/reel\/Cx5IHs2MFcL\/embed\" width=\"640\" height=\"600\" 0=\"\/iframe\" scrolling=\"yes\" class=\"iframe-class\" frameborder=\"0\"><\/iframe>\n<\/p>\n<div class=\"x78zum5 xdt5ytf x1q2y9iw x1n2onr6 xh8yej3 x9f619 x1iyjqo2 x18l3tf1 x26u7qi xy80clv xexx8yu x4uap5 x18d9i69 xkhd6sd\">\n<div class=\"x78zum5 xdt5ytf x1iyjqo2 xs83m0k x2lwn1j x1odjw0f x1n2onr6 x9ek82g x6ikm8r xdj266r x11i5rnm x4ii5y1 x1mh8g0r xexx8yu x1pi30zi x18d9i69 x1swvt13\">\n<div class=\"x1qjc9v5 x972fbf xcfux6l x1qhh985 xm0m39n x9f619 x78zum5 xdt5ytf x2lah0s xk390pu xdj266r x11i5rnm xat24cr x1mh8g0r xexx8yu x4uap5 x18d9i69 xkhd6sd x1n2onr6 xggy1nq x11njtxf\" role=\"button\"><\/div>\n<\/div>\n<\/div>\n","protected":false},"excerpt":{"rendered":"<p>aa.vv.pradodelavega\/Prado de La Vega Frida CFF: Instagram \/ \u00a0G\u00fcei queremos faevos llegar la propuesta del club de f\u00fatbol femenino Frida. Animamos a toles ne\u00f1es del barriu que-yos guste&#8217;l f\u00fatbol a conocer la so propuesta! Arguyu de pertenencia.\u00a0El Frida CFF ye un club de f\u00fatbol femenino fund\u00e1u en 2022 coles mires d&#8217;ufiertar un espaciu inclusivu para [&hellip;]<\/p>\n","protected":false},"author":117,"featured_media":0,"comment_status":"open","ping_status":"open","sticky":false,"template":"","format":"standard","meta":{"footnotes":""},"categories":[429,308],"tags":[],"class_list":["post-44252","post","type-post","status-publish","format-standard","hentry","category-aavv-prau-de-la-vega","category-despidies"],"_links":{"self":[{"href":"https:\/\/edublog.educastur.es\/ixuxu\/wp-json\/wp\/v2\/posts\/44252","targetHints":{"allow":["GET"]}}],"collection":[{"href":"https:\/\/edublog.educastur.es\/ixuxu\/wp-json\/wp\/v2\/posts"}],"about":[{"href":"https:\/\/edublog.educastur.es\/ixuxu\/wp-json\/wp\/v2\/types\/post"}],"author":[{"embeddable":true,"href":"https:\/\/edublog.educastur.es\/ixuxu\/wp-json\/wp\/v2\/users\/117"}],"replies":[{"embeddable":true,"href":"https:\/\/edublog.educastur.es\/ixuxu\/wp-json\/wp\/v2\/comments?post=44252"}],"version-history":[{"count":9,"href":"https:\/\/edublog.educastur.es\/ixuxu\/wp-json\/wp\/v2\/posts\/44252\/revisions"}],"predecessor-version":[{"id":44260,"href":"https:\/\/edublog.educastur.es\/ixuxu\/wp-json\/wp\/v2\/posts\/44252\/revisions\/44260"}],"wp:attachment":[{"href":"https:\/\/edublog.educastur.es\/ixuxu\/wp-json\/wp\/v2\/media?parent=44252"}],"wp:term":[{"taxonomy":"category","embeddable":true,"href":"https:\/\/edublog.educastur.es\/ixuxu\/wp-json\/wp\/v2\/categories?post=44252"},{"taxonomy":"post_tag","embeddable":true,"href":"https:\/\/edublog.educastur.es\/ixuxu\/wp-json\/wp\/v2\/tags?post=44252"}],"curies":[{"name":"wp","href":"https:\/\/api.w.org\/{rel}","templated":true}]}}