{"id":4426,"date":"2021-03-20T13:26:55","date_gmt":"2021-03-20T11:26:55","guid":{"rendered":"https:\/\/edublog.educastur.es\/ixuxu\/?p=4426"},"modified":"2021-03-29T23:12:20","modified_gmt":"2021-03-29T21:12:20","slug":"https-fundaciondental-es-actividades-el-dia-mundial-de-la-salud-oral","status":"publish","type":"post","link":"https:\/\/edublog.educastur.es\/ixuxu\/2021\/03\/https-fundaciondental-es-actividades-el-dia-mundial-de-la-salud-oral\/","title":{"rendered":"D\u00eda Mundial de la Sal\u00fa Oral"},"content":{"rendered":"<ul>\n<li><a href=\"https:\/\/fundaciondental.es\/actividades\/el-dia-mundial-de-la-salud-oral\/\">Fonte: Fundaci\u00f3n Dental Espa\u00f1ola FDE<\/a><\/li>\n<\/ul>\n<p style=\"text-align: center\"><a href=\"https:\/\/www.topdoctors.es\/blog\/wp-content\/uploads\/2018\/03\/dia-mundial-saludbucodental.jpg\"><img loading=\"lazy\" decoding=\"async\" class=\"alignnone\" src=\"https:\/\/www.topdoctors.es\/blog\/wp-content\/uploads\/2018\/03\/dia-mundial-saludbucodental.jpg\" alt=\"\" width=\"437\" height=\"273\" \/><\/a><\/p>\n<p>El <span style=\"color: #008080\"><strong>D\u00eda Mundial de la Sal\u00fa Oral (DMSO)<\/strong><\/span> cel\u00e9brase tolos a\u00f1os el d\u00eda 20 de marzu. Tr\u00e1tase d&#8217;una fecha internacional para conmemorar los beneficios d&#8217;una boca sana y de promover vezos saludables en sal\u00fa oral, en tol Mundu. Va empobin\u00e1u a toos: mozos y menos nuevos. El DMSO celebrase por iniciativa de la Federaci\u00f3n Dental Internacional (FDI) y n\u00e9l participen m\u00e1s de 100 pa\u00edses de los 5 continentes. <a href=\"https:\/\/youtu.be\/P2GS7PF3U8w\">Videu<\/a><\/p>\n<p><!--more--><\/p>\n<p style=\"text-align: center\">\n<!-- iframe plugin v.6.0 wordpress.org\/plugins\/iframe\/ -->\n<iframe loading=\"lazy\" width=\"100%\" height=\"399\" src=\"https:\/\/www.youtube.com\/embed\/P2GS7PF3U8w\" 0=\"\/iframe\" scrolling=\"yes\" class=\"iframe-class\" frameborder=\"0\"><\/iframe>\n<\/p>\n<p><strong>\u00bfPor qu\u00e9&#8217;l DMSO ye importante?<\/strong><\/p>\n<p>Porque&#8217;l 90% de la poblaci\u00f3n mundial va carecer, en dalg\u00fan momentu de la so vida, dalguna enfermed\u00e1 bucodental. Muncha d&#8217;esta patolox\u00eda puede evitase con sofitos de los gobiernos, de les asociaciones sanitaries y de la socied\u00e1 nel so conxuntu, al travi\u00e9s de programes preventivos y de detecci\u00f3n precoz. Nun podemos escaecer que la sal\u00fa oral ye parte integrante de la sal\u00fa global de les persones. Am\u00e1s, el DMSO ufierta a tol colectivu sanitariu, una magn\u00edfica plataforma para promover l&#8217;amenorgamientu de la patolox\u00eda oral.<\/p>\n<p><strong>\u00bfA qui\u00e9n va dirix\u00edu&#8217;l D\u00eda Mundial de la Sal\u00fa Oral?<\/strong><\/p>\n<p>Tol mundu ta convid\u00e1u a participar nesta iniciativa: les asociaciones sanitaries, la industria, los gobiernos, los medios de comunicaci\u00f3n, los estudiantes, los docentes, el p\u00fablicu polo xeneral. Queremos animar a toos para tar seguros de que cada unu de n\u00f3s, siquier el d\u00eda 20 de marzu, va sonrir a la vida y va tomase un tiempu para pensar nel so sal\u00fa oral.<\/p>\n<p style=\"text-align: center\"><a href=\"https:\/\/dientesmolones.com\/wp-content\/uploads\/2017\/03\/Dientes-Molones-dia-salud-bucodental3.jpg\"><img loading=\"lazy\" decoding=\"async\" class=\"alignnone\" src=\"https:\/\/dientesmolones.com\/wp-content\/uploads\/2017\/03\/Dientes-Molones-dia-salud-bucodental3.jpg\" alt=\"\" width=\"465\" height=\"346\" \/><\/a><\/p>\n<p style=\"text-align: center\"><a href=\"https:\/\/pbs.twimg.com\/media\/DhN0sY9X0AEHOw4.jpg\"><img loading=\"lazy\" decoding=\"async\" class=\"alignnone\" src=\"https:\/\/pbs.twimg.com\/media\/DhN0sY9X0AEHOw4.jpg\" alt=\"\" width=\"945\" height=\"1200\" \/><\/a><\/p>\n<p>&nbsp;<\/p>\n","protected":false},"excerpt":{"rendered":"<p>Fonte: Fundaci\u00f3n Dental Espa\u00f1ola FDE El D\u00eda Mundial de la Sal\u00fa Oral (DMSO) cel\u00e9brase tolos a\u00f1os el d\u00eda 20 de marzu. Tr\u00e1tase d&#8217;una fecha internacional para conmemorar los beneficios d&#8217;una boca sana y de promover vezos saludables en sal\u00fa oral, en tol Mundu. Va empobin\u00e1u a toos: mozos y menos nuevos. El DMSO celebrase por [&hellip;]<\/p>\n","protected":false},"author":117,"featured_media":0,"comment_status":"open","ping_status":"open","sticky":false,"template":"","format":"standard","meta":{"footnotes":""},"categories":[6],"tags":[],"class_list":["post-4426","post","type-post","status-publish","format-standard","hentry","category-dia-de"],"_links":{"self":[{"href":"https:\/\/edublog.educastur.es\/ixuxu\/wp-json\/wp\/v2\/posts\/4426","targetHints":{"allow":["GET"]}}],"collection":[{"href":"https:\/\/edublog.educastur.es\/ixuxu\/wp-json\/wp\/v2\/posts"}],"about":[{"href":"https:\/\/edublog.educastur.es\/ixuxu\/wp-json\/wp\/v2\/types\/post"}],"author":[{"embeddable":true,"href":"https:\/\/edublog.educastur.es\/ixuxu\/wp-json\/wp\/v2\/users\/117"}],"replies":[{"embeddable":true,"href":"https:\/\/edublog.educastur.es\/ixuxu\/wp-json\/wp\/v2\/comments?post=4426"}],"version-history":[{"count":3,"href":"https:\/\/edublog.educastur.es\/ixuxu\/wp-json\/wp\/v2\/posts\/4426\/revisions"}],"predecessor-version":[{"id":4764,"href":"https:\/\/edublog.educastur.es\/ixuxu\/wp-json\/wp\/v2\/posts\/4426\/revisions\/4764"}],"wp:attachment":[{"href":"https:\/\/edublog.educastur.es\/ixuxu\/wp-json\/wp\/v2\/media?parent=4426"}],"wp:term":[{"taxonomy":"category","embeddable":true,"href":"https:\/\/edublog.educastur.es\/ixuxu\/wp-json\/wp\/v2\/categories?post=4426"},{"taxonomy":"post_tag","embeddable":true,"href":"https:\/\/edublog.educastur.es\/ixuxu\/wp-json\/wp\/v2\/tags?post=4426"}],"curies":[{"name":"wp","href":"https:\/\/api.w.org\/{rel}","templated":true}]}}