{"id":44289,"date":"2025-03-20T08:55:12","date_gmt":"2025-03-20T06:55:12","guid":{"rendered":"https:\/\/edublog.educastur.es\/ixuxu\/?p=44289"},"modified":"2025-03-20T11:24:47","modified_gmt":"2025-03-20T09:24:47","slug":"asturies-rexistra-esta-manana-una-decena-de-quemes-forestales-en-dolce-conceyos","status":"publish","type":"post","link":"https:\/\/edublog.educastur.es\/ixuxu\/2025\/03\/asturies-rexistra-esta-manana-una-decena-de-quemes-forestales-en-dolce-conceyos\/","title":{"rendered":"Asturies rexistra esta ma\u00f1ana una decena de quemes forestales en dolce conceyos."},"content":{"rendered":"<p style=\"text-align: center\"><a href=\"https:\/\/static.eldiario.es\/clip\/f0cc3ec4-d366-463c-87b1-157670516662_16-9-discover-aspect-ratio_default_0.webp\"><img loading=\"lazy\" decoding=\"async\" class=\"aligncenter \" src=\"https:\/\/static.eldiario.es\/clip\/f0cc3ec4-d366-463c-87b1-157670516662_16-9-discover-aspect-ratio_default_0.webp\" width=\"788\" height=\"443\" \/><\/a><\/p>\n<p>Asturies rexistra esta ma\u00f1ana una decena de quemes forestales en dolce conceyos. Los fueos na rex\u00f3n, qu&#8217;ayeri pela nueche yeren una ventena, llevaron al Gobiernu del Princip\u00e1u a activar la fase emerxencia en situaci\u00f3n 0, la m\u00e1s baxa de los cuatro previstes, del <strong>Plan de Quemes Forestales del Princip\u00e1u d&#8217;Asturies (INFOPA). <\/strong>Seg\u00fan inform\u00f3&#8217;l Serviciu d&#8217;Emerxencies del Princip\u00e1u d&#8217;Asturies, la ventena de quemes forestales rexistr\u00e1rense<strong> nos conceyos de Cangues d&#8217;On\u00eds, Cangas, L.lena, Llanes, Morc\u00edn, Pilo\u00f1a, Pe\u00f1amellera Alta, Ribedeva, Yernes y Tameza, Tin\u00e9u y Vald\u00e9s.<\/strong><\/p>\n<ul>\n<li>Fonte: <a href=\"https:\/\/www.elcomercio.es\/asturias\/fuertes-vientos-provocan-incendios-concejos-asturianos-20250319231136-nt.html\">El Comercio<\/a> \/<a href=\"https:\/\/twitter.com\/i\/status\/1902466028585558365\"> videu<\/a><\/li>\n<\/ul>\n<p><!--more--><\/p>\n<p>Otru factor que motiv\u00f3 l&#8217;activaci\u00f3n de l&#8217;alerta foi la previsi\u00f3n del tiempu. Les condiciones meteorol\u00f3xiques previstes para g\u00fcei, con vientos de componente Sur y raches d&#8217;hasta 110 kil\u00f3metru per hora nel Cordal y los Picos d&#8217;Europa pueden complicar los trabayos para controlar los focos.<\/p>\n<p>Esti plan activase de forma autom\u00e1tica, a\u00f1almente, coincidiendo coles d\u00f3mines de peligru altu y mediu que n&#8217;Asturies se correspuenden, respectivamente, colos periodos entend\u00edos ente&#8217;l 15 de xineru y el 30 d&#8217;abril y ente&#8217;l 15 de xunetu y el 15 d&#8217;ochobre.<\/p>\n<p>&nbsp;<\/p>\n","protected":false},"excerpt":{"rendered":"<p>Asturies rexistra esta ma\u00f1ana una decena de quemes forestales en dolce conceyos. Los fueos na rex\u00f3n, qu&#8217;ayeri pela nueche yeren una ventena, llevaron al Gobiernu del Princip\u00e1u a activar la fase emerxencia en situaci\u00f3n 0, la m\u00e1s baxa de los cuatro previstes, del Plan de Quemes Forestales del Princip\u00e1u d&#8217;Asturies (INFOPA). Seg\u00fan inform\u00f3&#8217;l Serviciu d&#8217;Emerxencies [&hellip;]<\/p>\n","protected":false},"author":117,"featured_media":0,"comment_status":"open","ping_status":"open","sticky":false,"template":"","format":"standard","meta":{"footnotes":""},"categories":[5],"tags":[],"class_list":["post-44289","post","type-post","status-publish","format-standard","hentry","category-tiempu"],"_links":{"self":[{"href":"https:\/\/edublog.educastur.es\/ixuxu\/wp-json\/wp\/v2\/posts\/44289","targetHints":{"allow":["GET"]}}],"collection":[{"href":"https:\/\/edublog.educastur.es\/ixuxu\/wp-json\/wp\/v2\/posts"}],"about":[{"href":"https:\/\/edublog.educastur.es\/ixuxu\/wp-json\/wp\/v2\/types\/post"}],"author":[{"embeddable":true,"href":"https:\/\/edublog.educastur.es\/ixuxu\/wp-json\/wp\/v2\/users\/117"}],"replies":[{"embeddable":true,"href":"https:\/\/edublog.educastur.es\/ixuxu\/wp-json\/wp\/v2\/comments?post=44289"}],"version-history":[{"count":4,"href":"https:\/\/edublog.educastur.es\/ixuxu\/wp-json\/wp\/v2\/posts\/44289\/revisions"}],"predecessor-version":[{"id":44295,"href":"https:\/\/edublog.educastur.es\/ixuxu\/wp-json\/wp\/v2\/posts\/44289\/revisions\/44295"}],"wp:attachment":[{"href":"https:\/\/edublog.educastur.es\/ixuxu\/wp-json\/wp\/v2\/media?parent=44289"}],"wp:term":[{"taxonomy":"category","embeddable":true,"href":"https:\/\/edublog.educastur.es\/ixuxu\/wp-json\/wp\/v2\/categories?post=44289"},{"taxonomy":"post_tag","embeddable":true,"href":"https:\/\/edublog.educastur.es\/ixuxu\/wp-json\/wp\/v2\/tags?post=44289"}],"curies":[{"name":"wp","href":"https:\/\/api.w.org\/{rel}","templated":true}]}}