{"id":44291,"date":"2025-03-20T11:21:13","date_gmt":"2025-03-20T09:21:13","guid":{"rendered":"https:\/\/edublog.educastur.es\/ixuxu\/?p=44291"},"modified":"2025-03-20T11:21:13","modified_gmt":"2025-03-20T09:21:13","slug":"esposicion-en-llanes-asina-ye-lespectacular-mural-dun-pintor-llaniscu","status":"publish","type":"post","link":"https:\/\/edublog.educastur.es\/ixuxu\/2025\/03\/esposicion-en-llanes-asina-ye-lespectacular-mural-dun-pintor-llaniscu\/","title":{"rendered":"Esposici\u00f3n en Llanes: asina ye l&#8217;espectacular mural d&#8217;un pintor llaniscu"},"content":{"rendered":"<p style=\"text-align: center\"><a href=\"https:\/\/estaticos-cdn.prensaiberica.es\/clip\/4977ef52-8d33-4050-943c-f464a82b722d_source-aspect-ratio_default_0.webp\"><img loading=\"lazy\" decoding=\"async\" class=\"aligncenter size-large\" src=\"https:\/\/estaticos-cdn.prensaiberica.es\/clip\/4977ef52-8d33-4050-943c-f464a82b722d_source-aspect-ratio_default_0.webp\" width=\"2000\" height=\"1500\" \/><\/a><\/p>\n<p style=\"text-align: center\"><em>Mapa de Mart\u00edn na esposici\u00f3n de Posada de Llanes<\/em><\/p>\n<ul>\n<li><a href=\"https:\/\/estaticos-cdn.prensaiberica.es\/clip\/4977ef52-8d33-4050-943c-f464a82b722d_source-aspect-ratio_default_0.webp\"><strong>imaxe<\/strong> <\/a>\/ <a href=\"https:\/\/www.lne.es\/oriente\/2025\/03\/20\/retrato-ilustrado-llanes-vista-pajaro-115037282.html\">LNE<\/a> \/<\/li>\n<\/ul>\n<p>Llanes quepe nun mapa: asina ye l&#8217;espectacular mural del pintor llaniscu Carrero del \u00c1lamo. La obra, qu&#8217;amuesa cientos de recursos del conceyu, puede vese na Casa de Cultura de Posada hasta&#8217;l 31 de marzu.<br \/>\n<!--more--><br \/>\nAlmirar tola guapura del conceyu de Llanes dende&#8217;l Picu Turbina, el m\u00e1s altu de la Sierra del Cuera ye&#8217;l puntu de vista qu&#8217;ufierta \u00abEl Mapa de Mart\u00edn\u00bb, la obra de <strong>Mart\u00edn Carrero Del \u00c1lamo<\/strong>, un mozu artista de 28 a\u00f1os natural de Puertes de *Vidiago. La so impresionante ll\u00e1mina, de gran formatu y apinada de detalles, puede visitase na Casa de Cultura de Posada de Llanes hasta&#8217;l 31 de marzu.<\/p>\n<p>La pieza, de 365 x 150 cent\u00edmetros,<strong> ye muncho m\u00e1s qu&#8217;un simple mapa<\/strong>. A la primer vista, amuesa la figura del conceyu en planu, pero, al detenese nella, espl\u00e9gase un universu de referencies hist\u00f3riques, etnogr\u00e1fiques, culturales y naturales<em>: \u00abPunxi a faer idees sobro un mapa pa Llanes y complic\u00f3seme&#8230; Nun quer\u00eda faelo tan grande, pero volv\u00ed llocu y, espurriendo, qued\u00f3me esto. Ten\u00eda un a\u00f1u pa faelo y termin\u00e9 en tr\u00e9s\u00bb,<\/em> confiesa l&#8217;autor.<\/p>\n<p>P&#8217;afigurar la esencia del so conceyu natal, Carrero empecipi\u00f3&#8217;l so trabayu con una visualizaci\u00f3n de la zona v\u00eda sat\u00e9lite. Depu\u00e9s percorri\u00f3 los distintos pueblos en busca d&#8217;elementos naturales y arquitect\u00f3nicos representativos: \u00abConoc\u00edame de pe a pa la zona de Vidiago, pero nos pueblos del occidente cost\u00f3me muncho m\u00e1s. Tuvi que faer un trabayu d&#8217;investigaci\u00f3n importante y preguntar a amigos que viv\u00eden neses zones. Aprend\u00ed enforma y afay\u00e9 munchos intereses del conceyu\u00bb, esplica.<\/p>\n<p>Cada rinc\u00f3n de Llanes ta reflex\u00e1u con un nivel de detalle sorprendente. Nel mar, apaecen representaes les especies acu\u00e1tiques del Cant\u00e1bricu; nos montes, la fauna local; y nos pueblos, les sos ilesies y escueles. Actividaes como la ganader\u00eda o l&#8217;agricultura, deportes tradicionales como la cuatriada de bolos, festividaes emblem\u00e1tiques como la de los pescadores de Santa Ana, el plant\u00edu de les fogueres como la de Balmori, o folclore col baille del pericote: <em>\u00abIncl\u00fai toles localidaes y los sos elementos m\u00e1s representativos. Tami\u00e9n met\u00ed un pocu de cultura, gastronom\u00eda y hasta parte de la nuesa hestoria\u00bb<\/em>, detalla l&#8217;autor.<\/p>\n<p>Ente esos elementos hist\u00f3ricos destaquen los barcos marinos del sieglu XVI, la emigraci\u00f3n a Am\u00e9rica, la caza de ballenes o la batalla d&#8217;El Mazucu. Tami\u00e9n apaecen horros, cueves prehist\u00f3riques menos conoc\u00edes y xacimientos como los de La Pereda, Quintana y Bricia, que los sos afayos caltienense nel Mus\u00e9u Arqueol\u00f3xicu d&#8217;Uvi\u00e9u.<\/p>\n<p>Tou tien un sent\u00edu nesta obra y xuna raz\u00f3n de ser: \u00abCada planta y \u00e1rbol, les fueyes, los tipos de cogordes, los p\u00e1xaros&#8230; Nun t\u00e1n feches de manera xeneral, tou son referencies locales. Por casu, el campu de golf de Cu\u00e9 d&#8217;antiguo foi un aer\u00f3dromu y tuvi qu&#8217;investigar qu\u00e9 tipu d&#8217;aviones aterrizaben ell\u00ed y pintalo talo como; o les variedaes de mazana que s&#8217;usen pa mayar na zona\u00bb, concreta.<\/p>\n<p style=\"text-align: center\"><a href=\"https:\/\/estaticos-cdn.prensaiberica.es\/clip\/6404de73-8ef8-4172-bd3e-dbc23d7abf6d_16-9-discover-aspect-ratio_default_0.jpg\"><img loading=\"lazy\" decoding=\"async\" class=\"aligncenter size-large\" src=\"https:\/\/estaticos-cdn.prensaiberica.es\/clip\/6404de73-8ef8-4172-bd3e-dbc23d7abf6d_16-9-discover-aspect-ratio_default_0.jpg\" width=\"1200\" height=\"675\" \/><\/a><\/p>\n","protected":false},"excerpt":{"rendered":"<p>Mapa de Mart\u00edn na esposici\u00f3n de Posada de Llanes imaxe \/ LNE \/ Llanes quepe nun mapa: asina ye l&#8217;espectacular mural del pintor llaniscu Carrero del \u00c1lamo. La obra, qu&#8217;amuesa cientos de recursos del conceyu, puede vese na Casa de Cultura de Posada hasta&#8217;l 31 de marzu.<\/p>\n","protected":false},"author":117,"featured_media":0,"comment_status":"open","ping_status":"open","sticky":false,"template":"","format":"standard","meta":{"footnotes":""},"categories":[69],"tags":[],"class_list":["post-44291","post","type-post","status-publish","format-standard","hentry","category-mapes"],"_links":{"self":[{"href":"https:\/\/edublog.educastur.es\/ixuxu\/wp-json\/wp\/v2\/posts\/44291","targetHints":{"allow":["GET"]}}],"collection":[{"href":"https:\/\/edublog.educastur.es\/ixuxu\/wp-json\/wp\/v2\/posts"}],"about":[{"href":"https:\/\/edublog.educastur.es\/ixuxu\/wp-json\/wp\/v2\/types\/post"}],"author":[{"embeddable":true,"href":"https:\/\/edublog.educastur.es\/ixuxu\/wp-json\/wp\/v2\/users\/117"}],"replies":[{"embeddable":true,"href":"https:\/\/edublog.educastur.es\/ixuxu\/wp-json\/wp\/v2\/comments?post=44291"}],"version-history":[{"count":1,"href":"https:\/\/edublog.educastur.es\/ixuxu\/wp-json\/wp\/v2\/posts\/44291\/revisions"}],"predecessor-version":[{"id":44292,"href":"https:\/\/edublog.educastur.es\/ixuxu\/wp-json\/wp\/v2\/posts\/44291\/revisions\/44292"}],"wp:attachment":[{"href":"https:\/\/edublog.educastur.es\/ixuxu\/wp-json\/wp\/v2\/media?parent=44291"}],"wp:term":[{"taxonomy":"category","embeddable":true,"href":"https:\/\/edublog.educastur.es\/ixuxu\/wp-json\/wp\/v2\/categories?post=44291"},{"taxonomy":"post_tag","embeddable":true,"href":"https:\/\/edublog.educastur.es\/ixuxu\/wp-json\/wp\/v2\/tags?post=44291"}],"curies":[{"name":"wp","href":"https:\/\/api.w.org\/{rel}","templated":true}]}}