{"id":44296,"date":"2025-03-20T11:37:07","date_gmt":"2025-03-20T09:37:07","guid":{"rendered":"https:\/\/edublog.educastur.es\/ixuxu\/?p=44296"},"modified":"2025-03-20T11:41:08","modified_gmt":"2025-03-20T09:41:08","slug":"i-feria-dinnovacion-y-creativida-universida-duvieu","status":"publish","type":"post","link":"https:\/\/edublog.educastur.es\/ixuxu\/2025\/03\/i-feria-dinnovacion-y-creativida-universida-duvieu\/","title":{"rendered":"I Feria d&#8217;Innovaci\u00f3n y Creativid\u00e1 (Universid\u00e1 d&#8217;Uvi\u00e9u)"},"content":{"rendered":"<div class=\"articulo-block-title\">\n<p style=\"text-align: center\"><a href=\"https:\/\/www.educastur.es\/documents\/34868\/37848\/2025-03-act-uniovi-feria-innova-crea-900.jpg\/44508420-f2f6-12c0-2368-2911baee9457?t=1742291620575\"><img loading=\"lazy\" decoding=\"async\" class=\"aligncenter \" src=\"https:\/\/www.educastur.es\/documents\/34868\/37848\/2025-03-act-uniovi-feria-innova-crea-900.jpg\/44508420-f2f6-12c0-2368-2911baee9457?t=1742291620575\" width=\"497\" height=\"494\" \/><\/a><\/p>\n<p>La Facult\u00e1 de Formaci\u00f3n del Profesor\u00e1u y Educaci\u00f3n de la Universid\u00e1 d&#8217;Uvi\u00e9u entama la I Feria d&#8217;Innovaci\u00f3n y Creativid\u00e1, un gran espaciu de creativid\u00e1, innovaci\u00f3n y collaboraci\u00f3n. <a href=\"https:\/\/www.educastur.es\/-\/i-feria-innovaci%C3%B3n-creatividad-2025-uniovi?redirect=%2F\">Educastur<\/a><\/p>\n<p><!--more--><\/p>\n<p>Llugar: Facult\u00e1 de Formaci\u00f3n del Profesor\u00e1u y Educaci\u00f3n. Campus de Llamaquique. C\/. Aniceto Sela, s\/n. 33005 &#8211; Uvi\u00e9u.<\/p>\n<p><strong>\u00bfEn qu\u00e9 consiste la Feria?.\u00a0<\/strong>La comunid\u00e1 educativa de la rex\u00f3n va tener la oportunid\u00e1 de compartir los sos proyectos m\u00e1s innovadores y actividaes destacaes, sobre:<\/p>\n<ul>\n<li><em>Actividaes y esposiciones art\u00edstiques<\/em><\/li>\n<li><em>Actividaes musicales<\/em><\/li>\n<li><em>Actividaes deportives, promoci\u00f3n de la sal\u00fa y mediuambiente<\/em><\/li>\n<li><em>Salas d&#8217;escape y gymkanas<\/em><\/li>\n<li><em>Cuentacuentos, teatru, literatura<\/em><\/li>\n<li><em>Actividad de promoci\u00f3n de la ciencia, Proyectos d&#8217;atenci\u00f3n a la diversid\u00e1, usu de les TIC, promoci\u00f3n de competencies clave, d&#8217;idiomes, patrimoniu y muncho m\u00e1s.<\/em><\/li>\n<\/ul>\n<\/div>\n<p>&nbsp;<\/p>\n","protected":false},"excerpt":{"rendered":"<p>La Facult\u00e1 de Formaci\u00f3n del Profesor\u00e1u y Educaci\u00f3n de la Universid\u00e1 d&#8217;Uvi\u00e9u entama la I Feria d&#8217;Innovaci\u00f3n y Creativid\u00e1, un gran espaciu de creativid\u00e1, innovaci\u00f3n y collaboraci\u00f3n. Educastur<\/p>\n","protected":false},"author":117,"featured_media":0,"comment_status":"open","ping_status":"open","sticky":false,"template":"","format":"standard","meta":{"footnotes":""},"categories":[167,212],"tags":[],"class_list":["post-44296","post","type-post","status-publish","format-standard","hentry","category-feries","category-universida-duvieu"],"_links":{"self":[{"href":"https:\/\/edublog.educastur.es\/ixuxu\/wp-json\/wp\/v2\/posts\/44296","targetHints":{"allow":["GET"]}}],"collection":[{"href":"https:\/\/edublog.educastur.es\/ixuxu\/wp-json\/wp\/v2\/posts"}],"about":[{"href":"https:\/\/edublog.educastur.es\/ixuxu\/wp-json\/wp\/v2\/types\/post"}],"author":[{"embeddable":true,"href":"https:\/\/edublog.educastur.es\/ixuxu\/wp-json\/wp\/v2\/users\/117"}],"replies":[{"embeddable":true,"href":"https:\/\/edublog.educastur.es\/ixuxu\/wp-json\/wp\/v2\/comments?post=44296"}],"version-history":[{"count":1,"href":"https:\/\/edublog.educastur.es\/ixuxu\/wp-json\/wp\/v2\/posts\/44296\/revisions"}],"predecessor-version":[{"id":44297,"href":"https:\/\/edublog.educastur.es\/ixuxu\/wp-json\/wp\/v2\/posts\/44296\/revisions\/44297"}],"wp:attachment":[{"href":"https:\/\/edublog.educastur.es\/ixuxu\/wp-json\/wp\/v2\/media?parent=44296"}],"wp:term":[{"taxonomy":"category","embeddable":true,"href":"https:\/\/edublog.educastur.es\/ixuxu\/wp-json\/wp\/v2\/categories?post=44296"},{"taxonomy":"post_tag","embeddable":true,"href":"https:\/\/edublog.educastur.es\/ixuxu\/wp-json\/wp\/v2\/tags?post=44296"}],"curies":[{"name":"wp","href":"https:\/\/api.w.org\/{rel}","templated":true}]}}