{"id":44298,"date":"2025-03-20T09:00:04","date_gmt":"2025-03-20T07:00:04","guid":{"rendered":"https:\/\/edublog.educastur.es\/ixuxu\/?p=44298"},"modified":"2025-03-20T12:31:16","modified_gmt":"2025-03-20T10:31:16","slug":"dia-internacional-de-la-felicid","status":"publish","type":"post","link":"https:\/\/edublog.educastur.es\/ixuxu\/2025\/03\/dia-internacional-de-la-felicid\/","title":{"rendered":"D\u00eda Internacional de la Felicid\u00e1"},"content":{"rendered":"<p style=\"text-align: center\"><a href=\"https:\/\/nortedigital.mx\/wp-content\/uploads\/2023\/03\/1553109047_633589_1553109193_noticia_normal.jpg\"><img loading=\"lazy\" decoding=\"async\" class=\"aligncenter \" src=\"https:\/\/nortedigital.mx\/wp-content\/uploads\/2023\/03\/1553109047_633589_1553109193_noticia_normal.jpg\" width=\"502\" height=\"290\" \/><\/a><\/p>\n<p>Cada 20 de marzu cel\u00e9brase&#8217;l <strong>D\u00eda Internacional de la Felicid<\/strong>\u00e1, una fecha proclamada pola Asamblea Xeneral de les Naciones Xun\u00edes nel so Resolvimientu 66\/281 del a\u00f1u 2012. Celebr\u00e1rase para reconocer la relevancia de la felicid\u00e1 y el bienestar como aspiraciones universales de los seres humanos.<\/p>\n<p><!--more--><\/p>\n<p>\u00a1Un d\u00eda para tar feliz! <strong>La felicid\u00e1 ye una meta humana fundamental.<\/strong> L&#8217;Asamblea Xeneral de les Naciones Xun\u00edes reconoz este mesmu oxetivu y pide \u00abun enfoque m\u00e1s inclusivu, equitativu y equilibr\u00e1u de la crecedera econ\u00f3mica que promueva la felicid\u00e1 y el bienestar de tolos pueblos\u00bb.<\/p>\n<p>Los gobiernos y les organizaciones internacionales tienen d&#8217;invertir en condiciones que favorezan la felicid\u00e1 por aciu la defensa de los derechos humanos y l&#8217;incorporaci\u00f3n de les dimensiones de bienestar y mediu ambiente nos marcos pol\u00edticos, como los <strong>17 Oxetivos de Desenvolvimientu Sostenible<\/strong>. La eficacia de los gobiernos nel caltenimientu de la paz y l&#8217;orde social, seg\u00fan nos \u00e1mbitos de la recaldaci\u00f3n d&#8217;impuestos, les instituciones xur\u00eddiques y la prestaci\u00f3n de servicios p\u00fablicos, ta estrechamente rellacionada col promediu de prestu vital.<\/p>\n<p>&nbsp;<\/p>\n","protected":false},"excerpt":{"rendered":"<p>Cada 20 de marzu cel\u00e9brase&#8217;l D\u00eda Internacional de la Felicid\u00e1, una fecha proclamada pola Asamblea Xeneral de les Naciones Xun\u00edes nel so Resolvimientu 66\/281 del a\u00f1u 2012. Celebr\u00e1rase para reconocer la relevancia de la felicid\u00e1 y el bienestar como aspiraciones universales de los seres humanos.<\/p>\n","protected":false},"author":117,"featured_media":0,"comment_status":"open","ping_status":"open","sticky":false,"template":"","format":"standard","meta":{"footnotes":""},"categories":[6],"tags":[],"class_list":["post-44298","post","type-post","status-publish","format-standard","hentry","category-dia-de"],"_links":{"self":[{"href":"https:\/\/edublog.educastur.es\/ixuxu\/wp-json\/wp\/v2\/posts\/44298","targetHints":{"allow":["GET"]}}],"collection":[{"href":"https:\/\/edublog.educastur.es\/ixuxu\/wp-json\/wp\/v2\/posts"}],"about":[{"href":"https:\/\/edublog.educastur.es\/ixuxu\/wp-json\/wp\/v2\/types\/post"}],"author":[{"embeddable":true,"href":"https:\/\/edublog.educastur.es\/ixuxu\/wp-json\/wp\/v2\/users\/117"}],"replies":[{"embeddable":true,"href":"https:\/\/edublog.educastur.es\/ixuxu\/wp-json\/wp\/v2\/comments?post=44298"}],"version-history":[{"count":6,"href":"https:\/\/edublog.educastur.es\/ixuxu\/wp-json\/wp\/v2\/posts\/44298\/revisions"}],"predecessor-version":[{"id":44304,"href":"https:\/\/edublog.educastur.es\/ixuxu\/wp-json\/wp\/v2\/posts\/44298\/revisions\/44304"}],"wp:attachment":[{"href":"https:\/\/edublog.educastur.es\/ixuxu\/wp-json\/wp\/v2\/media?parent=44298"}],"wp:term":[{"taxonomy":"category","embeddable":true,"href":"https:\/\/edublog.educastur.es\/ixuxu\/wp-json\/wp\/v2\/categories?post=44298"},{"taxonomy":"post_tag","embeddable":true,"href":"https:\/\/edublog.educastur.es\/ixuxu\/wp-json\/wp\/v2\/tags?post=44298"}],"curies":[{"name":"wp","href":"https:\/\/api.w.org\/{rel}","templated":true}]}}