{"id":44320,"date":"2025-03-21T09:00:50","date_gmt":"2025-03-21T07:00:50","guid":{"rendered":"https:\/\/edublog.educastur.es\/ixuxu\/?p=44320"},"modified":"2025-03-25T11:43:39","modified_gmt":"2025-03-25T09:43:39","slug":"44320","status":"publish","type":"post","link":"https:\/\/edublog.educastur.es\/ixuxu\/2025\/03\/44320\/","title":{"rendered":"\u00abPoes\u00eda yes t\u00fa\u00bb pa cellebrar el D\u00eda Mundial de la poes\u00eda"},"content":{"rendered":"<p><span class=\"x193iq5w xeuugli x13faqbe x1vvkbs x1xmvt09 x1lliihq x1s928wv xhkezso x1gmr53x x1cpjm7i x1fgarty x1943h6x xudqn12 x3x7a5m x1f6kntn xvq8zen xo1l8bm xzsf02u x1yc453h\" dir=\"auto\">Nel<strong> D\u00eda de la poes\u00eda<\/strong>, la mio humilde aportaci\u00f3n como mayesta d&#8217;asturianu a<strong><span style=\"color: #008080\"> \u00abPoes\u00eda yes t\u00fa\u00bb<\/span> <\/strong>de \u00ab<strong><span style=\"color: #008080\">Asturies Capital Mundial de la Poes\u00eda<\/span><\/strong>.\u00bb Milenta gracies a <span class=\"html-span xdj266r x11i5rnm xat24cr x1mh8g0r xexx8yu x4uap5 x18d9i69 xkhd6sd x1hl2dhg x16tdsg8 x1vvkbs\"><a class=\"x1i10hfl xjbqb8w x1ejq31n xd10rxx x1sy0etr x17r0tee x972fbf xcfux6l x1qhh985 xm0m39n x9f619 x1ypdohk xt0psk2 xe8uvvx xdj266r x11i5rnm xat24cr x1mh8g0r xexx8yu x4uap5 x18d9i69 xkhd6sd x16tdsg8 x1hl2dhg xggy1nq x1a2a7pz xkrqix3 x1sur9pj x1fey0fg x1s688f\" role=\"link\" href=\"https:\/\/www.facebook.com\/graciano.garciagarcia?__cft__[0]=AZVUN3NXV-6yxDlIutOhQ_L01AZI99R7Fg8gNwXFJ8ews8ens5fBDgbohKaCfBqplMN73_vaJYeonR2T7Rh69v4neH-xb3eZjscPf2M3BZbcaKgjvAt9c6mph7boG1QLIMoGPXMwDZNWMy5f0EIJVRl9OZRTwy5aF9l-husRtX6nBg&amp;__tn__=-]K-R\"><span class=\"xt0psk2\"><span class=\"xjp7ctv\">Graciano Garc\u00eda Garc\u00eda<\/span><\/span><\/a><\/span> y a <span class=\"html-span xdj266r x11i5rnm xat24cr x1mh8g0r xexx8yu x4uap5 x18d9i69 xkhd6sd x1hl2dhg x16tdsg8 x1vvkbs\"><a class=\"x1i10hfl xjbqb8w x1ejq31n xd10rxx x1sy0etr x17r0tee x972fbf xcfux6l x1qhh985 xm0m39n x9f619 x1ypdohk xt0psk2 xe8uvvx xdj266r x11i5rnm xat24cr x1mh8g0r xexx8yu x4uap5 x18d9i69 xkhd6sd x16tdsg8 x1hl2dhg xggy1nq x1a2a7pz xkrqix3 x1sur9pj x1fey0fg x1s688f\" role=\"link\" href=\"https:\/\/www.facebook.com\/Saitanlua?__cft__[0]=AZVUN3NXV-6yxDlIutOhQ_L01AZI99R7Fg8gNwXFJ8ews8ens5fBDgbohKaCfBqplMN73_vaJYeonR2T7Rh69v4neH-xb3eZjscPf2M3BZbcaKgjvAt9c6mph7boG1QLIMoGPXMwDZNWMy5f0EIJVRl9OZRTwy5aF9l-husRtX6nBg&amp;__tn__=-]K-R\"><span class=\"xt0psk2\"><span class=\"xjp7ctv\">Saitanlua Krista-Sai Ruiz<\/span><\/span><\/a><\/span> por cuntar conmigo. Escoy\u00ed <span style=\"color: #800080\">\u00abUna casa\u00bb<\/span> de la mio amiga <span style=\"color: #800080\"><strong>Berta Pi\u00f1\u00e1n<\/strong><\/span>. <span class=\"html-span xexx8yu x4uap5 x18d9i69 xkhd6sd x1hl2dhg x16tdsg8 x1vvkbs x3nfvp2 x1j61x8r x1fcty0u xdj266r xat24cr xgzva0m xhhsvwb xxymvpz xlup9mm x1kky2od\"><img loading=\"lazy\" decoding=\"async\" class=\"xz74otr x168nmei x13lgxp2 x5pf9jr xo71vjh\" src=\"https:\/\/static.xx.fbcdn.net\/images\/emoji.php\/v9\/t4f\/1\/16\/2712.png\" alt=\"\u2712\ufe0f\" width=\"16\" height=\"16\" \/><\/span> Un honor y toa una responsabilid\u00e1. Espero que vos preste <span class=\"html-span xexx8yu x4uap5 x18d9i69 xkhd6sd x1hl2dhg x16tdsg8 x1vvkbs x3nfvp2 x1j61x8r x1fcty0u xdj266r xat24cr xgzva0m xhhsvwb xxymvpz xlup9mm x1kky2od\"><img loading=\"lazy\" decoding=\"async\" class=\"xz74otr x168nmei x13lgxp2 x5pf9jr xo71vjh\" src=\"https:\/\/static.xx.fbcdn.net\/images\/emoji.php\/v9\/t57\/1\/16\/1f609.png\" alt=\"\ud83d\ude09\" width=\"16\" height=\"16\" \/><\/span> <span class=\"html-span xexx8yu x4uap5 x18d9i69 xkhd6sd x1hl2dhg x16tdsg8 x1vvkbs x3nfvp2 x1j61x8r x1fcty0u xdj266r xat24cr xgzva0m xhhsvwb xxymvpz xlup9mm x1kky2od\"><img loading=\"lazy\" decoding=\"async\" class=\"xz74otr x168nmei x13lgxp2 x5pf9jr xo71vjh\" src=\"https:\/\/static.xx.fbcdn.net\/images\/emoji.php\/v9\/t96\/1\/16\/1f49c.png\" alt=\"\ud83d\udc9c\" width=\"16\" height=\"16\" \/> Emitir\u00e1se&#8217;l 11 el d&#8217;abril na TPA, xustu enantes de les noticies.<\/span><\/span><\/p>\n<p style=\"text-align: center\"><a href=\"https:\/\/www.facebook.com\/isa.lobo.35\/videos\/704498985266729\/?ref=embed_video&amp;t=0\"><img loading=\"lazy\" decoding=\"async\" class=\"aligncenter size-large\" src=\"https:\/\/edublog.educastur.es\/ixuxu\/files\/2025\/03\/videoframe_103061.png\" width=\"1024\" height=\"576\" \/><\/a><\/p>\n<p style=\"text-align: center\"><a href=\"https:\/\/www.facebook.com\/isa.lobo.35\/videos\/704498985266729\/?ref=embed_video&amp;t=0\"><em><span style=\"text-decoration: underline\"><span style=\"color: #008080;text-decoration: underline\">\u00ab<strong>Una casa\u00bb<\/strong> de Berta Pi\u00f1\u00e1n<\/span><\/span><\/em><\/a><\/p>\n<div class=\"xt0psk2\">\n<p class=\"_ap3a _aaco _aacu _aacx _aad7 _aade\" dir=\"auto\" style=\"text-align: center\">Un honor poner voz al perguapu poema <a href=\"https:\/\/www.facebook.com\/iniciativapolasturianu\/videos\/1406266066222489\"><strong>\u00abUna casa\u00bb de Berta Pi\u00f1\u00e1n<\/strong> \u2712\ufe0f ,<\/a><br \/>\nen <strong>\u00abPoes\u00eda yes t\u00fa\u00bb<\/strong> d&#8217;Asturies Capital Mundial de la Poes\u00eda. \ud83d\udc9c<\/p>\n<\/div>\n<p style=\"text-align: center\"><a href=\"https:\/\/edublog.educastur.es\/ixuxu\/files\/2020\/08\/ASTURIAS-CAPITAL-MUNDIAL-DE-LA-POESIAb.png\"><img loading=\"lazy\" decoding=\"async\" class=\"aligncenter \" src=\"https:\/\/edublog.educastur.es\/ixuxu\/files\/2020\/08\/ASTURIAS-CAPITAL-MUNDIAL-DE-LA-POESIAb.png\" width=\"309\" height=\"204\" \/><\/a><\/p>\n<p><!--more--><\/p>\n<div class=\"html-div xdj266r x11i5rnm xat24cr x1mh8g0r xexx8yu x4uap5 xkhd6sd xsag5q8\" dir=\"auto\">\n<div class=\"html-div xdj266r x11i5rnm xat24cr x1mh8g0r xexx8yu x4uap5 x18d9i69 xkhd6sd\" dir=\"auto\">\n<div class=\"html-div xdj266r x11i5rnm xat24cr x1mh8g0r xexx8yu x4uap5 x18d9i69 xkhd6sd\" data-ad-rendering-role=\"story_message\">\n<div class=\"x1iorvi4 xjkvuk6 x1ye3gou xn6708d\" data-ad-comet-preview=\"message\" data-ad-preview=\"message\">\n<div class=\"x78zum5 xdt5ytf xz62fqu x16ldp7u\">\n<div class=\"xu06os2 x1ok221b\">\n<div class=\"xdj266r x11i5rnm xat24cr x1mh8g0r x1vvkbs x126k92a\">\n<p style=\"text-align: center\">\n<!-- iframe plugin v.6.0 wordpress.org\/plugins\/iframe\/ -->\n<iframe loading=\"lazy\" src=\"https:\/\/www.facebook.com\/plugins\/video.php?height=316&#038;href=https%3A%2F%2Fwww.facebook.com%2Fisa.lobo.35%2Fvideos%2F704498985266729%2F&#038;show_text=false&#038;width=560&#038;t=0\" width=\"560\" height=\"316\" style=\"border:none;overflow:hidden\" scrolling=\"no\" frameborder=\"0\" allowfullscreen=\"true\" allow=\"autoplay; clipboard-write; encrypted-media; picture-in-picture; web-share\" 0=\"\/iframe\" class=\"iframe-class\"><\/iframe>\n<\/p>\n<p><em><span style=\"font-size: 20px;color: #800080\"><strong>\u201cUna casa\u201d<\/strong><\/span><\/em><\/p>\n<p><em><span style=\"font-size: 20px;color: #800080\">Llevantar una casa que seya como<\/span><\/em><br \/>\n<em><span style=\"font-size: 20px;color: #800080\">un \u00e1rbol, como Dafne crecer peles<\/span><\/em><br \/>\n<em><span style=\"font-size: 20px;color: #800080\">sos rames, sentir les estaciones, la fueya<\/span><\/em><br \/>\n<em><span style=\"font-size: 20px;color: #800080\">nuevo depu\u00e9s de la ivernera, les frutes primeres<\/span><\/em><br \/>\n<em><span style=\"font-size: 20px;color: #800080\">del veranu. Una casa que seya como un \u00e1rbol,<\/span><\/em><br \/>\n<em><span style=\"font-size: 20px;color: #800080\">qu&#8217;aguante los rellampos, qu&#8217;escample<\/span><\/em><br \/>\n<em><span style=\"font-size: 20px;color: #800080\">la pedrisca, qu&#8217;espante llo\u00f1e la ventolera x\u00e9lido<\/span><\/em><br \/>\n<em><span style=\"font-size: 20px;color: #800080\">del tiempu.<\/span><\/em><\/p>\n<p><em><span style=\"font-size: 20px;color: #800080\">Llevantar una casa que seya como<\/span><\/em><br \/>\n<em><span style=\"font-size: 20px;color: #800080\">un r\u00edu, navegable y llixera, mudable,<\/span><\/em><br \/>\n<em><span style=\"font-size: 20px;color: #800080\">pasaxera, beber de les sos fontes, parame peles<\/span><\/em><br \/>\n<em><span style=\"font-size: 20px;color: #800080\">poces, correr colos regatos. Una casa que seya<\/span><\/em><br \/>\n<em><span style=\"font-size: 20px;color: #800080\">como un r\u00edu, qu&#8217;arrastre la derrota,<\/span><\/em><br \/>\n<em><span style=\"font-size: 20px;color: #800080\">qu&#8217;arranque&#8217;l dolor de les sequeres y lu lleve,<\/span><\/em><br \/>\n<em><span style=\"font-size: 20px;color: #800080\">pel rabi\u00f3n, ag\u00fces abaxo.<\/span><\/em><\/p>\n<p><em><span style=\"font-size: 20px;color: #800080\">Llevantar una casa que seya como<\/span><\/em><br \/>\n<em><span style=\"font-size: 20px;color: #800080\">un mundu, andar les xeograf\u00edes de pasiellos,<\/span><\/em><br \/>\n<em><span style=\"font-size: 20px;color: #800080\">cordales d&#8217;escaleres, les ventanes abiertes,<\/span><\/em><br \/>\n<em><span style=\"font-size: 20px;color: #800080\">les pontes, los caminos. Sentame na antoxana<\/span><\/em><br \/>\n<em><span style=\"font-size: 20px;color: #800080\">a ver andar la vida, una amiga, un pa\u00eds,<\/span><\/em><br \/>\n<em><span style=\"font-size: 20px;color: #800080\">una llingua, saludar un instante<\/span><\/em><br \/>\n<em><span style=\"font-size: 20px;color: #800080\">cuando pasen.<\/span><\/em><\/p>\n<p><em><span style=\"font-size: 20px;color: #800080\">Llevantar una casa que ponga&#8217;l nuestru<\/span><\/em><br \/>\n<em><span style=\"font-size: 20px;color: #800080\">nome, les se\u00f1es qu&#8217;un d\u00eda enquivocamos,<\/span><\/em><br \/>\n<em><span style=\"font-size: 20px;color: #800080\">una palabra, un rostru, la memoria d&#8217;aquello<\/span><\/em><br \/>\n<em><span style=\"font-size: 20px;color: #800080\">que quiximos,<\/span><\/em><br \/>\n<em><span style=\"font-size: 20px;color: #800080\">y asina, llevantar una casa, nam\u00e1s que<\/span><\/em><br \/>\n<em><span style=\"font-size: 20px;color: #800080\">por si vuelves.<\/span><\/em><\/p>\n<p><a href=\"https:\/\/www.facebook.com\/iniciativapolasturianu\/videos\/1406266066222489\"><em><span style=\"font-size: 20px;color: #800080\"><strong>\u00a0<\/strong><\/span><\/em><\/a><em><span style=\"font-size: 20px;color: #800080\"><strong>Berta Pi\u00f1\u00e1n\u00a0\u00a0\u00a0 <\/strong>(Un mes, 2003)<\/span><\/em><\/p>\n<p><span class=\"x193iq5w xeuugli x13faqbe x1vvkbs x1xmvt09 x1lliihq x1s928wv xhkezso x1gmr53x x1cpjm7i x1fgarty x1943h6x xudqn12 x3x7a5m x1f6kntn xvq8zen xo1l8bm xzsf02u x1yc453h\" dir=\"auto\"><span class=\"html-span xexx8yu x4uap5 x18d9i69 xkhd6sd x1hl2dhg x16tdsg8 x1vvkbs x3nfvp2 x1j61x8r x1fcty0u xdj266r xat24cr xgzva0m xhhsvwb xxymvpz xlup9mm x1kky2od\"><img loading=\"lazy\" decoding=\"async\" class=\"xz74otr x168nmei x13lgxp2 x5pf9jr xo71vjh\" src=\"https:\/\/static.xx.fbcdn.net\/images\/emoji.php\/v9\/tfb\/1\/16\/1f5e3.png\" alt=\"\ud83d\udde3\" width=\"16\" height=\"16\" \/><\/span> G\u00fcei celebramos el <span class=\"html-span xdj266r x11i5rnm xat24cr x1mh8g0r xexx8yu x4uap5 x18d9i69 xkhd6sd x1hl2dhg x16tdsg8 x1vvkbs\"><a class=\"x1i10hfl xjbqb8w x1ejq31n xd10rxx x1sy0etr x17r0tee x972fbf xcfux6l x1qhh985 xm0m39n x9f619 x1ypdohk xt0psk2 xe8uvvx xdj266r x11i5rnm xat24cr x1mh8g0r xexx8yu x4uap5 x18d9i69 xkhd6sd x16tdsg8 x1hl2dhg xggy1nq x1a2a7pz xkrqix3 x1sur9pj x1fey0fg x1s688f\" role=\"link\" href=\"https:\/\/www.facebook.com\/hashtag\/d%C3%ADamundialdelapoes%C3%ADa?__eep__=6&amp;__cft__[0]=AZU4nvdrzsCYFyZo_lKwjs1w9A3rptTwfDpt-xmy2QNJBR-b7LHWfBA1bZri6fR0F6ZeGUFXXoWFvj2jucl3xfy6VJamPZAYRNHhjgj6EWdneItFg1X3AWHUqYxmBX1jbjH1vvBNP1Nd-TPY3MxZygviguXZ6L_8fFun3PYrx6oqGcVtgTuHeZiyuC3XYbDGPvI&amp;__tn__=*NKH-R\">#D\u00edaMundialdelaPoes\u00eda<\/a><\/span> apurri\u00e9ndovos a escritores n\u2019<span class=\"html-span xdj266r x11i5rnm xat24cr x1mh8g0r xexx8yu x4uap5 x18d9i69 xkhd6sd x1hl2dhg x16tdsg8 x1vvkbs\"><a class=\"x1i10hfl xjbqb8w x1ejq31n xd10rxx x1sy0etr x17r0tee x972fbf xcfux6l x1qhh985 xm0m39n x9f619 x1ypdohk xt0psk2 xe8uvvx xdj266r x11i5rnm xat24cr x1mh8g0r xexx8yu x4uap5 x18d9i69 xkhd6sd x16tdsg8 x1hl2dhg xggy1nq x1a2a7pz xkrqix3 x1sur9pj x1fey0fg x1s688f\" role=\"link\" href=\"https:\/\/www.facebook.com\/hashtag\/asturianu?__eep__=6&amp;__cft__[0]=AZU4nvdrzsCYFyZo_lKwjs1w9A3rptTwfDpt-xmy2QNJBR-b7LHWfBA1bZri6fR0F6ZeGUFXXoWFvj2jucl3xfy6VJamPZAYRNHhjgj6EWdneItFg1X3AWHUqYxmBX1jbjH1vvBNP1Nd-TPY3MxZygviguXZ6L_8fFun3PYrx6oqGcVtgTuHeZiyuC3XYbDGPvI&amp;__tn__=*NKH-R\">#asturianu<\/a><\/span> y gallego-asturianu dende les sos cases.<\/span><\/p>\n<p style=\"text-align: center\">\n<!-- iframe plugin v.6.0 wordpress.org\/plugins\/iframe\/ -->\n<iframe loading=\"lazy\" src=\"https:\/\/www.facebook.com\/plugins\/video.php?height=308&#038;href=https%3A%2F%2Fwww.facebook.com%2Finiciativapolasturianu%2Fvideos%2F1406266066222489%2F&#038;show_text=false&#038;width=560&#038;t=0\" width=\"560\" height=\"308\" style=\"border:none;overflow:hidden\" scrolling=\"no\" frameborder=\"0\" allowfullscreen=\"true\" allow=\"autoplay; clipboard-write; encrypted-media; picture-in-picture; web-share\" 0=\"\/iframe\" class=\"iframe-class\"><\/iframe>\n<\/p>\n<p style=\"text-align: center\">\n<!-- iframe plugin v.6.0 wordpress.org\/plugins\/iframe\/ -->\n<iframe loading=\"lazy\" src=\"https:\/\/www.instagram.com\/reel\/DHdO1zGsdbt\/embed\" width=\"640\" height=\"400\" 0=\"\/iframe\" scrolling=\"yes\" class=\"iframe-class\" frameborder=\"0\"><\/iframe>\n<\/p>\n<\/div>\n<\/div>\n<\/div>\n<\/div>\n<\/div>\n<\/div>\n<\/div>\n<p style=\"text-align: center\">\n<!-- iframe plugin v.6.0 wordpress.org\/plugins\/iframe\/ -->\n<iframe loading=\"lazy\" src=\"https:\/\/www.facebook.com\/plugins\/post.php?href=https%3A%2F%2Fwww.facebook.com%2Fgraciano.garciagarcia%2Fposts%2Fpfbid02LDunw5FGj6vmecrHFpDo6HuyQho9ahbuqPCJZfAAS75KFdTXWJSg8Ph18kERcBfGl&#038;show_text=false&#038;width=500\" width=\"500\" height=\"498\" style=\"border:none;overflow:hidden\" scrolling=\"no\" frameborder=\"0\" allowfullscreen=\"true\" allow=\"autoplay; clipboard-write; encrypted-media; picture-in-picture; web-share\" 0=\"\/iframe\" class=\"iframe-class\"><\/iframe>\n<\/p>\n","protected":false},"excerpt":{"rendered":"<p>Nel D\u00eda de la poes\u00eda, la mio humilde aportaci\u00f3n como mayesta d&#8217;asturianu a \u00abPoes\u00eda yes t\u00fa\u00bb de \u00abAsturies Capital Mundial de la Poes\u00eda.\u00bb Milenta gracies a Graciano Garc\u00eda Garc\u00eda y a Saitanlua Krista-Sai Ruiz por cuntar conmigo. Escoy\u00ed \u00abUna casa\u00bb de la mio amiga Berta Pi\u00f1\u00e1n. Un honor y toa una responsabilid\u00e1. Espero que vos [&hellip;]<\/p>\n","protected":false},"author":117,"featured_media":0,"comment_status":"open","ping_status":"open","sticky":false,"template":"","format":"standard","meta":{"footnotes":""},"categories":[6,39,426],"tags":[],"class_list":["post-44320","post","type-post","status-publish","format-standard","hentry","category-dia-de","category-poesia","category-poesia-yes-tu"],"_links":{"self":[{"href":"https:\/\/edublog.educastur.es\/ixuxu\/wp-json\/wp\/v2\/posts\/44320","targetHints":{"allow":["GET"]}}],"collection":[{"href":"https:\/\/edublog.educastur.es\/ixuxu\/wp-json\/wp\/v2\/posts"}],"about":[{"href":"https:\/\/edublog.educastur.es\/ixuxu\/wp-json\/wp\/v2\/types\/post"}],"author":[{"embeddable":true,"href":"https:\/\/edublog.educastur.es\/ixuxu\/wp-json\/wp\/v2\/users\/117"}],"replies":[{"embeddable":true,"href":"https:\/\/edublog.educastur.es\/ixuxu\/wp-json\/wp\/v2\/comments?post=44320"}],"version-history":[{"count":22,"href":"https:\/\/edublog.educastur.es\/ixuxu\/wp-json\/wp\/v2\/posts\/44320\/revisions"}],"predecessor-version":[{"id":44651,"href":"https:\/\/edublog.educastur.es\/ixuxu\/wp-json\/wp\/v2\/posts\/44320\/revisions\/44651"}],"wp:attachment":[{"href":"https:\/\/edublog.educastur.es\/ixuxu\/wp-json\/wp\/v2\/media?parent=44320"}],"wp:term":[{"taxonomy":"category","embeddable":true,"href":"https:\/\/edublog.educastur.es\/ixuxu\/wp-json\/wp\/v2\/categories?post=44320"},{"taxonomy":"post_tag","embeddable":true,"href":"https:\/\/edublog.educastur.es\/ixuxu\/wp-json\/wp\/v2\/tags?post=44320"}],"curies":[{"name":"wp","href":"https:\/\/api.w.org\/{rel}","templated":true}]}}