{"id":44338,"date":"2025-03-21T09:02:13","date_gmt":"2025-03-21T07:02:13","guid":{"rendered":"https:\/\/edublog.educastur.es\/ixuxu\/?p=44338"},"modified":"2025-03-22T14:15:28","modified_gmt":"2025-03-22T12:15:28","slug":"44338","status":"publish","type":"post","link":"https:\/\/edublog.educastur.es\/ixuxu\/2025\/03\/44338\/","title":{"rendered":"\u00abPoes\u00eda yes t\u00fa\u00bb d&#8217;Asturies Capital Mundial de la Poes\u00eda"},"content":{"rendered":"<ul>\n<li><a href=\"https:\/\/www.rtpa.es\/video:Poesia-yes-tu.-LOURDES-ALVAREZ,-AL-PIE-D\u2019OBRA_551742158138.html?fbclid=IwY2xjawJLfB5leHRuA2FlbQIxMQABHcvaavi4HvSxBKlNx3I5xr1dtcN6-ehOCkt_zfmERoR-kiC8q4H0ZR2lDA_aem_pTCWUN6jR-Jax-lpAX7UDQ\">RTPA: A la carta Poes\u00eda yes t\u00fa<\/a><\/li>\n<li>\/<a href=\"http:\/\/M\u00e1s de Poes\u00eda yes t\u00fa Poes\u00eda yes t\u00fa 2025\"> POES\u00cdA YES T\u00da 45 cap<\/a><\/li>\n<\/ul>\n<p style=\"text-align: center\"><a href=\"https:\/\/edublog.educastur.es\/ixuxu\/files\/2020\/08\/ASTURIAS-CAPITAL-MUNDIAL-DE-LA-POESIAb.png\"><img loading=\"lazy\" decoding=\"async\" class=\"aligncenter \" src=\"https:\/\/edublog.educastur.es\/ixuxu\/files\/2020\/08\/ASTURIAS-CAPITAL-MUNDIAL-DE-LA-POESIAb.png\" width=\"301\" height=\"199\" \/><\/a><\/p>\n<p style=\"text-align: center\"><strong><a href=\"https:\/\/www.facebook.com\/jose.m.aladro\/videos\/689712893630008\">\u00abEl pumar del g\u00fcertu\u00bb <\/a><\/strong><a href=\"https:\/\/www.facebook.com\/jose.m.aladro\/videos\/689712893630008\">Chema Aladro<\/a><\/p>\n<p style=\"text-align: center\">\n<!-- iframe plugin v.6.0 wordpress.org\/plugins\/iframe\/ -->\n<iframe loading=\"lazy\" src=\"https:\/\/www.facebook.com\/plugins\/video.php?height=316&#038;href=https%3A%2F%2Fwww.facebook.com%2Fjose.m.aladro%2Fvideos%2F689712893630008%2F&#038;show_text=false&#038;width=560&#038;t=0\" width=\"560\" height=\"316\" style=\"border:none;overflow:hidden\" scrolling=\"no\" frameborder=\"0\" allowfullscreen=\"true\" allow=\"autoplay; clipboard-write; encrypted-media; picture-in-picture; web-share\" 0=\"\/iframe\" class=\"iframe-class\"><\/iframe>\n<\/p>\n<ul>\n<li><a href=\"https:\/\/www.facebook.com\/isa.lobo.35\/videos\/704498985266729\/?ref=embed_video&amp;t=0\"><em>\u00ab<strong>Una casa\u00bb<\/strong> de Berta Pi\u00f1\u00e1n<\/em><\/a>\/ <a href=\"https:\/\/www.rtpa.es\/video:Poesia-yes-tu.-ISABEL-LOBO-HUERTA,-'UNA-CASA'_551742158262.html\">TPA<\/a> \/<\/li>\n<li><a href=\"https:\/\/www.facebook.com\/esther.garcialopez.319\/videos\/902724425188051\"><em><strong>\u00abPosa\u00bb <\/strong>Esther Garc\u00eda L\u00f3pez<\/em><\/a><\/li>\n<li><a href=\"https:\/\/www.rtpa.es\/video:Poesia-yes-tu.-LOURDES-ALVAREZ,-AL-PIE-D\u2019OBRA_551742158138.html?fbclid=IwY2xjawJLfIpleHRuA2FlbQIxMQABHblPKCM4fpvVLPLs5jsgsAkPpXp99G5F_2-bBOwbshCRnQusm3PQyj2gFA_aem_nVdyyNp6dZRI9CNKWSCNuA\">\u00abAl pie d&#8217;obra\u00bb Lurdes \u00c1lvarez<\/a><\/li>\n<li><a href=\"https:\/\/www.facebook.com\/alfredo.garaymenendez\/videos\/1063530488970726\"><strong>\u00abEntrugues\u00bb\u00a0 <\/strong>Alfredo Garay<\/a><\/li>\n<li><a href=\"https:\/\/www.rtpa.es\/video:Poesia-yes-tu.--ANGELES-CARBAJAL,-'TORNA'_551742157172.html\">\u00abTorna\u00bb \u00c1ngeles Carbajal \u00ab<\/a><\/li>\n<li><strong><a href=\"https:\/\/www.facebook.com\/jose.m.aladro\/videos\/689712893630008\">\u00abEl pumar del g\u00fcertu\u00bb <\/a><\/strong><a href=\"https:\/\/www.facebook.com\/jose.m.aladro\/videos\/689712893630008\">Chema Aladro<\/a><\/li>\n<\/ul>\n<p><!--more--><\/p>\n<div class=\"html-div xdj266r x11i5rnm xat24cr x1mh8g0r xexx8yu x4uap5 xkhd6sd xsag5q8\" dir=\"auto\">\n<div class=\"html-div xdj266r x11i5rnm xat24cr x1mh8g0r xexx8yu x4uap5 x18d9i69 xkhd6sd\" dir=\"auto\">\n<div class=\"html-div xdj266r x11i5rnm xat24cr x1mh8g0r xexx8yu x4uap5 x18d9i69 xkhd6sd\" data-ad-rendering-role=\"story_message\">\n<div class=\"x1iorvi4 xjkvuk6 x1ye3gou xn6708d\" data-ad-comet-preview=\"message\" data-ad-preview=\"message\">\n<div class=\"x78zum5 xdt5ytf xz62fqu x16ldp7u\">\n<div class=\"xu06os2 x1ok221b\">\n<div class=\"xdj266r x11i5rnm xat24cr x1mh8g0r x1vvkbs x126k92a\">\n<div dir=\"auto\"><strong><em>Semar\u00e9 los mios besos<\/em><\/strong><\/div>\n<div dir=\"auto\"><strong><em>na tierra les tos venes,<\/em><\/strong><\/div>\n<div dir=\"auto\"><strong><em>y medrar\u00e1n xazmines<br \/>\nalhel\u00eds y mariselves.<\/em><\/strong><\/div>\n<div dir=\"auto\">E.G.L.\u00a0(Andanciu, 2023)<\/div>\n<\/div>\n<\/div>\n<\/div>\n<\/div>\n<\/div>\n<\/div>\n<\/div>\n<p><a href=\"https:\/\/www.facebook.com\/esther.garcialopez.319\/videos\/902724425188051\"><em><strong>\u00abPosa\u00bb <\/strong>Esther Garc\u00eda L\u00f3pez<\/em><\/a><\/p>\n\n<!-- iframe plugin v.6.0 wordpress.org\/plugins\/iframe\/ -->\n<iframe loading=\"lazy\" src=\"https:\/\/www.facebook.com\/plugins\/video.php?height=316&#038;href=https%3A%2F%2Fwww.facebook.com%2Festher.garcialopez.319%2Fvideos%2F902724425188051%2F&#038;show_text=false&#038;width=560&#038;t=0\" width=\"560\" height=\"316\" style=\"border:none;overflow:hidden\" scrolling=\"no\" frameborder=\"0\" allowfullscreen=\"true\" allow=\"autoplay; clipboard-write; encrypted-media; picture-in-picture; web-share\" 0=\"\/iframe\" class=\"iframe-class\"><\/iframe>\n\n<p><a href=\"https:\/\/www.facebook.com\/alfredo.garaymenendez\/videos\/1063530488970726\"><strong>\u00abEntrugues\u00bb\u00a0 Alfredo Garay<\/strong><\/a><\/p>\n<p style=\"text-align: center\">\n<!-- iframe plugin v.6.0 wordpress.org\/plugins\/iframe\/ -->\n<iframe loading=\"lazy\" src=\"https:\/\/www.facebook.com\/plugins\/video.php?height=316&#038;href=https%3A%2F%2Fwww.facebook.com%2Falfredo.garaymenendez%2Fvideos%2F1063530488970726%2F&#038;show_text=false&#038;width=560&#038;t=0\" width=\"560\" height=\"316\" style=\"border:none;overflow:hidden\" scrolling=\"no\" frameborder=\"0\" allowfullscreen=\"true\" allow=\"autoplay; clipboard-write; encrypted-media; picture-in-picture; web-share\" 0=\"\/iframe\" class=\"iframe-class\"><\/iframe>\n<\/p>\n<p style=\"text-align: center\">\n<!-- iframe plugin v.6.0 wordpress.org\/plugins\/iframe\/ -->\n<iframe loading=\"lazy\" src=\"https:\/\/www.facebook.com\/plugins\/post.php?href=https%3A%2F%2Fwww.facebook.com%2Fgraciano.garciagarcia%2Fposts%2Fpfbid02LDunw5FGj6vmecrHFpDo6HuyQho9ahbuqPCJZfAAS75KFdTXWJSg8Ph18kERcBfGl&#038;show_text=false&#038;width=500\" width=\"500\" height=\"498\" style=\"border:none;overflow:hidden\" scrolling=\"no\" frameborder=\"0\" allowfullscreen=\"true\" allow=\"autoplay; clipboard-write; encrypted-media; picture-in-picture; web-share\" 0=\"\/iframe\" class=\"iframe-class\"><\/iframe>\n<\/p>\n","protected":false},"excerpt":{"rendered":"<p>RTPA: A la carta Poes\u00eda yes t\u00fa \/ POES\u00cdA YES T\u00da 45 cap \u00abEl pumar del g\u00fcertu\u00bb Chema Aladro \u00abUna casa\u00bb de Berta Pi\u00f1\u00e1n\/ TPA \/ \u00abPosa\u00bb Esther Garc\u00eda L\u00f3pez \u00abAl pie d&#8217;obra\u00bb Lurdes \u00c1lvarez \u00abEntrugues\u00bb\u00a0 Alfredo Garay \u00abTorna\u00bb \u00c1ngeles Carbajal \u00ab \u00abEl pumar del g\u00fcertu\u00bb Chema Aladro<\/p>\n","protected":false},"author":117,"featured_media":0,"comment_status":"open","ping_status":"open","sticky":false,"template":"","format":"standard","meta":{"footnotes":""},"categories":[6,39,426],"tags":[],"class_list":["post-44338","post","type-post","status-publish","format-standard","hentry","category-dia-de","category-poesia","category-poesia-yes-tu"],"_links":{"self":[{"href":"https:\/\/edublog.educastur.es\/ixuxu\/wp-json\/wp\/v2\/posts\/44338","targetHints":{"allow":["GET"]}}],"collection":[{"href":"https:\/\/edublog.educastur.es\/ixuxu\/wp-json\/wp\/v2\/posts"}],"about":[{"href":"https:\/\/edublog.educastur.es\/ixuxu\/wp-json\/wp\/v2\/types\/post"}],"author":[{"embeddable":true,"href":"https:\/\/edublog.educastur.es\/ixuxu\/wp-json\/wp\/v2\/users\/117"}],"replies":[{"embeddable":true,"href":"https:\/\/edublog.educastur.es\/ixuxu\/wp-json\/wp\/v2\/comments?post=44338"}],"version-history":[{"count":5,"href":"https:\/\/edublog.educastur.es\/ixuxu\/wp-json\/wp\/v2\/posts\/44338\/revisions"}],"predecessor-version":[{"id":44386,"href":"https:\/\/edublog.educastur.es\/ixuxu\/wp-json\/wp\/v2\/posts\/44338\/revisions\/44386"}],"wp:attachment":[{"href":"https:\/\/edublog.educastur.es\/ixuxu\/wp-json\/wp\/v2\/media?parent=44338"}],"wp:term":[{"taxonomy":"category","embeddable":true,"href":"https:\/\/edublog.educastur.es\/ixuxu\/wp-json\/wp\/v2\/categories?post=44338"},{"taxonomy":"post_tag","embeddable":true,"href":"https:\/\/edublog.educastur.es\/ixuxu\/wp-json\/wp\/v2\/tags?post=44338"}],"curies":[{"name":"wp","href":"https:\/\/api.w.org\/{rel}","templated":true}]}}