{"id":44352,"date":"2025-03-21T11:59:23","date_gmt":"2025-03-21T09:59:23","guid":{"rendered":"https:\/\/edublog.educastur.es\/ixuxu\/?p=44352"},"modified":"2025-03-23T18:31:39","modified_gmt":"2025-03-23T16:31:39","slug":"el-pozu-santa-barbara-mieres-el-xardin-de-les-delicies-del-sieglu-xxi","status":"publish","type":"post","link":"https:\/\/edublog.educastur.es\/ixuxu\/2025\/03\/el-pozu-santa-barbara-mieres-el-xardin-de-les-delicies-del-sieglu-xxi\/","title":{"rendered":"El pozu Santa B\u00e1rbara (Mieres), \u00abEl Xard\u00edn de les Delicies\u00bb del sieglu XXI"},"content":{"rendered":"<p style=\"text-align: center\"><a href=\"https:\/\/estaticos-cdn.prensaiberica.es\/clip\/e16414f3-031a-404f-bdf7-658788d46047_16-9-discover-aspect-ratio_default_0.webp\"><img loading=\"lazy\" decoding=\"async\" class=\"aligncenter size-large\" src=\"https:\/\/estaticos-cdn.prensaiberica.es\/clip\/e16414f3-031a-404f-bdf7-658788d46047_16-9-discover-aspect-ratio_default_0.webp\" width=\"1200\" height=\"675\" \/><\/a><\/p>\n<p>Asina se va convertir el pozu Santa B\u00e1rbara de Mieres en \u00abEl Xard\u00edn de les Delicies\u00bb del sieglu XXI. El colectivu art\u00edsticu neerland\u00e9s \u00abSmack\u00bb (form\u00e1u polos neerlandeses Tom Meijdan y Thom Snels y l&#8217;h\u00fangaru B\u00e9la Zsigmond.) va esponer la so instalaci\u00f3n audiovisual \u00abSpeculum\u00bb, que reinterpreta la obra d&#8217;El Bosco.<\/p>\n<ul>\n<li>L&#8217;amuesa va poder vese del 10 d&#8217;abril &#8211; 13 de xunetu<\/li>\n<li>Entrada gratuita<strong> con inscripci\u00f3n previa para asistir<\/strong><\/li>\n<li>L&#8217;horariu: de mi\u00e9rcoles y vienres, de 16.30 -21 hores, y s\u00e1bados, domingos y festivos, de 11 &#8211; 14 hores y de 16.30 &#8211; 21 hores.<\/li>\n<li>Fonte: <a href=\"https:\/\/www.lne.es\/cuencas\/2025\/03\/20\/pozo-santa-barbara-convertira-jardin-115503274.html?fbclid=IwY2xjawJKJNNleHRuA2FlbQIxMQABHaHxNXh11X3cuvWzYmPXwfum5PKIDr7mTRwUGkPfMvPnwdt1Q1lhohfseQ_aem_9COs-7DJKK6tBVDO-sjoOQ\">LNE<\/a> \/<\/li>\n<\/ul>\n<p><!--more--><\/p>\n<p>El pozu Santa B\u00e1rbara de Mieres, convert\u00edu dende va unos a\u00f1os n&#8217;espaciu espositivu y cultural, va convertise a partir del 10 d&#8217;abril en \u00abEl Xard\u00edn de les Delicies\u00bb del sieglu XXI, gracies a una nueva amuesa de calter internacional na que va poder vese la obra \u00abSpeculum\u00bb, una instalaci\u00f3n creada pol <strong><span style=\"color: #008080\">colectivu art\u00edsticu \u00abSmack\u00bb, form\u00e1u polos neerlandeses Tom Meijdan y Thom Snels y l&#8217;h\u00fangaru B\u00e9la Zsigmond.<\/span><\/strong><\/p>\n<p style=\"text-align: center\"><a href=\"https:\/\/upload.wikimedia.org\/wikipedia\/commons\/thumb\/3\/38\/Jheronimus_Bosch_023.jpg\/1920px-Jheronimus_Bosch_023.jpg\"><img loading=\"lazy\" decoding=\"async\" class=\"aligncenter size-large\" src=\"https:\/\/upload.wikimedia.org\/wikipedia\/commons\/thumb\/3\/38\/Jheronimus_Bosch_023.jpg\/1920px-Jheronimus_Bosch_023.jpg\" width=\"1920\" height=\"973\" \/><\/a><\/p>\n<p>El proyectu \u00abSpeculum\u00bb que va poder vese nel antiguu pozu de La Rebaldana reinterpreta l&#8217;ic\u00f3nico cuadro <strong>\u00abEl Xard\u00edn de les Delicies\u00bb (1490-1500, El Bosco)<\/strong>, que&#8217;l so orixinal puede vese nel mus\u00e9u del Prau y que ta consider\u00e1u como xuna de les obrar cume de la hestoria del arte. La obra, espliquen dende la organizaci\u00f3n de l&#8217;amuesa, \u00abintroduz figures de la socied\u00e1 contemporanea, calteniendo la esencia cr\u00edtica sobre los escenarios dist\u00f3picos\u00bb.<\/p>\n<p>La instalaci\u00f3n ye <strong>\u00abun atanante tr\u00edpticu de videuarte, que revisita la ic\u00f3nica obra de pintura flamenca al sieglu XXI, convirti\u00e9ndola nun espeyu de la socied\u00e1 actual\u00bb.<\/strong><\/p>\n<p style=\"text-align: center\"><a href=\"https:\/\/estaticos-cdn.prensaiberica.es\/clip\/36d7550e-ea1d-4e9f-a524-b1e66467c48c_source-aspect-ratio_default_0_x353y168.webp\"><img loading=\"lazy\" decoding=\"async\" class=\"aligncenter size-large\" src=\"https:\/\/estaticos-cdn.prensaiberica.es\/clip\/36d7550e-ea1d-4e9f-a524-b1e66467c48c_source-aspect-ratio_default_0_x353y168.webp\" width=\"670\" height=\"445\" \/><\/a><\/p>\n<p>Estremada en tr\u00e9s paneles, la instalaci\u00f3n prop\u00f3n al visitante \u00abun percorr\u00edu visual que reflexa distintos escenarios del nuesu presente inmediatu\u00bb.<\/p>\n<ul>\n<li>En <strong>\u00abEd\u00e9n\u00bb<\/strong>, un paisaxe en tonos pastel \u00abremembra un Silicon Valley dixital, onde la tecnolox\u00eda y la hiperconectividad prometen una utop\u00eda inmaterial\u00bb. Sicas\u00ed, \u00aboculta una realid\u00e1 controlada y en constante vixilancia pol poder de grandes corporaciones\u00bb.<\/li>\n<li>En <strong>\u00abPara\u00edsu\u00bb<\/strong>, \u00abatopamos a personaxes qu&#8217;analayen nun mundu apoder\u00e1u pola obsesi\u00f3n cola imaxe, el consumismu y la superficialid\u00e1\u00bb. Esta foi la primer pieza del tr\u00edpticu creada por \u00abSmack\u00bb en 2016, como encargu del Stedelijk Museum de Breda nel marcu del 500 aniversariu d&#8217;El Bosco. M\u00e1s tarde complet\u00f3se colos otros dos paneles.<\/li>\n<li>Finalmente, nel panel del<strong> Infiernu<\/strong>\u00ab, l&#8217;espectador \u00abat\u00f3pase con una visi\u00f3n ca\u00f3tica y violenta, onde los castigos t\u00e1n directamente venceyaos a los escesos de la era dixital: la sobreexposici\u00f3n en redes sociales, l&#8217;adicci\u00f3n a los algoritmos y el control masivu de la informaci\u00f3n\u00bb.<\/li>\n<\/ul>\n<p style=\"text-align: center\"><a href=\"https:\/\/estaticos-cdn.prensaiberica.es\/clip\/7bbc6673-32d1-4291-9a7c-e20cbd4fa751_source-aspect-ratio_default_0_x324y264.webp\"><img loading=\"lazy\" decoding=\"async\" class=\"aligncenter \" src=\"https:\/\/estaticos-cdn.prensaiberica.es\/clip\/7bbc6673-32d1-4291-9a7c-e20cbd4fa751_source-aspect-ratio_default_0_x324y264.webp\" width=\"385\" height=\"385\" \/><\/a><\/p>\n<p>La obra zarra con dos grandes pantalles que flanquean el tr\u00edpticu. Nelles pasien <strong>seis personaxes arquet\u00edpicos: Big Data, Cyberbully, Dynamo Twins, Crapivore, Egonaut y Mother.<\/strong> Representen dende l&#8217;acoso per internet al narcisismu impuls\u00e1u poles redes sociales, les c\u00e1mares de vixilancia o los \u00abtrolls\u00bb de la rede. La obra, a \u00faltima hora, esquiza en \u00aben cuestiones como l&#8217;aislamientu, el comportamientu de les mases y l&#8217;interdependencia nun mundu apoder\u00e1u pola tecnolox\u00eda y el consumu\u00bb.<\/p>\n<p>La esposici\u00f3n foi entamada pol Conceyu de Mieres col comisariado de L.Y.V. (Llaboratoriu d&#8217;Electr\u00f3nica Visual) y la collaboraci\u00f3n d&#8217;Onkaos, \u00e1rea d&#8217;arte dixital de SOLU Contemporary. El colectivu \u00abSmack\u00bb, con see en Breda, empez\u00f3 a trabayar en 2005. La so obra foi espuesta en pa\u00edses como Reinu Un\u00edu, Pa\u00edses Baxos, Corea, Brasil, Alema\u00f1a, China, Vietnam, Francia y Estaos Xun\u00edos.<\/p>\n<p>La nueva esposici\u00f3n va poder vese hasta&#8217;l 13 de xunetu. Va Haber visites empuestes gratuites el s\u00e1badu 19 d&#8217;abril, el domingu 27 d&#8217;abril, el vienres 2 de mayu y el domingu 18 de mayu. <strong>Ye necesaria inscripci\u00f3n previa para asistir a estes visites<\/strong>. L&#8217;horariu de visita normal ye de mi\u00e9rcoles y vienres, de 16.30 a 21 hores, y s\u00e1bados, domingos y festivos, de 11 a 14 hores y de 16.30 a 21 hores.<\/p>\n<p class=\"html-h2 x11i5rnm xat24cr x1mh8g0r xexx8yu x4uap5 x18d9i69 xkhd6sd x1vvkbs x1heor9g x1qlqyl8 x1pd3egz x1a2a7pz x1gslohp\" style=\"text-align: center\"><span class=\"x193iq5w xeuugli x13faqbe x1vvkbs x1xmvt09 x1f6kntn xvq8zen xo1l8bm xi81zsa\"><span class=\"xt0psk2\"><span class=\"xjp7ctv\"><a class=\"x1i10hfl xjbqb8w x1ejq31n xd10rxx x1sy0etr x17r0tee x972fbf xcfux6l x1qhh985 xm0m39n x9f619 x1ypdohk xt0psk2 xe8uvvx xdj266r x11i5rnm xat24cr x1mh8g0r xexx8yu x4uap5 x18d9i69 xkhd6sd x16tdsg8 x1hl2dhg xggy1nq x1a2a7pz xkrqix3 x1sur9pj xzsf02u x1s688f\" role=\"link\" href=\"https:\/\/www.facebook.com\/nortes.me?__cft__[0]=AZXGOJtOFyqR8ESPgBVnSOELMXEuFoMsZ2rMZAHphfYFZc8n-X5gQcAbhynikegh249_FEHRn1PxAZvtjLv-2tokcUI7LpCbQe8-kY9GXgcxCMFqj5CbpGhl2gZazFsXmawlFA_aguBq8iL0FQ0x8c27X4xeyAdTz-2d7sSuld06ov4dwUuZfKaHVNFqpm0i-lLX5WhSzVig9OTNRGTQ1XD719Jtj_wrESKZesbwCeh5Tg&amp;__tn__=-UC*F\">Nortes<\/a><\/span><\/span><\/span><\/p>\n<p style=\"text-align: center\">\n<!-- iframe plugin v.6.0 wordpress.org\/plugins\/iframe\/ -->\n<iframe loading=\"lazy\" src=\"https:\/\/www.facebook.com\/plugins\/post.php?href=https%3A%2F%2Fwww.facebook.com%2Fnortes.me%2Fposts%2Fpfbid068urWcFehvgDq5hoAMzYYyj9JkYNaMU8RsoU85T8tXXRbmeY1vPWUFyNSAts8jYul&#038;show_text=false&#038;width=500\" width=\"500\" height=\"498\" style=\"border:none;overflow:hidden\" scrolling=\"no\" frameborder=\"0\" allowfullscreen=\"true\" allow=\"autoplay; clipboard-write; encrypted-media; picture-in-picture; web-share\" 0=\"\/iframe\" class=\"iframe-class\"><\/iframe>\n<\/p>\n","protected":false},"excerpt":{"rendered":"<p>Asina se va convertir el pozu Santa B\u00e1rbara de Mieres en \u00abEl Xard\u00edn de les Delicies\u00bb del sieglu XXI. El colectivu art\u00edsticu neerland\u00e9s \u00abSmack\u00bb (form\u00e1u polos neerlandeses Tom Meijdan y Thom Snels y l&#8217;h\u00fangaru B\u00e9la Zsigmond.) va esponer la so instalaci\u00f3n audiovisual \u00abSpeculum\u00bb, que reinterpreta la obra d&#8217;El Bosco. L&#8217;amuesa va poder vese del 10 [&hellip;]<\/p>\n","protected":false},"author":117,"featured_media":0,"comment_status":"open","ping_status":"open","sticky":false,"template":"","format":"standard","meta":{"footnotes":""},"categories":[89,14,320],"tags":[],"class_list":["post-44352","post","type-post","status-publish","format-standard","hentry","category-arte","category-esposiciones","category-mina"],"_links":{"self":[{"href":"https:\/\/edublog.educastur.es\/ixuxu\/wp-json\/wp\/v2\/posts\/44352","targetHints":{"allow":["GET"]}}],"collection":[{"href":"https:\/\/edublog.educastur.es\/ixuxu\/wp-json\/wp\/v2\/posts"}],"about":[{"href":"https:\/\/edublog.educastur.es\/ixuxu\/wp-json\/wp\/v2\/types\/post"}],"author":[{"embeddable":true,"href":"https:\/\/edublog.educastur.es\/ixuxu\/wp-json\/wp\/v2\/users\/117"}],"replies":[{"embeddable":true,"href":"https:\/\/edublog.educastur.es\/ixuxu\/wp-json\/wp\/v2\/comments?post=44352"}],"version-history":[{"count":8,"href":"https:\/\/edublog.educastur.es\/ixuxu\/wp-json\/wp\/v2\/posts\/44352\/revisions"}],"predecessor-version":[{"id":44547,"href":"https:\/\/edublog.educastur.es\/ixuxu\/wp-json\/wp\/v2\/posts\/44352\/revisions\/44547"}],"wp:attachment":[{"href":"https:\/\/edublog.educastur.es\/ixuxu\/wp-json\/wp\/v2\/media?parent=44352"}],"wp:term":[{"taxonomy":"category","embeddable":true,"href":"https:\/\/edublog.educastur.es\/ixuxu\/wp-json\/wp\/v2\/categories?post=44352"},{"taxonomy":"post_tag","embeddable":true,"href":"https:\/\/edublog.educastur.es\/ixuxu\/wp-json\/wp\/v2\/tags?post=44352"}],"curies":[{"name":"wp","href":"https:\/\/api.w.org\/{rel}","templated":true}]}}