{"id":44387,"date":"2025-03-22T11:00:44","date_gmt":"2025-03-22T09:00:44","guid":{"rendered":"https:\/\/edublog.educastur.es\/ixuxu\/?p=44387"},"modified":"2025-03-31T09:54:05","modified_gmt":"2025-03-31T07:54:05","slug":"44387","status":"publish","type":"post","link":"https:\/\/edublog.educastur.es\/ixuxu\/2025\/03\/44387\/","title":{"rendered":"Los da\u00f1os causaos pol llobu, la cifra m\u00e1s alta desque esisten rexistros"},"content":{"rendered":"<p style=\"text-align: center\"><a href=\"https:\/\/s3.ppllstatics.com\/elcomercio\/www\/multimedia\/2025\/03\/21\/lobo-kmQH-RIHLB5rMCsywSaYMeEraGTI-1200x840@El%20Comercio.jpg\"><img loading=\"lazy\" decoding=\"async\" class=\"aligncenter \" src=\"https:\/\/s3.ppllstatics.com\/elcomercio\/www\/multimedia\/2025\/03\/21\/lobo-kmQH-RIHLB5rMCsywSaYMeEraGTI-1200x840@El%20Comercio.jpg\" width=\"671\" height=\"470\" \/><\/a><\/p>\n<p style=\"text-align: left\">El Princip\u00e1u podr\u00eda autorizar la caza d&#8217;ente 32 y 36 llobos, seg\u00fan l&#8217;\u00faltimu criteriu utiliz\u00e1u Mediu Rural abon\u00f3 m\u00e1s de 1,5 millones polos da\u00f1os causaos por esta especie en 2024, la cifra m\u00e1s alta desque esisten rexistros. Teniendo en cuenta los \u00faltimos datos oficiales, <strong>n&#8217;Asturies habr\u00eda angua\u00f1o 45 menaes, de les cualos 42 son reproductores<\/strong>, y polo tanto s&#8217;envalora una poblaci\u00f3n d&#8217;ente los 360 y los 405 exemplares.<\/p>\n<ul>\n<li style=\"text-align: left\">Fonte: <a href=\"https:\/\/www.elcomercio.es\/asturias\/principado-autorizar-caza-lobos-segun-ultimo-criterio-20250321222924-nt.html\">El Comercio<\/a> \/ <a href=\"https:\/\/www.lne.es\/asturias\/2025\/03\/31\/lobos-mato-asturias-proteccion-especie-115860943.html\">LNE<\/a> \/<\/li>\n<\/ul>\n<p><!--more--><\/p>\n<p>El Princip\u00e1u podr\u00eda autorizar la caza d&#8217;ente 32 y 36 llobos n&#8217;Asturies si decide establecer como criteriu&#8217;l postreru utiliz\u00e1u pola Conseyer\u00eda de Mediu Rural nel programa de control del llobu 2022-2023, mientres la pasada llexislatura. Xuna propuesta pa la xesti\u00f3n d&#8217;esta especie que&#8217;l Gobiernu rexonal trat\u00f3 de poner en marcha nel branu de 2022, dempu\u00e9s de que&#8217;l llobu incluyise nel <strong>llist\u00e1u d&#8217;Especies Monteses en R\u00e9xime de Protecci\u00f3n Especial (Lespre)<\/strong>, nun intentu d&#8217;afaer el plan de xesti\u00f3n al nuevu estatus de la especie y tornar la so protecci\u00f3n, pero que result\u00f3 fall\u00edu.<\/p>\n<p>El resolvimientu la conseyer\u00eda que naquel momentu encabezaba Alejandro Calvo foi impugnada por asociaciones ecoloxistes nos tribunales y qued\u00f3 suspendida. Agora, dempu\u00e9s de que&#8217;l Congresu de los diputaos volviera rebaxar por llei la protecci\u00f3n del llobu y d\u00e9xese nuevamente a les Alministraciones auton\u00f3miques matar exemplares pa caltener el gan\u00e1u, aquel papel guard\u00e1u nel cax\u00f3n de la conseyer\u00eda podr\u00eda volver tener valor.<\/p>\n<p><strong>Porcentaxe sobro&#8217;l censu.<\/strong> El plan 2022-2023 implicaba un camb\u00e9u de criteriu p&#8217;afitar el n\u00famberu de captures con respectu al que se ven\u00eda utilizando hasta la fecha, y que consist\u00eda na fixaci\u00f3n de cupos concretos en funci\u00f3n de les zones. El Princip\u00e1u, n&#8217;agostu de 2022, estableci\u00f3 per primer vegada un porcentaxe m\u00e1ximu d&#8217;estracciones pa tola comunid\u00e1, concretamente del 9% de la poblaci\u00f3n, que correspuende a la tasa media de captures de los postreros venti a\u00f1os, argumentando <strong>qu&#8217;esi criteriu dexar\u00eda \u00abgarantizar una poblaci\u00f3n estable y sostenible de la especie\u00bb, tal que recoy\u00eda&#8217;l resolvimientu.<\/strong><\/p>\n<p>Teniendo en cuenta los \u00faltimos datos oficiales, <strong>n&#8217;Asturies habr\u00eda angua\u00f1o 45 menaes, de les cualos 42 son reproductores<\/strong>, y polo tanto s&#8217;envalora una poblaci\u00f3n d&#8217;ente los 360 y los 405 exemplares. D&#8217;esta forma, siguiendo&#8217;l cit\u00e1u criteriu, el Gobiernu rexonal podr\u00eda autorizar la muerte de m\u00e1s de 30 animales. Igualmente, seg\u00fan aquel resolvimientu que nun lleg\u00f3 nunca a bon puertu, el control de la especie <strong>entamarase en siete zones: noroccidental, Palu-sva, suroccidental, centroccidental, central, centroriental y oriental.<\/strong><\/p>\n<p>El Princip\u00e1u d&#8217;Asturies nun ye la \u00fanica comunid\u00e1 afectada. <strong>Tami\u00e9n Galicia, Castiella y Lli\u00f3n y Cantabria<\/strong>. Nesta postrera y\u00e1 se punxeron manes a la obra. La Conseyer\u00eda de Desenvolvimientu Rural, Ganader\u00eda, Pesca y Alimentaci\u00f3n de Cantabria, Mar\u00eda Jes\u00fas Susinos, anunci\u00f3 ayeri que la Direcci\u00f3n Xeneral de Montes y Biodiversid\u00e1 y\u00e1 ta trabayando nel resolvimientu col n\u00famberu de llobos a estrayer y les zones nes que se van llevar a cabu, que prioritariamente van ser en Campoo, el sur de la rex\u00f3n y \u00e1rees d&#8217;altu monte.<\/p>\n<p style=\"text-align: center\"><a href=\"https:\/\/estaticos-cdn.prensaiberica.es\/clip\/4b9cd785-ab70-4bcb-abed-9c3372e875e5_16-9-discover-aspect-ratio_default_0_x1256y282.webp\"><img loading=\"lazy\" decoding=\"async\" class=\"aligncenter size-large\" src=\"https:\/\/estaticos-cdn.prensaiberica.es\/clip\/4b9cd785-ab70-4bcb-abed-9c3372e875e5_16-9-discover-aspect-ratio_default_0_x1256y282.webp\" width=\"1200\" height=\"675\" \/><\/a><\/p>\n<p>\u00bfCu\u00e1ntos llobos mat\u00f3 Asturies antes de la so protecci\u00f3n? <strong>La especie recup\u00e9rase y supera los 270 exemplares.<\/strong> Les pr\u00f3ximes eliminaciones van facese en funci\u00f3n del nuevu estatus de la especie, abondo recuperada nel territoriu rexonal.<\/p>\n<p>L&#8217;\u00faltimu programa d&#8217;actuaciones de control del llobu n&#8217;Asturies, del a\u00f1u 2022 y ellabor\u00e1u en base al II Plan de Xesti\u00f3n de 2015, recoy\u00eda y\u00e1 la posibilid\u00e1 de matar exemplares fora de les zones espec\u00edfiques (un total de 7 en tola rex\u00f3n) onde s&#8217;alcontraben les menaes por cuenta de la apaici\u00f3n nesi territoriu d&#8217;animales \u00abde forma espor\u00e1dica o en grupu\u00bb.<\/p>\n<p>En concretu, aconsey\u00e1base <strong>\u00abponer en marcha actuaciones d&#8217;estracci\u00f3n d&#8217;exemplares de llobu en funci\u00f3n de la problem\u00e1tica venceyada al escurrimientu de da\u00f1os sobro la ganader\u00eda\u00bb<\/strong>. Y ye qu&#8217;en talos territorios, estremeros a les \u00e1rees de xesti\u00f3n, avis\u00e1base y\u00e1 de que \u00abel llobu va avanzando pasu ente pasu tantu al norte como al este, siguiendo la disponibilid\u00e1 de preses monteses y la ganader\u00eda, seg\u00fan un encl\u00edn que concentra dambes nes zones m\u00e1s baxes y pr\u00f3ximes a la mari\u00f1a\u00bb. El documentu foi ellabor\u00e1u cola participaci\u00f3n de m\u00e1s de 80 persones ente t\u00e9cnicos, axentes del Mediu Natural, cient\u00edficos y espertos de distintos \u00e1mbitos.<\/p>\n","protected":false},"excerpt":{"rendered":"<p>El Princip\u00e1u podr\u00eda autorizar la caza d&#8217;ente 32 y 36 llobos, seg\u00fan l&#8217;\u00faltimu criteriu utiliz\u00e1u Mediu Rural abon\u00f3 m\u00e1s de 1,5 millones polos da\u00f1os causaos por esta especie en 2024, la cifra m\u00e1s alta desque esisten rexistros. Teniendo en cuenta los \u00faltimos datos oficiales, n&#8217;Asturies habr\u00eda angua\u00f1o 45 menaes, de les cualos 42 son reproductores, [&hellip;]<\/p>\n","protected":false},"author":117,"featured_media":0,"comment_status":"open","ping_status":"open","sticky":false,"template":"","format":"standard","meta":{"footnotes":""},"categories":[430],"tags":[],"class_list":["post-44387","post","type-post","status-publish","format-standard","hentry","category-caza"],"_links":{"self":[{"href":"https:\/\/edublog.educastur.es\/ixuxu\/wp-json\/wp\/v2\/posts\/44387","targetHints":{"allow":["GET"]}}],"collection":[{"href":"https:\/\/edublog.educastur.es\/ixuxu\/wp-json\/wp\/v2\/posts"}],"about":[{"href":"https:\/\/edublog.educastur.es\/ixuxu\/wp-json\/wp\/v2\/types\/post"}],"author":[{"embeddable":true,"href":"https:\/\/edublog.educastur.es\/ixuxu\/wp-json\/wp\/v2\/users\/117"}],"replies":[{"embeddable":true,"href":"https:\/\/edublog.educastur.es\/ixuxu\/wp-json\/wp\/v2\/comments?post=44387"}],"version-history":[{"count":5,"href":"https:\/\/edublog.educastur.es\/ixuxu\/wp-json\/wp\/v2\/posts\/44387\/revisions"}],"predecessor-version":[{"id":44999,"href":"https:\/\/edublog.educastur.es\/ixuxu\/wp-json\/wp\/v2\/posts\/44387\/revisions\/44999"}],"wp:attachment":[{"href":"https:\/\/edublog.educastur.es\/ixuxu\/wp-json\/wp\/v2\/media?parent=44387"}],"wp:term":[{"taxonomy":"category","embeddable":true,"href":"https:\/\/edublog.educastur.es\/ixuxu\/wp-json\/wp\/v2\/categories?post=44387"},{"taxonomy":"post_tag","embeddable":true,"href":"https:\/\/edublog.educastur.es\/ixuxu\/wp-json\/wp\/v2\/tags?post=44387"}],"curies":[{"name":"wp","href":"https:\/\/api.w.org\/{rel}","templated":true}]}}