{"id":44413,"date":"2025-03-22T09:00:33","date_gmt":"2025-03-22T07:00:33","guid":{"rendered":"https:\/\/edublog.educastur.es\/ixuxu\/?p=44413"},"modified":"2025-03-26T10:25:57","modified_gmt":"2025-03-26T08:25:57","slug":"dia-mundial-de-lagua-4","status":"publish","type":"post","link":"https:\/\/edublog.educastur.es\/ixuxu\/2025\/03\/dia-mundial-de-lagua-4\/","title":{"rendered":"D\u00eda Mundial de l&#8217;Agua"},"content":{"rendered":"<p><span style=\"color: #008080\">Angua\u00f1o, el D\u00eda Mundial de l&#8217;Agua enf\u00f3case nel tema <strong>\u201dCaltenimientu de los glaciares\u201d<\/strong>,<span style=\"color: #000000\"> faciendo fincapi\u00e9 na importancia del xelu, la nieve y los glaciares nel sistema clim\u00e1ticu y el ciclu de l&#8217;agua y les consecuencies sociales, econ\u00f3miques y medioambientales d&#8217;estos cambeos na criosfera de la Tierra.<\/span><\/span><\/p>\n<p><a href=\"https:\/\/diarioresponsable.com\/images-webp\/articulos\/full\/dia-mundial-del-agua-glaciares-dr-copy.webp\"><img loading=\"lazy\" decoding=\"async\" class=\"aligncenter size-large\" src=\"https:\/\/diarioresponsable.com\/images-webp\/articulos\/full\/dia-mundial-del-agua-glaciares-dr-copy.webp\" width=\"600\" height=\"400\" \/><\/a><\/p>\n<p style=\"text-align: center\"><em>Jeremy Bishop<\/em><\/p>\n<p>El l so principal <strong>oxetivu ye xenerar conciencia sobro la importancia de curiar el denomin\u00e1u \u00aboru l\u00edquido\u00bb, pa la vida de los seres humanos y les especies na Tierra. <\/strong>Nel mundu,<strong>\u00a01\/3 de les persones nun tien accesu a agua potable<\/strong>\ud83d\udebf La perda de biodiversid\u00e1 amenorga la capacid\u00e1 del planeta \ud83c\udf0d para llimpiase de contaminantes y aumenta el riesgu d&#8217;enfermedaes tresmit\u00edes pel agua o rellacionaes con ella.<strong><br \/>\n<\/strong><\/p>\n<ul>\n<li>Fonte: <a href=\"https:\/\/fundacion-biodiversidad.es\/event\/\">Eventos Fundaci\u00f3n Biodiversid\u00e1<\/a> \/ <a href=\"https:\/\/www.iberdrola.com\/sostenibilidad\/dia-mundial-agua\">Iberdrola<\/a> \/<\/li>\n<\/ul>\n<p>&nbsp;<\/p>\n<p><!--more--><\/p>\n<p style=\"text-align: center\">\n<!-- iframe plugin v.6.0 wordpress.org\/plugins\/iframe\/ -->\n<iframe loading=\"lazy\" src=\"https:\/\/www.facebook.com\/plugins\/post.php?href=https%3A%2F%2Fwww.facebook.com%2Ffundacionbiodiversidad%2Fposts%2Fpfbid0Aum1vNWL88fMsKvo8Yq4uxktSMLZYTmERedXuwnpTiyPNCPEMDGmCkcukWSBjafzl&#038;show_text=false&#038;width=500\" width=\"500\" height=\"498\" style=\"border:none;overflow:hidden\" scrolling=\"no\" frameborder=\"0\" allowfullscreen=\"true\" allow=\"autoplay; clipboard-write; encrypted-media; picture-in-picture; web-share\" 0=\"\/iframe\" class=\"iframe-class\"><\/iframe>\n<\/p>\n<p>Cola celebraci\u00f3n d&#8217;esta efem\u00e9ride pretende dase a conocer la crisis mundial de l&#8217;agua y la problem\u00e1tica qu&#8217;encaren millones de persones que nun tienen accesu al suministru d&#8217;agua potable, seg\u00fan les mid\u00edes urxentes que se deben tomar al respeutu.<\/p>\n<p style=\"text-align: center\">\n<!-- iframe plugin v.6.0 wordpress.org\/plugins\/iframe\/ -->\n<iframe loading=\"lazy\" width=\"100%\" height=\"387\" src=\"https:\/\/www.youtube.com\/embed\/RbgSF5Sh2eE\" title=\"D\u00eda Mundial del Agua 2025 \ud83d\udca7 22 de Marzo \ud83c\udf0e El Planeta Azul\" frameborder=\"0\" allow=\"accelerometer; autoplay; clipboard-write; encrypted-media; gyroscope; picture-in-picture; web-share\" referrerpolicy=\"strict-origin-when-cross-origin\" 0=\"allowfullscreen\" 1=\"\/iframe\" scrolling=\"yes\" class=\"iframe-class\"><\/iframe>\n<\/p>\n<p>El D\u00eda Mundial de l&#8217;Agua, celebr\u00e1u cada 22 de marzu dende 1993,<strong> ye una iniciativa global sofitada poles Naciones Xun\u00edes para destacar la importancia de l&#8217;agua duce para&#8217;l nuesu planeta y la necesid\u00e1 de combatir la so escasez en tol mundu<\/strong>, una vegada qu&#8217;abargana de 2.200 millones de persones inda escarecen d&#8217;accesu a agua potable de forma segura.<\/p>\n<p><em><span style=\"color: #008080\"><strong>\u00bfC\u00f3mo podemos ayudar? <\/strong>#Cada persona puede contribuyir al caltenimientu de l&#8217;agua y de los glaciares por aciu pequenes acciones cotidianes y compromisos al llargu plazu, como:<\/span><\/em><\/p>\n<ul>\n<li><em><span style=\"color: #008080\">Amenorgar la nuesa buelga h\u00eddrica, esto ye, menguar el consumu d&#8217;agua nes nueses actividaes diaries.<\/span><\/em><\/li>\n<li><em><span style=\"color: #008080\">Adoptar vezos sostenibles, como l&#8217;usu responsable de l&#8217;agua y l&#8217;amenorgamientu del desperdiciu.<\/span><\/em><\/li>\n<li><em><span style=\"color: #008080\">Trabayar xuntos para amenorgar les emisiones de carbonu a escala mundial.<\/span><\/em><\/li>\n<li><em><span style=\"color: #008080\">Implementar estratexes locales d&#8217;adaptaci\u00f3n al camb\u00e9u clim\u00e1ticu, fortaleciendo la xesti\u00f3n de l&#8217;agua.<\/span><\/em><\/li>\n<\/ul>\n<p><strong>L&#8217;agua ye un recursu fundamental que sofita la vida nel n<\/strong><strong>uesu planeta<\/strong>. Dende los oc\u00e9anos hasta los r\u00edos y los llagos, l&#8217;agua ye indispensable para&#8217;l bienestar humano, l&#8217;agricultura, la industria y los ecosistemes. Sicas\u00ed, a pesar de la so vital importancia, la xesti\u00f3n sostenible de l&#8217;agua enfrenta numberosos desaf\u00edos, como la escasez, la contaminaci\u00f3n y la sobresplotaci\u00f3n de los recursos h\u00eddricos.<\/p>\n<p><strong>L&#8217;agua ye unu de los compuestos m\u00e1s comunes nel nuesu universu.<\/strong> Ye esencial para la vida en tolos niveles, dende les c\u00e9lules individuales hasta los ecosistemes completos. A nivel microsc\u00f3picu, los seres vivos dependen de l&#8217;agua para regular la so temperatura corporal, caltener la hidrataci\u00f3n y realizar los procesos fisiol\u00f3xicos vitales para la so supervivencia.<\/p>\n<p>Para los seres humanos sobremanera, <strong>l&#8217;agua siempres desempe\u00f1\u00f3 un papel fundamental para&#8217;l so desenvolvimientu y evoluci\u00f3n<\/strong>. Les primeres civilizaciones, por casu, buscaben establecese barganal de fontes d&#8217;agua duce coles mires d&#8217;aprovechar les sos propiedaes para l&#8217;agricultura, la hixene, el tresporte y la producci\u00f3n d&#8217;alimentos. De magar, la vida cotidiana de les persones siempres xir\u00f3 en redol al accesu a l&#8217;agua, lo que lo convirti\u00f3 nun recursu vital para&#8217;l progresu de la humanid\u00e1.<\/p>\n<p>Antes de celebrar el D\u00eda Mundial de l&#8217;Agua, ye importante cavilgar sobre los oxetivos de dedicar una fecha esclusiva a esti recursu b\u00e1sicu ya insustituible. La ONU-Agua, mecanismu de coordinaci\u00f3n interinstitucional de les Naciones Xun\u00edes en materia d&#8217;agua y saneamientu, define esti d\u00eda como una oportunid\u00e1 pa \u201ccelebrar l&#8217;agua y crear concencia sobre les persones que viven ensin accesu a agua potable\u201d. Tr\u00e1tase tami\u00e9n de tomar mid\u00edes concretes pa encetar la crisis mundial de l&#8217;agua y sofitar la consecuci\u00f3n del <strong>Oxetivu de Desenvolvimientu Sostenible 6 de cara a 2030.<\/strong><\/p>\n<p style=\"text-align: center\"><a href=\"https:\/\/images.theconversation.com\/files\/548297\/original\/file-20230914-4201-yogj0f.jpg?ixlib=rb-4.1.0&amp;q=45&amp;auto=format&amp;w=1000&amp;fit=clip\"><img loading=\"lazy\" decoding=\"async\" class=\"aligncenter size-large\" src=\"https:\/\/images.theconversation.com\/files\/548297\/original\/file-20230914-4201-yogj0f.jpg?ixlib=rb-4.1.0&amp;q=45&amp;auto=format&amp;w=1000&amp;fit=clip\" width=\"1000\" height=\"750\" \/><\/a><\/p>\n<p>Nuna acci\u00f3n global, l&#8217;Asamblea Xeneral tami\u00e9n estableci\u00f3 una serie d&#8217;oxetivos de cara a 2028. Nel contestu del actual Deceniu Internacional pa l&#8217;Acci\u00f3n \u201cL&#8217;agua, fonte de desenvolvimientu sostenible\u201d (2018-2028), robl\u00e1u en 2016, b\u00fascase reforzar la cooperaci\u00f3n internacional p&#8217;avanzar nos oxetivos y metes rellacionaos cola agua. Unu d&#8217;estos esfuerzos traduci\u00f3se na Conferencia de les Naciones Xun\u00edes sobre l&#8217;Agua, celebrada del 22 al 24 de marzu de 2023, en Nueva York, que marc\u00f3&#8217;l primer alcuentru internacional dedic\u00e1u puramente a la cuesti\u00f3n h\u00eddrica en casi 50 a\u00f1os.<\/p>\n<p><strong>Tema del D\u00eda Mundial de l&#8217;Agua 2025. <\/strong><span style=\"color: #008080\"><strong>Angua\u00f1o, el D\u00eda Mundial de l&#8217;Agua enf\u00f3case na tema \u201dCaltenimientu de los glaciares\u201d, faciendo fincapi\u00e9 na importancia del xelu, la nieve y los glaciares nel sistema clim\u00e1ticu y el ciclu de l&#8217;agua y les consecuencies sociales, econ\u00f3miques y medioambientales d&#8217;estos cambeos na criosfera de la Tierr<\/strong><\/span>a. En 2022 l&#8217;Asamblea de les Naciones Xun\u00edes proclamaba por aciu un resolvimientu que l&#8217;a\u00f1u 2025 ser\u00eda l&#8217;A\u00f1u Internacional del Caltenimientu de los Glaciares\u201d, coles mires d&#8217;amosar les repercusiones del *derretimiento aceler\u00e1u de los glaciares, al igual qu&#8217;intercambiar bones pr\u00e1ctiques pa faer frente a esti problema.<\/p>\n<p>Pa entender la so importancia, ye importante primero dar una definici\u00f3n.<strong> Los glaciares son r\u00edos d&#8217;agua conxelaos, esenciales pal ciclu de l&#8217;agua, y\u00e1 que, dexen el fluxu d&#8217;agua duce.<\/strong> Este ye un elementu vital por qu&#8217;haya agua potable, sistemes de saneamientu, pa l&#8217;agricultura y l&#8217;industria, am\u00e1s de la producci\u00f3n d&#8217;enerx\u00eda llimpia. Angua\u00f1o, por motivos variaos como les foles de calor o que cada vez les altes temperatures desag\u00fcen en branos m\u00e1s llargos y n&#8217;iviernos m\u00e1s curtios, los glaciares se derriten m\u00e1s r\u00e1pidu que nunca. Esto podr\u00eda tener consecuencies catastr\u00f3fiques pa los ecosistemes ya inclusive modificar la disponibilid\u00e1 rexonal de l&#8217;agua. Por esto ye importante dedicar esti D\u00eda Mundial de l&#8217;Agua a buscar soluciones a esti cada vez m\u00e1s grande problema.<\/p>\n<p><strong>Conoza los mensaxes claves del D\u00eda Mundial de l&#8217;Agua 2025:<\/strong><\/p>\n<ul>\n<li><span style=\"color: #008080\">\u201cLos glaciares se derriten m\u00e1s r\u00e1pidu que nunca\u201d<\/span>. L&#8217;aumentu de temperatures pol camb\u00e9u clim\u00e1ticu, derrite cada vez m\u00e1s r\u00e1pidu les zones xelaes del nuesu planeta y fai al ciclu de l&#8217;agua cada vez m\u00e1s impredicible y estremu.<\/li>\n<li><span style=\"color: #008080\">\u00abEl retrocesu de los glaciares amenacia con provocar devastaci\u00f3n<\/span>\u201d. Los cambeos nel ciclu de l&#8217;agua que provoquen crec\u00edes, seques, deslizamientos de tierra, xubida del nivel del mar y da\u00f1os a ecosistemes, afecten a miles de persones alredor del mundu<\/li>\n<li><span style=\"color: #008080\">\u201cEl caltenimientu de los glaciares ye una estratexa de supervivencia\u201d<\/span>. Hai que trabayar xuntos p&#8217;amenorgar les emisiones de gases d&#8217;efectu invernaderu y xestionar de forma sostenible y m\u00e1s eficiente pa les persones l&#8217;agua del destemple.<\/li>\n<\/ul>\n<p style=\"text-align: left\"><a href=\"https:\/\/www.fundacionaquae.org\/wp-content\/uploads\/2021\/02\/infoagua-01-768x1086.jpg.webp\"><img loading=\"lazy\" decoding=\"async\" class=\"aligncenter size-large\" src=\"https:\/\/www.fundacionaquae.org\/wp-content\/uploads\/2021\/02\/infoagua-01-768x1086.jpg.webp\" width=\"768\" height=\"1086\" \/><\/a><strong>L&#8217;agua na Axenda 2030 pal desenvolvimientu sostenibl<\/strong>e. L&#8217;agua ye un elementu clave na Axenda 2030 pal desenvolvimientu sostenible, un plan d&#8217;acci\u00f3n a favor de les persones y el planeta que foi aprob\u00e1u por tolos Estaos miembros de la ONU en 2015. Dientro d&#8217;esta Axenda, esmolec\u00e9monos n&#8217;especial pol Oxetivu de Desenvolvimientu Sostenible 6 (ODS 6), sol nome <strong>\u201cAgua llimpia y saneamientu\u201d<\/strong>, que busca garantizar la disponibilid\u00e1 y la xesti\u00f3n sostenible de l&#8217;agua y el saneamientu pa toos.<\/p>\n<p><strong>Reconociendo la vital importancia de l&#8217;agua pa la vida, la sal\u00fa y el bienestar humano, seg\u00fan pal funcionamientu de los ecosistemes<\/strong>, l&#8217;ODS 6 enceta desaf\u00edos claves como la escasez h\u00eddrica, la contaminaci\u00f3n de l&#8217;agua y la falta d&#8217;accesu a servicios b\u00e1sicos de saneamientu. Combatir esta realid\u00e1 ye l&#8217;oxetivu primordial d&#8217;esti ODS, que llama a l&#8217;acci\u00f3n a tolos sectores pa promover pr\u00e1ctiques de gobernanza responsables que garanticen una xesti\u00f3n equitativa y eficiente de los recursos h\u00eddricos.<\/p>\n<p style=\"text-align: center\">\n<!-- iframe plugin v.6.0 wordpress.org\/plugins\/iframe\/ -->\n<iframe loading=\"lazy\" width=\"100%\" height=\"387\" src=\"https:\/\/www.youtube.com\/embed\/OLbItHWAY6w\" title=\"D\u00cdA MUNDIAL DEL AGUA 2025\" frameborder=\"0\" allow=\"accelerometer; autoplay; clipboard-write; encrypted-media; gyroscope; picture-in-picture; web-share\" referrerpolicy=\"strict-origin-when-cross-origin\" 0=\"allowfullscreen\" 1=\"\/iframe\" scrolling=\"yes\" class=\"iframe-class\"><\/iframe>\n<\/p>\n<p>&nbsp;<\/p>\n","protected":false},"excerpt":{"rendered":"<p>Angua\u00f1o, el D\u00eda Mundial de l&#8217;Agua enf\u00f3case nel tema \u201dCaltenimientu de los glaciares\u201d, faciendo fincapi\u00e9 na importancia del xelu, la nieve y los glaciares nel sistema clim\u00e1ticu y el ciclu de l&#8217;agua y les consecuencies sociales, econ\u00f3miques y medioambientales d&#8217;estos cambeos na criosfera de la Tierra. Jeremy Bishop El l so principal oxetivu ye xenerar [&hellip;]<\/p>\n","protected":false},"author":117,"featured_media":0,"comment_status":"open","ping_status":"open","sticky":false,"template":"","format":"standard","meta":{"footnotes":""},"categories":[245,6],"tags":[],"class_list":["post-44413","post","type-post","status-publish","format-standard","hentry","category-agua","category-dia-de"],"_links":{"self":[{"href":"https:\/\/edublog.educastur.es\/ixuxu\/wp-json\/wp\/v2\/posts\/44413","targetHints":{"allow":["GET"]}}],"collection":[{"href":"https:\/\/edublog.educastur.es\/ixuxu\/wp-json\/wp\/v2\/posts"}],"about":[{"href":"https:\/\/edublog.educastur.es\/ixuxu\/wp-json\/wp\/v2\/types\/post"}],"author":[{"embeddable":true,"href":"https:\/\/edublog.educastur.es\/ixuxu\/wp-json\/wp\/v2\/users\/117"}],"replies":[{"embeddable":true,"href":"https:\/\/edublog.educastur.es\/ixuxu\/wp-json\/wp\/v2\/comments?post=44413"}],"version-history":[{"count":10,"href":"https:\/\/edublog.educastur.es\/ixuxu\/wp-json\/wp\/v2\/posts\/44413\/revisions"}],"predecessor-version":[{"id":44704,"href":"https:\/\/edublog.educastur.es\/ixuxu\/wp-json\/wp\/v2\/posts\/44413\/revisions\/44704"}],"wp:attachment":[{"href":"https:\/\/edublog.educastur.es\/ixuxu\/wp-json\/wp\/v2\/media?parent=44413"}],"wp:term":[{"taxonomy":"category","embeddable":true,"href":"https:\/\/edublog.educastur.es\/ixuxu\/wp-json\/wp\/v2\/categories?post=44413"},{"taxonomy":"post_tag","embeddable":true,"href":"https:\/\/edublog.educastur.es\/ixuxu\/wp-json\/wp\/v2\/tags?post=44413"}],"curies":[{"name":"wp","href":"https:\/\/api.w.org\/{rel}","templated":true}]}}