{"id":44422,"date":"2025-03-22T10:00:05","date_gmt":"2025-03-22T08:00:05","guid":{"rendered":"https:\/\/edublog.educastur.es\/ixuxu\/?p=44422"},"modified":"2025-03-22T14:44:35","modified_gmt":"2025-03-22T12:44:35","slug":"44422","status":"publish","type":"post","link":"https:\/\/edublog.educastur.es\/ixuxu\/2025\/03\/44422\/","title":{"rendered":"Cultura convoca siete premios lliterarios y art\u00edsticos n\u2019asturianu y n\u2019eonaviegu \u00a0"},"content":{"rendered":"<p style=\"text-align: center\"><a href=\"https:\/\/actualidad.asturias.es\/documents\/537115\/2447795\/premios+cultura.jpg\/17fd8213-99a7-0ca7-96e0-9caa27f7c56b?t=1742574086733\"><img loading=\"lazy\" decoding=\"async\" class=\"aligncenter size-large\" src=\"https:\/\/actualidad.asturias.es\/documents\/537115\/2447795\/premios+cultura.jpg\/17fd8213-99a7-0ca7-96e0-9caa27f7c56b?t=1742574086733\" width=\"960\" height=\"768\" \/><\/a><\/p>\n<h1><\/h1>\n<ul>\n<li class=\"Entradilla\"><em>El Princip\u00e1u apoya les obres lliteraries, teatrales y guiones cinematogr\u00e1ficos nes lling\u00fces propies d\u2019Asturies, asina como la interpretaci\u00f3n tradicional de la canci\u00f3n asturiana<\/em><\/li>\n<li class=\"Entradilla\"><em>El plazu pa presentar les solicit\u00faes acaba\u2019l 20 d\u2019abril<\/em><\/li>\n<\/ul>\n<p><!--more--><\/p>\n<p>La Conseyer\u00eda de Cultura, Pol\u00edtica Lling\u00fc\u00edstica y Deporte convoc\u00f3 los gallardones lliterarios y art\u00edsticos que distinguen les meyores obres en llingua asturiana y n\u2019eonaviegu en siete disciplines. Les bases de los premios colos que Cultura apuesta pol usu y promoci\u00f3n de les lling\u00fces propies del Princip\u00e1u, public\u00e1ronse g\u00fcei nel Bolet\u00edn Oficial del Princip\u00e1u d\u2019Asturies (Bopa).<\/p>\n<p>El plazu pa presentar les creaciones lliterarias y art\u00edstiques va permanecer abiertu 30 d\u00edes naturales, hasta\u2019l 20 d\u2019abril. Estos son los reconocimientos convocaos pol Gobiernu d\u2019Asturies:<\/p>\n<p class=\"Subttulo1\"><strong>II Premiu Obdulia \u00c1lvarez \u201cLa Busdonga\u201d d\u2019Asturianada<\/strong><\/p>\n<p>Puede concurrir cualquier persona que teniendo participao na categor\u00eda femenina, masculina o moza (hasta 22 a\u00f1os) de dalg\u00fan de los concursos llocales d\u2019asturianada conse\u00f1aos na resoluci\u00f3n quedaren seleccionaos o seleccionaes ente les seis persones meyor clasificaes de la so categor\u00eda. M\u00e1s informaci\u00f3n en\u00a0<a href=\"https:\/\/acortar.link\/weBmlE\">https:\/\/acortar.link\/weBmlE<\/a><\/p>\n<p class=\"Subttulo1\"><strong>V Premiu \u201cEnriqueta Gonz\u00e1lez Rub\u00edn\u201d de narrativa moza en llingua asturiana<\/strong><\/p>\n<p>Pueden presentase noveles o recopilaciones de cuentos escritos en llingua asturiana, de tema y estructura llibres que seyan in\u00e9dites, con una estensi\u00f3n m\u00ednima de 50 p\u00e1xines, con al menos 100.000 caractares, non premiaes n\u2019otros concursos y escrites por persones menores de 31 a\u00f1os nel momentu del fin de plazu de presentaci\u00f3n de solicit\u00faes. M\u00e1s informaci\u00f3n en\u00a0<a href=\"https:\/\/acortar.link\/vsvdHf\">https:\/\/acortar.link\/vsvdHf<\/a><\/p>\n<p><b>II premiu de \u201cGui\u00f3n Cinematogr\u00e1ficu\u201d en llingua asturiana o n\u2019eonaviegu<\/b><\/p>\n<p>Pueden presentase guiones orixinales y in\u00e9ditos en llingua asturiana o n\u2019eonaviegu pa llargumetraxes de ficci\u00f3n o animaci\u00f3n. Los guiones orixinales y in\u00e9ditos que se presenten nun pueden rodase dende\u2019l momentu de la presentaci\u00f3n na correspondiente convocatoria hasta la resoluci\u00f3n. M\u00e1s informaci\u00f3n en\u00a0<a href=\"https:\/\/acortar.link\/WDrpwL\">https:\/\/acortar.link\/WDrpwL<\/a><\/p>\n<p><b>V Premiu \u201cFlorina Al\u00edas\u201d a la meyor traducci\u00f3n al asturianu<\/b><\/p>\n<p>Tr\u00e1tase d\u2019un reconocimientu a la meyor traducci\u00f3n al asturianu d\u2019obres orixinales escrites nuna llingua diferente de la castellana o del eonaviegu editada (en formatu papel o dixital) y difundida nel a\u00f1u 2024. M\u00e1s informaci\u00f3n en\u00a0<a href=\"https:\/\/acortar.link\/MjHt1O\">https:\/\/acortar.link\/MjHt1O<\/a><\/p>\n<p><b>II Premiu \u201cPach\u00edn de Mel\u00e1s\u201d de testos teatrales en llingua asturiana<\/b><\/p>\n<p><b>\u00a0<\/b>Pueden concurrir obres teatrales orixinales escritas en llingua asturiana y que puedan ser representaes con una duraci\u00f3n comprendida ente 50 y 90 minutos. Va poder presentase un \u00fanicu testu teatral o un conxuntu de pieces breves. M\u00e1s informaci\u00f3n en\u00a0<a href=\"https:\/\/acortar.link\/k9rNfN\">https:\/\/acortar.link\/k9rNfN<\/a><\/p>\n<p><b>XVII Edici\u00f3n del<\/b>\u00a0<b>\u201cPremiu al Meyor Cantar Camaret\u00e1\u201d<\/b>.<\/p>\n<p>Pueden participar m\u00fasicos solistes o que formen parte d\u2019un grupu musical con un cantar con lletra en llingua asturiana o eonaviegu que fuera editada y difundida a lo llargo del 2024 y hasta la fecha de la convocatoria. M\u00e1s informaci\u00f3n en\u00a0<a href=\"https:\/\/acortar.link\/ub6IVV\">https:\/\/acortar.link\/ub6IVV<\/a><\/p>\n<p><b>IX Premiu \u201cNel Amaro\u201d de teatru profesional en llingua asturiana o en gallego-asturianu o eonaviegu<\/b>.<\/p>\n<p>Pueden presentase empreses del sector profesional dedicaes a la producci\u00f3n y representaci\u00f3n d\u2019espect\u00e1culos teatrales con obres y\u00e1 estrenaes y representaes en llingua asturiana o eonaviegu. M\u00e1s informaci\u00f3n en\u00a0<a href=\"https:\/\/acortar.link\/43wTl6\">https:\/\/acortar.link\/43wTl6<\/a><\/p>\n","protected":false},"excerpt":{"rendered":"<p>El Princip\u00e1u apoya les obres lliteraries, teatrales y guiones cinematogr\u00e1ficos nes lling\u00fces propies d\u2019Asturies, asina como la interpretaci\u00f3n tradicional de la canci\u00f3n asturiana El plazu pa presentar les solicit\u00faes acaba\u2019l 20 d\u2019abril<\/p>\n","protected":false},"author":117,"featured_media":0,"comment_status":"open","ping_status":"open","sticky":false,"template":"","format":"standard","meta":{"footnotes":""},"categories":[38,31,66,58],"tags":[],"class_list":["post-44422","post","type-post","status-publish","format-standard","hentry","category-cultura","category-llingua","category-politica-llinguistica","category-premios"],"_links":{"self":[{"href":"https:\/\/edublog.educastur.es\/ixuxu\/wp-json\/wp\/v2\/posts\/44422","targetHints":{"allow":["GET"]}}],"collection":[{"href":"https:\/\/edublog.educastur.es\/ixuxu\/wp-json\/wp\/v2\/posts"}],"about":[{"href":"https:\/\/edublog.educastur.es\/ixuxu\/wp-json\/wp\/v2\/types\/post"}],"author":[{"embeddable":true,"href":"https:\/\/edublog.educastur.es\/ixuxu\/wp-json\/wp\/v2\/users\/117"}],"replies":[{"embeddable":true,"href":"https:\/\/edublog.educastur.es\/ixuxu\/wp-json\/wp\/v2\/comments?post=44422"}],"version-history":[{"count":2,"href":"https:\/\/edublog.educastur.es\/ixuxu\/wp-json\/wp\/v2\/posts\/44422\/revisions"}],"predecessor-version":[{"id":44424,"href":"https:\/\/edublog.educastur.es\/ixuxu\/wp-json\/wp\/v2\/posts\/44422\/revisions\/44424"}],"wp:attachment":[{"href":"https:\/\/edublog.educastur.es\/ixuxu\/wp-json\/wp\/v2\/media?parent=44422"}],"wp:term":[{"taxonomy":"category","embeddable":true,"href":"https:\/\/edublog.educastur.es\/ixuxu\/wp-json\/wp\/v2\/categories?post=44422"},{"taxonomy":"post_tag","embeddable":true,"href":"https:\/\/edublog.educastur.es\/ixuxu\/wp-json\/wp\/v2\/tags?post=44422"}],"curies":[{"name":"wp","href":"https:\/\/api.w.org\/{rel}","templated":true}]}}