{"id":44425,"date":"2025-03-22T13:10:18","date_gmt":"2025-03-22T11:10:18","guid":{"rendered":"https:\/\/edublog.educastur.es\/ixuxu\/?p=44425"},"modified":"2025-03-23T13:11:31","modified_gmt":"2025-03-23T11:11:31","slug":"retiren-el-cartelu-contad-con-nos-del-huca","status":"publish","type":"post","link":"https:\/\/edublog.educastur.es\/ixuxu\/2025\/03\/retiren-el-cartelu-contad-con-nos-del-huca\/","title":{"rendered":"Homenaxe a los sanitarios del Covid nel HUCA"},"content":{"rendered":"<ul>\n<li>Fonte: <a href=\"https:\/\/actualidad.asturias.es\/-\/concepci\u00f3n-saavedra-en-el-homenaje-a-los-sanitarios-del-covid-el-m\u00e9rito-de-lo-que-hicimos-es-estrictamente-colectivo-?redirect=%2Fnoticias\">Actualidad Asturies<\/a> \/<\/li>\n<\/ul>\n<p style=\"text-align: center\"><a href=\"https:\/\/actualidad.asturias.es\/documents\/537115\/2448196\/202503_21+consejera+salud+homenaje+covid+4.jpeg\/ada57c18-3371-dd15-ce97-a66a36a9b53b?t=1742575236488\"><img loading=\"lazy\" decoding=\"async\" class=\"aligncenter \" src=\"https:\/\/actualidad.asturias.es\/documents\/537115\/2448196\/202503_21+consejera+salud+homenaje+covid+4.jpeg\/ada57c18-3371-dd15-ce97-a66a36a9b53b?t=1742575236488\" width=\"672\" height=\"375\" \/><\/a><\/p>\n<p>La conseyera de Sal\u00fa, Concepci\u00f3n Saavedra, particip\u00f3 nel actu institucional de retirada de la lona que, col lema Cunt\u00e1i con @nosotr@s, <strong>instalose na entrada d&#8217;Urxencies del Hospital Universitariu Central d&#8217;Asturies (HUCA)<\/strong> nel entamu de la pandemia de Covid y que g\u00fcei foi sustituyida por una placa col mesmu mensaxe.<\/p>\n<p><!--more--><\/p>\n<p>\u201cEl m\u00e9ritu de lo que fiximos ye puramente colectivu\u201d, asegur\u00f3 Saavedra mientres l&#8217;eventu, nel que tami\u00e9n tuvieron presentes la conseyera de Derechos Sociales y Bienestar, Marta del Arcu;el xerente del Serviciu de Sal\u00fa del Princip\u00e1u d&#8217;Asturies, Aquilino Alonso; elexconsejero de Sal\u00fa, Pablo Fern\u00e1ndez, y la xerente de la \u00e1rea sanitaria IV, Beatriz L\u00f3pez, am\u00e1s de representantes de Protecci\u00f3n Civil, del 112 Asturies, del Serviciu d&#8217;Atenci\u00f3n M\u00e9dica Urxente, de Bomberes d&#8217;Asturies y del Ex\u00e9rcitu.<\/p>\n<p><em>\u201cCada persona, cada grupu profesional, cada categor\u00eda, ca\u00fana de les persones que trabayen nel sistema sanitariu, nes fuerces de segurid\u00e1, cada profesional de Bomberos d&#8217;Asturies, de Protecci\u00f3n Civil, del SAMU, del ex\u00e9rcitu, de la UME, de les empreses que trabayen con n\u00f3s, cada persona que se confin\u00f3, que se qued\u00f3 en casa, que cumpli\u00f3 colo que toles persones esper\u00e1bamos que fixeren, ye una parte esencial d&#8217;esta resultancia colectiva<\/em>\u201d resalt\u00f3.<\/p>\n<p>La Conseyera tami\u00e9n record\u00f3 qu&#8217;ent\u00e1 nos momentos m\u00e1s duros, n&#8217;Asturies<em> \u201cpara cada persona enferma, hab\u00eda un equipu de profesionales que lu atend\u00eda, que se pon\u00eda y quit\u00e1base l&#8217;EPI, que trabay\u00f3 hasta la galdidura para da-yos la meyor atenci\u00f3n posible. Que tuvo qu&#8217;acompa\u00f1ar ese trabayo coles sos medranes. Que volv\u00eda a casa. Que pod\u00eda tener mieu a carecer, a arimar a los sos seres quer\u00edos\u201d.<\/em><\/p>\n<p><span style=\"color: #008080\"><em>\u201cEsta lona que retiramos g\u00fcei apel\u00e1banos a toes y toos. Yera la manifestaci\u00f3n del compromisu d&#8217;unos profesionales qu&#8217;escarec\u00eden de la so principal ferramienta de trabayu: la conocencia. Y que, aun as\u00ed, taben dispuestos a protexenos, a curianos a sananos, a estudiar, a buscar evidencia, a investigar, a desaniciar, a acompa\u00f1ar, a solliviar el dolor, a protexer, a tratar de salvar tolo bono posible de la nuesa anterior forma de vida hasta que llegara la nueva normalid\u00e1\u201d,<\/em><\/span> asegur\u00f3 la Conseyera.<\/p>\n<p>La titular de Sal\u00fa punxo especial \u00e9nfasis a la de valorar el papel de los profesionales del sistema sanitariu al asegurar qu&#8217;una de les ventayes d&#8217;Asturies a la de faer frente a la pandemia foi que \u201ccuntamos con un sistema sanitariu fuerte, bien enllant\u00e1u nel territoriu, sofit\u00e1u por una ciudadan\u00eda que lo sofita, defender como propiu, es\u00edxenos y financiar colos sos impuestos, porque un sistema que nun ser\u00eda nada ensin los sos profesionales\u201d.<\/p>\n<p>&nbsp;<\/p>\n<p style=\"text-align: center\"><a href=\"https:\/\/actualidad.asturias.es\/documents\/537115\/2448196\/202503_21+consejera+salud+homenaje+covid+3.jpeg\/65f3a47a-423c-ddfa-7ac5-a51042858c87?t=1742575236426\"><img loading=\"lazy\" decoding=\"async\" class=\"aligncenter size-large\" src=\"https:\/\/actualidad.asturias.es\/documents\/537115\/2448196\/202503_21+consejera+salud+homenaje+covid+3.jpeg\/65f3a47a-423c-ddfa-7ac5-a51042858c87?t=1742575236426\" width=\"1832\" height=\"956\" \/><\/a><\/p>\n<p><span style=\"color: #008080\"><strong>\u201cToles persones xun\u00edes faciendo xuntos pequenes coses vamos ser capaces de consiguir un mundu meyor. Pa ello, cunt\u00e1i con n\u00f3s, cunt\u00e1i con n\u00f3s\u201d<\/strong><\/span>, concluy\u00f3.<\/p>\n<p style=\"text-align: center\"><a href=\"https:\/\/actualidad.asturias.es\/documents\/537115\/2448261\/202503_21+consejera+salud+homenaje+covid+2.jpeg\/4da18510-ff84-2720-f9df-b382d1526db1?t=1742576388863\"><img loading=\"lazy\" decoding=\"async\" class=\"aligncenter size-large\" src=\"https:\/\/actualidad.asturias.es\/documents\/537115\/2448261\/202503_21+consejera+salud+homenaje+covid+2.jpeg\/4da18510-ff84-2720-f9df-b382d1526db1?t=1742576388863\" width=\"1658\" height=\"915\" \/><\/a><\/p>\n","protected":false},"excerpt":{"rendered":"<p>Fonte: Actualidad Asturies \/ La conseyera de Sal\u00fa, Concepci\u00f3n Saavedra, particip\u00f3 nel actu institucional de retirada de la lona que, col lema Cunt\u00e1i con @nosotr@s, instalose na entrada d&#8217;Urxencies del Hospital Universitariu Central d&#8217;Asturies (HUCA) nel entamu de la pandemia de Covid y que g\u00fcei foi sustituyida por una placa col mesmu mensaxe.<\/p>\n","protected":false},"author":117,"featured_media":0,"comment_status":"open","ping_status":"open","sticky":false,"template":"","format":"standard","meta":{"footnotes":""},"categories":[140,48],"tags":[],"class_list":["post-44425","post","type-post","status-publish","format-standard","hentry","category-covid-19","category-salu"],"_links":{"self":[{"href":"https:\/\/edublog.educastur.es\/ixuxu\/wp-json\/wp\/v2\/posts\/44425","targetHints":{"allow":["GET"]}}],"collection":[{"href":"https:\/\/edublog.educastur.es\/ixuxu\/wp-json\/wp\/v2\/posts"}],"about":[{"href":"https:\/\/edublog.educastur.es\/ixuxu\/wp-json\/wp\/v2\/types\/post"}],"author":[{"embeddable":true,"href":"https:\/\/edublog.educastur.es\/ixuxu\/wp-json\/wp\/v2\/users\/117"}],"replies":[{"embeddable":true,"href":"https:\/\/edublog.educastur.es\/ixuxu\/wp-json\/wp\/v2\/comments?post=44425"}],"version-history":[{"count":4,"href":"https:\/\/edublog.educastur.es\/ixuxu\/wp-json\/wp\/v2\/posts\/44425\/revisions"}],"predecessor-version":[{"id":44429,"href":"https:\/\/edublog.educastur.es\/ixuxu\/wp-json\/wp\/v2\/posts\/44425\/revisions\/44429"}],"wp:attachment":[{"href":"https:\/\/edublog.educastur.es\/ixuxu\/wp-json\/wp\/v2\/media?parent=44425"}],"wp:term":[{"taxonomy":"category","embeddable":true,"href":"https:\/\/edublog.educastur.es\/ixuxu\/wp-json\/wp\/v2\/categories?post=44425"},{"taxonomy":"post_tag","embeddable":true,"href":"https:\/\/edublog.educastur.es\/ixuxu\/wp-json\/wp\/v2\/tags?post=44425"}],"curies":[{"name":"wp","href":"https:\/\/api.w.org\/{rel}","templated":true}]}}