{"id":44430,"date":"2025-03-21T09:00:32","date_gmt":"2025-03-21T07:00:32","guid":{"rendered":"https:\/\/edublog.educastur.es\/ixuxu\/?p=44430"},"modified":"2025-03-24T19:32:27","modified_gmt":"2025-03-24T17:32:27","slug":"selmana-de-la-poesia-na-tpa","status":"publish","type":"post","link":"https:\/\/edublog.educastur.es\/ixuxu\/2025\/03\/selmana-de-la-poesia-na-tpa\/","title":{"rendered":"Selmana de la poes\u00eda na TPA"},"content":{"rendered":"<p style=\"text-align: center\">Fonte:<a href=\"https:\/\/www.rtpa.es\/semana-poesia-2025?sfnsn=scwspwa&amp;fbclid=IwY2xjawJLkhJleHRuA2FlbQIxMQABHXX-NGuNvSUYnTsF1ip31OJ9aOw2ILdaehwW4iiSzesA-Yy0FWpmIBNzog_aem_NRttLp0K9oW0qv1kq-Gsow\"> TPA<\/a>\/<\/p>\n<p style=\"text-align: center\"><a href=\"https:\/\/www.rtpa.es\/v3_img\/venti-poemes\/cabecera-poesia-escritorio.webp\"><img loading=\"lazy\" decoding=\"async\" class=\"aligncenter \" src=\"https:\/\/www.rtpa.es\/v3_img\/venti-poemes\/cabecera-poesia-escritorio.webp\" width=\"845\" height=\"96\" \/><\/a><\/p>\n<p>&nbsp;<\/p>\n<div class=\"row\">\n<div class=\" col-lg-12 col-xs-12 parragraph-padding\">\n<div class=\"parragraph-padding text-align-c margin-t-20 margin-b-10\">\n<h2 style=\"text-align: center\"><a href=\"https:\/\/www.rtpa.es\/\/v3_img\/venti-poemes\/banner-poesia-yes-tu.webp\"><img loading=\"lazy\" decoding=\"async\" class=\"aligncenter size-large\" src=\"https:\/\/www.rtpa.es\/\/v3_img\/venti-poemes\/banner-poesia-yes-tu.webp\" width=\"1024\" height=\"288\" \/><\/a><\/h2>\n<\/div>\n<\/div>\n<\/div>\n<p class=\"color-b-060\" style=\"text-align: center\"><span style=\"font-size: 20px\"><strong><em><span style=\"color: #008080\">La bayura\/riqueza d\u2019un pueblu m\u00eddese pola cultura que tien<\/span><\/em><\/strong><\/span><br \/>\n<span style=\"font-size: 20px\"><strong><em><span style=\"color: #008080\">Asturies, capital mundial de la poes\u00eda<\/span><\/em><\/strong><\/span><\/p>\n<ol>\n<li><a href=\"https:\/\/rtpa.es\/video:Poesia-yes-tu.-ISABEL-LOBO-HUERTA,-'UNA-CASA'_551742158262.html\"><span class=\"nombre_ni\"><strong>\u00a0\u00abUna casa\u00bb de Berta Pi\u00f1\u00e1n<\/strong><\/span><\/a><span class=\"font-size-m margin-t-30 margin-b-10 font-weight-b\">\/ Isa Lobo\u00a0<\/span><\/li>\n<\/ol>\n<p><!--more--><\/p>\n<div class=\"row margin-t-10 margin-b-40\">\n<div class=\"col-md-6 col-xs-12 parragraph-padding\">\n<ol class=\"lista-numeros\">\n<li><a href=\"https:\/\/rtpa.es\/video:Poesia-yes-tu.-SAI-RUIZ,-'MILLONES-DE-ANOS'_551742160384.html\"><span class=\"nombre_ni\"><strong>\u00a0\u00abMillones de a\u00f1os\u00bb<\/strong><\/span><\/a><span class=\"font-size-m margin-t-30 margin-b-10 font-weight-b\">\/ Sai Ruiz<\/span><\/li>\n<li><a href=\"https:\/\/rtpa.es\/video:Poesia-yes-tu.-SAI-RUIZ,-'ESPACIO-EN-BLANCO'_551742157361.html\"><span class=\"nombre_ni\"><strong>\u00a0\u00abEspacio en blanco\u00bb<\/strong><\/span><\/a><span class=\"font-size-m margin-t-30 margin-b-10 font-weight-b\">\/ Sai Ruiz<\/span><\/li>\n<li><a href=\"https:\/\/rtpa.es\/video:Poesia-yes-tu.-JOSE-LUIS-GARCIA-MARTIN,-'-LO-IMPOSIBLE'_551741859079.html\"><span class=\"nombre_ni\"><strong>\u00a0\u00abLo imposible\u00bb<\/strong><\/span><\/a><span class=\"font-size-m margin-t-30 margin-b-10 font-weight-b\">\/ Jos\u00e9 Luis G. Martin<\/span><\/li>\n<li><a href=\"https:\/\/rtpa.es\/video:Poesia-yes-tu.-JOSE-LUIS-GARCIA-MARTIN,-'ELOGIO-DEL-OLVIDO'_551742162823.html\"><span class=\"nombre_ni\"><strong>\u00a0\u00abElogio del olvido\u00bb<\/strong><\/span><\/a><span class=\"font-size-m margin-t-30 margin-b-10 font-weight-b\">\/ Jos\u00e9 Luis G. Martin<\/span><\/li>\n<li><a href=\"https:\/\/rtpa.es\/video:Poesia-yes-tu.-AGUSTIN-ALONSO-BISCAYAR,-'-MI-VOZ-EN-TU-CUERPO'_551742161075.html\"><span class=\"nombre_ni\"><strong>\u00a0\u00abMi voz en tu cuerpo\u00bb<\/strong><\/span><\/a><span class=\"font-size-m margin-t-30 margin-b-10 font-weight-b\">\/ Agust\u00edn Alonso Biscayar<\/span><\/li>\n<li><a href=\"https:\/\/rtpa.es\/video:Poesia-yes-tu.-AGUSTIN-ALONSO-BISCAYAR,-'OBRA-DE-ARTE'_551741859287.html\"><span class=\"nombre_ni\"><strong>\u00a0\u00abObra de arte\u00bb<\/strong><\/span><\/a><span class=\"font-size-m margin-t-30 margin-b-10 font-weight-b\">\/ Agust\u00edn Alonso Biscayar<\/span><\/li>\n<li><a href=\"https:\/\/rtpa.es\/video:Poesia-yes-tu.-ISMAEL-VILLASOL,-'HERMANA'_551741859115.html\"><span class=\"nombre_ni\"><strong>\u00a0\u00abHermana\u00bb<\/strong><\/span><\/a><span class=\"font-size-m margin-t-30 margin-b-10 font-weight-b\">\/ Ismael Villasol<\/span><\/li>\n<li><a href=\"https:\/\/rtpa.es\/video:Poesia-yes-tu.-ISMAEL-VILLASOL,-'TREN'_551742157983.html\"><span class=\"nombre_ni\"><strong>\u00a0\u00abTren\u00bb<\/strong><\/span><\/a><span class=\"font-size-m margin-t-30 margin-b-10 font-weight-b\">\/ Ismael Villasol<\/span><\/li>\n<li><a href=\"https:\/\/rtpa.es\/video:Poesia-yes-tu.-AURELIO-OVIES,-'-ENTONCES-LA-INOCENCIA'_551742158127.html\"><span class=\"nombre_ni\"><strong>\u00a0\u00abEntonces, la inocencia\u00bb<\/strong><\/span><\/a><span class=\"font-size-m margin-t-30 margin-b-10 font-weight-b\">\/ Aurelio Ovies<\/span><\/li>\n<li><a href=\"https:\/\/rtpa.es\/video:Poesia-yes-tu.--ANGELES-CARBAJAL,-'TORNA'_551742157172.html\"><span class=\"nombre_ni\"><strong>\u00a0\u00abTorna\u00bb<\/strong><\/span><\/a><span class=\"font-size-m margin-t-30 margin-b-10 font-weight-b\">\/ \u00c1ngeles Carbajal<\/span><\/li>\n<li><a href=\"https:\/\/rtpa.es\/video:Poesia-yes-tu.--ENRIQUE-MONGE,-'DIMELO-TU,-AMOR'_551742157518.html\"><span class=\"nombre_ni\"><strong>\u00a0\u00abD\u00edmelo t\u00fa, amor\u00bb<\/strong><\/span><\/a><span class=\"font-size-m margin-t-30 margin-b-10 font-weight-b\">\/ Enrique Monge<\/span><\/li>\n<li><a href=\"https:\/\/rtpa.es\/video:Poesia-yes-tu.-LOURDES-ALVAREZ,-'AL-PIE-D%E2%80%99OBRA'_551742158138.html\"><span class=\"nombre_ni\"><strong>\u00a0\u00abAl pie d&#8217;obra\u00bb<\/strong><\/span><\/a><span class=\"font-size-m margin-t-30 margin-b-10 font-weight-b\">\/ Lourdes \u00c1lvarez<\/span><\/li>\n<li><a href=\"https:\/\/rtpa.es\/video:Poesia-yes-tu.-ANY-PASCUAL,-'SENSIBILIDAD'_551742157553.html\"><span class=\"nombre_ni\"><strong>\u00a0\u00abSensibilidad\u00bb<\/strong><\/span><\/a><span class=\"font-size-m margin-t-30 margin-b-10 font-weight-b\">\/ Any Pascual<\/span><\/li>\n<li><a href=\"https:\/\/rtpa.es\/video:Poesia-yes-tu.-MARCELINO-SUAREZ-FIDALGO,-'ANIMALES-HERIDOS'_551742156456.html\"><span class=\"nombre_ni\"><strong>\u00a0\u00abAnimales heridos\u00bb<\/strong><\/span><\/a><span class=\"font-size-m margin-t-30 margin-b-10 font-weight-b\">\/ Marcelino Su\u00e1rez Fidalgo<\/span><\/li>\n<li><a href=\"https:\/\/rtpa.es\/video:Poesia-yes-tu.-CANI-VIDAL,-'CRECIENDO'_551742157159.html\"><span class=\"nombre_ni\"><strong>\u00a0\u00abCreciendo\u00bb<\/strong><\/span><\/a><span class=\"font-size-m margin-t-30 margin-b-10 font-weight-b\">\/ Cani Vidal<\/span><\/li>\n<li><a href=\"https:\/\/rtpa.es\/video:Poesia-yes-tu.-RUFINO-GARCIA-ALVAREZ,-'-UN-TIPO-MAJO'_551742157984.html\"><span class=\"nombre_ni\"><strong>\u00a0\u00abUn tipo majo\u00bb<\/strong><\/span><\/a><span class=\"font-size-m margin-t-30 margin-b-10 font-weight-b\">\/ Rufino Garc\u00eda \u00c1lvarez<\/span><\/li>\n<li><a href=\"https:\/\/rtpa.es\/video:Poesia-yes-tu.-ESMERALDA-AMIEVA-DEL-RIO,-'SUSPIRO-IBERO'_551742157380.html\"><span class=\"nombre_ni\"><strong>\u00a0\u00abSuspiro ibero\u00bb<\/strong><\/span><\/a><span class=\"font-size-m margin-t-30 margin-b-10 font-weight-b\">\/ Esmeralda Amieva del R\u00edo<\/span><\/li>\n<li><a href=\"https:\/\/rtpa.es\/video:Poesia-yes-tu.-ALICIA-PERTIERRA,-'QUIEN-ME-RECLAMA'_551742156549.html\"><span class=\"nombre_ni\"><strong>\u00a0\u00abQuien me reclama\u00bb<\/strong><\/span><\/a><span class=\"font-size-m margin-t-30 margin-b-10 font-weight-b\">\/ Alicia Pertierra Pertierra<\/span><\/li>\n<li><a href=\"https:\/\/rtpa.es\/video:Poesia-yes-tu.-JOSE-MARIA-ALADRO,-'EL-PUMAR-DEL-GUERTU'_551741859250.html\"><span class=\"nombre_ni\"><strong>\u00a0\u00abEl pumar del g\u00fcertu\u00bb<\/strong><\/span><\/a><span class=\"font-size-m margin-t-30 margin-b-10 font-weight-b\">\/ Jos\u00e9 Mar\u00eda Aladro<\/span><\/li>\n<li><a href=\"https:\/\/rtpa.es\/video:Poesia-yes-tu.-ISABEL-LOBO-HUERTA,-'UNA-CASA'_551742158262.html\"><span class=\"nombre_ni\"><strong>\u00a0\u00abUna casa\u00bb<\/strong><\/span><\/a><span class=\"font-size-m margin-t-30 margin-b-10 font-weight-b\">\/ Isabel Lobo Huerta<\/span><\/li>\n<li><a href=\"https:\/\/rtpa.es\/video:Poesia-yes-tu.--YCIAR-RODRIGUEZ-BERNARDO,-'CUANDO'_551742157527.html\"><span class=\"nombre_ni\"><strong>\u00a0\u00abCuando\u00bb<\/strong><\/span><\/a><span class=\"font-size-m margin-t-30 margin-b-10 font-weight-b\">\/ Yc\u00edar Rodr\u00edguez Bernardo<\/span><\/li>\n<li><a href=\"https:\/\/rtpa.es\/video:Poesia-yes-tu.--JAVIER-GAMEZ,-'CAMPO-DE-BAEZA'_551741859172.html\"><span class=\"nombre_ni\"><strong>\u00a0\u00abCampo de Baeza\u00bb<\/strong><\/span><\/a><span class=\"font-size-m margin-t-30 margin-b-10 font-weight-b\">\/ Javier G\u00e1mez<\/span><\/li>\n<li><a href=\"https:\/\/rtpa.es\/video:Poesia-yes-tu.-ALFREDO-GARAY-MENENDEZ,-'ENTRUGUES'_551741859201.html\"><span class=\"nombre_ni\"><strong>\u00a0\u00abEntrugues\u00bb<\/strong><\/span><\/a><span class=\"font-size-m margin-t-30 margin-b-10 font-weight-b\">\/ Alfredo Garay Men\u00e9ndez<\/span><\/li>\n<\/ol>\n<\/div>\n<div class=\"col-md-6 col-xs-12 parragraph-padding\">\n<ol class=\"lista-numeros\" start=\"24\">\n<li><a href=\"https:\/\/rtpa.es\/video:Poesia-yes-tu.-MANUEL-GARCIA-ESTADELLA,-'ALEGRIAS-Y-SUENOS'_551742156365.html\"><span class=\"nombre_ni\"><strong>\u00a0\u00abAlegr\u00edas y sue\u00f1os\u00bb<\/strong><\/span><\/a><span class=\"font-size-m margin-t-30 margin-b-10 font-weight-b\">\/ Manuel Garc\u00eda Estadella<\/span><\/li>\n<li><a href=\"https:\/\/rtpa.es\/video:Poesia-yes-tu.-MARIA-DOLORES-CASTRO-NOVOA,-'DIME'_551742157406.html\"><span class=\"nombre_ni\"><strong>\u00a0\u00abDime\u00bb<\/strong><\/span><\/a><span class=\"font-size-m margin-t-30 margin-b-10 font-weight-b\">\/ M\u00aa Dolores Castro Novoa<\/span><\/li>\n<li><a href=\"https:\/\/rtpa.es\/video:Poesia-yes-tu.-ASUN-MONSALVE,-'%C2%BFCOMO-IBA-YO-A-SABER'_551742156960.html\"><span class=\"nombre_ni\"><strong>\u00a0\u00abC\u00f3mo iba yo a saber\u00bb<\/strong><\/span><\/a><span class=\"font-size-m margin-t-30 margin-b-10 font-weight-b\">\/ Asun Monsalve<\/span><\/li>\n<li><a href=\"https:\/\/rtpa.es\/video:Poesia-yes-tu.-YURISAN-MENENDEZ-NAVARRO,-'CAMBIAR-EL-RUMBO'_551742156358.html\"><span class=\"nombre_ni\"><strong>\u00a0\u00abCambiar el rumbo\u00bb<\/strong><\/span><\/a><span class=\"font-size-m margin-t-30 margin-b-10 font-weight-b\">\/ Yurisan Men\u00e9ndez Navarro<\/span><\/li>\n<li><a href=\"https:\/\/rtpa.es\/video:Poesia-yes-tu.-NIEVES-IGLESIAS-DE-LA-RIVA,-'LA-ETERNA-NOVEDAD-DEL-MAR'_551742156342.html\"><span class=\"nombre_ni\"><strong>\u00a0\u00abLa eterna novedad del mar\u00bb<\/strong><\/span><\/a><span class=\"font-size-m margin-t-30 margin-b-10 font-weight-b\">\/ Nieves Iglesias de la Riva<\/span><\/li>\n<li><a href=\"https:\/\/rtpa.es\/video:Poesia-yes-tu.-CARMEN-SANCHEZ-ALVAREZ,-'EL-SILENCIO-ERA-EL-PAISAJE'_551742157416.html\"><span class=\"nombre_ni\"><strong>\u00a0\u00abEl silencio era el paisaje\u00bb<\/strong><\/span><\/a><span class=\"font-size-m margin-t-30 margin-b-10 font-weight-b\">\/ Carmen S\u00e1nchez \u00c1lvarez<\/span><\/li>\n<li><a href=\"https:\/\/rtpa.es\/video:Poesia-yes-tu.-CARMEN-SANCHEZ-ALVAREZ,-'EL-OFICIO-DE-ESCRITOR'_551742160301.html\"><span class=\"nombre_ni\"><strong>\u00a0\u00abEl oficio de escritor\u00bb<\/strong><\/span><\/a><span class=\"font-size-m margin-t-30 margin-b-10 font-weight-b\">\/ Carmen S\u00e1nchez \u00c1lvarez<\/span><\/li>\n<li><a href=\"https:\/\/rtpa.es\/video:Poesia-yes-tu.-MARIA-ESTHER-GARCIA-LOPEZ,-'POSA'_551741859160.html\"><span class=\"nombre_ni\"><strong>\u00a0\u00abPosa\u00bb<\/strong><\/span><\/a><span class=\"font-size-m margin-t-30 margin-b-10 font-weight-b\">\/ Mar\u00eda Esther Garc\u00eda L\u00f3pez<\/span><\/li>\n<li><a href=\"https:\/\/rtpa.es\/video:Poesia-yes-tu.-AMANCIO-PRADA,-'EMBOSCADOS'_551742158412.html\"><span class=\"nombre_ni\"><strong>\u00a0\u00abEmboscados\u00bb<\/strong><\/span><\/a><span class=\"font-size-m margin-t-30 margin-b-10 font-weight-b\">\/ Amancio Prada<\/span><\/li>\n<li><a href=\"https:\/\/rtpa.es\/video:Poesia-yes-tu.-AMANCIO-PRADA,-'CANCION-DE-AMOR-N.%C2%BA-2'_551742157376.html\"><span class=\"nombre_ni\"><strong>\u00a0\u00abCanci\u00f3n de amor N\u00ba2\u00bb<\/strong><\/span><\/a><span class=\"font-size-m margin-t-30 margin-b-10 font-weight-b\">\/ Amancio Prada<\/span><\/li>\n<li><a href=\"https:\/\/rtpa.es\/video:Poesia-yes-tu.-YOLANDA-VIDAL,-LOVING-AUTOMAT_551742156524.html\"><span class=\"nombre_ni\"><strong>\u00a0\u00abLoving &#8216;Automat'\u00bb<\/strong><\/span><\/a><span class=\"font-size-m margin-t-30 margin-b-10 font-weight-b\">\/ Yolanda Vidal<\/span><\/li>\n<li><a href=\"https:\/\/rtpa.es\/video:Poesia-yes-tu.-ARMANDO-VEGA,-'UNA-MUJER-SOLA'_551742157170.html\"><span class=\"nombre_ni\"><strong>\u00a0\u00abUna mujer sola\u00bb<\/strong><\/span><\/a><span class=\"font-size-m margin-t-30 margin-b-10 font-weight-b\">\/ Armando Vega<\/span><\/li>\n<li><a href=\"https:\/\/rtpa.es\/video:Poesia-yes-tu.-ANA-GARCIA-DE-LOZA,-'DE-AMOR-SENORA'_551742158471.html\"><span class=\"nombre_ni\"><strong>\u00a0\u00abDe amor se\u00f1ora\u00bb<\/strong><\/span><\/a><span class=\"font-size-m margin-t-30 margin-b-10 font-weight-b\">\/ Ana Garc\u00eda de Loza<\/span><\/li>\n<li><a href=\"https:\/\/rtpa.es\/video:Poesia-yes-tu.-ALEJANDRA-CALDEVILLA,-'-NO-SE-VIVIR'_551742156544.html\"><span class=\"nombre_ni\"><strong>\u00a0\u00abNo s\u00e9 vivir\u00bb<\/strong><\/span><\/a><span class=\"font-size-m margin-t-30 margin-b-10 font-weight-b\">\/ Alejandra Caldevilla<\/span><\/li>\n<li><a href=\"https:\/\/rtpa.es\/video:Poesia-yes-tu.-YOLANDA-PANEDA-ORNIA,-'EL-CIERVO-MAGICO'_551742157516.html\"><span class=\"nombre_ni\"><strong>\u00a0\u00abEl ciervo m\u00e1gico\u00bb<\/strong><\/span><\/a><span class=\"font-size-m margin-t-30 margin-b-10 font-weight-b\">\/ Yolanda Pa\u00f1eda Ornia<\/span><\/li>\n<li><a href=\"https:\/\/rtpa.es\/video:Poesia-yes-tu.--GELA-ALVAREZ-LORENZO,-'LLUVIA'_551742156390.html\"><span class=\"nombre_ni\"><strong>\u00a0\u00abLluvia\u00bb<\/strong><\/span><\/a><span class=\"font-size-m margin-t-30 margin-b-10 font-weight-b\">\/ Gela \u00c1lvarez Lorenzo<\/span><\/li>\n<li><a href=\"https:\/\/rtpa.es\/video:Poesia-yes-tu.-FLOR-FERNANDEZ-VI%C3%91A,-'RENACER'_551741859055.html\"><span class=\"nombre_ni\"><strong>\u00a0\u00abRenacer\u00bb<\/strong><\/span><\/a><span class=\"font-size-m margin-t-30 margin-b-10 font-weight-b\">\/ Flor Fern\u00e1ndez Vi\u00f1a<\/span><\/li>\n<li><a href=\"https:\/\/rtpa.es\/video:Poesia-yes-tu.-JOSE-LUIS-CARNOTA,-'MARINEROS-DE-TAPIA-DE-CASARIEGO'_551741859217.html\"><span class=\"nombre_ni\"><strong>\u00a0\u00abMarineros de Tapia de Casariego\u00bb<\/strong><\/span><\/a><span class=\"font-size-m margin-t-30 margin-b-10 font-weight-b\">\/ Jos\u00e9 Luis Carnota<\/span><\/li>\n<li><a href=\"https:\/\/rtpa.es\/video:Poesia-yes-tu.-ARANZAZU-RODRIGUEZ-SUAREZ,-'AY,-TRISTEZA'_551742156556.html\"><span class=\"nombre_ni\"><strong>\u00a0\u00abAy, tristeza\u00bb<\/strong><\/span><\/a><span class=\"font-size-m margin-t-30 margin-b-10 font-weight-b\">\/ Ar\u00e1nzazu Rodr\u00edguez Su\u00e1ez<\/span><\/li>\n<li><a href=\"https:\/\/rtpa.es\/video:Poesia-yes-tu.-ARANZAZU-RODRIGUEZ-SUAREZ,-'POETA-NOVEL'_551742157749.html\"><span class=\"nombre_ni\"><strong>\u00a0\u00abPoeta novel\u00bb<\/strong><\/span><\/a><span class=\"font-size-m margin-t-30 margin-b-10 font-weight-b\">\/ Ar\u00e1nzazu Rodr\u00edguez Su\u00e1ez<\/span><\/li>\n<li><a href=\"https:\/\/rtpa.es\/video:Poesia-yes-tu.-AZUCENA-COUSO,-'PARQUE-ESCONDIDO'_551742160167.html\"><span class=\"nombre_ni\"><strong>\u00a0\u00abParque escondido\u00bb<\/strong><\/span><\/a><span class=\"font-size-m margin-t-30 margin-b-10 font-weight-b\">\/ Azucena Couso<\/span><\/li>\n<li><a href=\"https:\/\/rtpa.es\/video:Poesia-yes-tu.-YASMINA-ALVAREZ-MENENDEZ,-'-A-VECES-AL-AMOR'_551742156348.html\"><span class=\"nombre_ni\"><strong>\u00a0\u00abA veces al amor\u2026\u00bb<\/strong><\/span><\/a><span class=\"font-size-m margin-t-30 margin-b-10 font-weight-b\">\/ Yasmina \u00c1lvarez Men\u00e9ndez<\/span><\/li>\n<\/ol>\n<\/div>\n<\/div>\n<p>&nbsp;<\/p>\n<p>La Radio Televisi\u00f3n del Princip\u00e1u d\u2019Asturies (RTPA), altravi\u00e9s de la revista audiovisual de cultura asturiana, Pieces, celebra\u2019l D\u00eda Internacional de la Poes\u00eda con una programaci\u00f3n especial (na televisi\u00f3n y n\u2019internet) na que se prop\u00f3n, a mou d\u2019antolox\u00eda audiovisual y col formatu de p\u00edldores, un rep\u00e1s por dalgunos de los meyores poemes asoleyaos n\u2019Asturies. &#8216;<span style=\"color: #008080\"><strong>Venti Poemes<\/strong><\/span>&#8216; amuesa la calid\u00e1, la bayura y la diversid\u00e1 d\u2019una poes\u00eda, l\u2019asturiana, que tien la suerte de poder espresase en tres idiomes: asturianu, gallegu-asturianu y castell\u00e1n.<\/p>\n<p style=\"text-align: center\"><a href=\"https:\/\/www.rtpa.es\/\/v3_img\/venti-poemes\/banner-venti-poemes.webp\"><img loading=\"lazy\" decoding=\"async\" class=\"aligncenter \" src=\"https:\/\/www.rtpa.es\/\/v3_img\/venti-poemes\/banner-venti-poemes.webp\" width=\"700\" height=\"197\" \/><\/a><\/p>\n<p>&nbsp;<\/p>\n<section>\n<p class=\"color-b-060\">la suerte de poder espresase en tres idiomes: asturianu, gallegu-asturianu y castell\u00e1n.<\/p>\n<div class=\"row margin-t-10\">\n<div class=\"col-md-6 col-xs-12 parragraph-padding\">\n<ol>\n<li><a href=\"https:\/\/rtpa.es\/video:Poemes-Pieces.-JAVIER-GARCIA-RODRIGUEZ-'ESTA-TARDE-HA-DEJADO-DE-HACER-FRIO'_551740592415.html\"><span class=\"nombre_ni\"><strong>\u00a0\u00abEsta tarde ha dejado de hacer fr\u00edo\u00bb<\/strong><\/span><\/a><br \/>\n<span class=\"font-size-m margin-t-30 margin-b-10 font-weight-b\">Javier Garc\u00eda Rodr\u00edguez<\/span><\/li>\n<li><a href=\"https:\/\/rtpa.es\/video:Poemes-Pieces.-XABIERO-CAYARGA-'BOLICHES'_551740592450.html\"><span class=\"nombre_ni\"><strong>\u00a0\u00abBoliches\u00bb<\/strong><\/span><\/a><br \/>\n<span class=\"font-size-m margin-t-30 margin-b-10 font-weight-b\">Xabiero Cayarga<\/span><\/li>\n<li><a href=\"https:\/\/rtpa.es\/video:Poemes-Pieces.-FRUELA-FERNANDEZ-'MEDIDA'_551740592577.html\"><span class=\"nombre_ni\"><strong>\u00a0\u00abMedida\u00bb<\/strong><\/span><\/a><br \/>\n<span class=\"font-size-m margin-t-30 margin-b-10 font-weight-b\">Fruela Fern\u00e1ndez<\/span><\/li>\n<li><a href=\"https:\/\/rtpa.es\/video:Poemes-Pieces.-JOSE-CARLOS-DIAZ-'LUZ'_551740592616.html\"><span class=\"nombre_ni\"><strong>\u00a0\u00abLuz\u00bb<\/strong><\/span><\/a><br \/>\n<span class=\"font-size-m margin-t-30 margin-b-10 font-weight-b\">Jos\u00e9 Carlos D\u00edaz<\/span><\/li>\n<li><a href=\"https:\/\/rtpa.es\/video:Poemes-Pieces.-FERNANDO-MENENDEZ-'PAJAROS-EN-LOS-ESPEJOS...'_551740592654.html\"><span class=\"nombre_ni\"><strong>\u00a0\u00abP\u00e1jaros en los espejos&#8230;\u00bb<\/strong><\/span><\/a><br \/>\n<span class=\"font-size-m margin-t-30 margin-b-10 font-weight-b\">Fernando Men\u00e9ndez<\/span><\/li>\n<li><a href=\"https:\/\/rtpa.es\/video:Poemes-Pieces.-FERNANDO-MENENDEZ-'SELECCION-D'AFORISMOS'_551740592730.html\"><span class=\"nombre_ni\"><strong>\u00a0\u00abSelecci\u00f3n d&#8217;aforismos\u00bb<\/strong><\/span><\/a><br \/>\n<span class=\"font-size-m margin-t-30 margin-b-10 font-weight-b\">Fernando Men\u00e9ndez<\/span><\/li>\n<li><a href=\"https:\/\/rtpa.es\/video:Poemes-Pieces.-ANGELES-CARBAJAL-'LA-FRUTA-PROHIBIO'_551740592757.html\"><span class=\"nombre_ni\"><strong>\u00a0\u00abLa fruta prohib\u00edo\u00bb<\/strong><\/span><\/a><br \/>\n<span class=\"font-size-m margin-t-30 margin-b-10 font-weight-b\">\u00c1ngeles Carbajal<\/span><\/li>\n<li><a href=\"https:\/\/rtpa.es\/video:Poemes-Pieces.-YASMINA-ALVAREZ-'LLEGARA-EL-DIA,-LO-SABEMOS...'_551740592833.html\"><span class=\"nombre_ni\"><strong>\u00a0\u00abLlegar\u00e1 el d\u00eda, lo sabemos&#8230;\u00bb<\/strong><\/span><\/a><br \/>\n<span class=\"font-size-m margin-t-30 margin-b-10 font-weight-b\">Yasmina \u00c1lvarez<\/span><\/li>\n<li><a href=\"https:\/\/rtpa.es\/video:Poemes-Pieces.-BERTA-PINAN-'GOCHOS'_551740592851.html\"><span class=\"nombre_ni\"><strong>\u00a0\u00abGochos\u00bb<\/strong><\/span><\/a><br \/>\n<span class=\"font-size-m margin-t-30 margin-b-10 font-weight-b\">Berta Pi\u00f1\u00e1n<\/span><\/li>\n<li><a href=\"https:\/\/rtpa.es\/video:Poemes-Pieces.-MANOLO-D.-ABAD-'MI-SONRISA'_551740592834.html\"><span class=\"nombre_ni\"><strong>\u00a0\u00abMi sonrisa\u00bb<\/strong><\/span><\/a><br \/>\n<span class=\"font-size-m margin-t-30 margin-b-10 font-weight-b\">Manolo D. Abad<\/span><\/li>\n<\/ol>\n<\/div>\n<div class=\"col-md-6 col-xs-12 parragraph-padding\">\n<ol>\n<li><a href=\"https:\/\/rtpa.es\/video:Poemes-Pieces.-ALEJANDRO-DIAZ-CASTANO-'HERMINIO'_551740592835.html\"><span class=\"nombre_ni\"><strong>\u00a0\u00abHerminio\u00bb<\/strong><\/span><\/a><br \/>\n<span class=\"font-size-m margin-t-30 margin-b-10 font-weight-b\">Alejandro D\u00edaz Casta\u00f1o<\/span><\/li>\n<li><a href=\"https:\/\/rtpa.es\/video:Poemes-Pieces.-VIRGINIA-GIL-'LO-ETERNO'_551740592921.html\"><span class=\"nombre_ni\"><strong>\u00a0\u00abLo eterno\u00bb<\/strong><\/span><\/a><br \/>\n<span class=\"font-size-m margin-t-30 margin-b-10 font-weight-b\">Virginia Gil<\/span><\/li>\n<li><a href=\"https:\/\/rtpa.es\/video:Poemes-Pieces.-RAUL-ALONSO-'ZURUCKKEHREN'_551740592930.html\"><span class=\"nombre_ni\"><strong>\u00a0\u00abZur\u00fcckkehren\u00bb<\/strong><\/span><\/a><br \/>\n<span class=\"font-size-m margin-t-30 margin-b-10 font-weight-b\">Ra\u00fal Alonso<\/span><\/li>\n<li><a href=\"https:\/\/rtpa.es\/video:Poemes-Pieces.-JULIA-NAVAS-'VIDA'_551740592933.html\"><span class=\"nombre_ni\"><strong>\u00a0\u00abVida\u00bb<\/strong><\/span><\/a><br \/>\n<span class=\"font-size-m margin-t-30 margin-b-10 font-weight-b\">Julia Navas<\/span><\/li>\n<li><a href=\"https:\/\/rtpa.es\/video:Poemes-Pieces.-SOFIA-CASTANON-'LA-ENTRUGA-AGORA...'_551740592967.html\"><span class=\"nombre_ni\"><strong>\u00a0\u00abLa entruga agora&#8230;\u00bb<\/strong><\/span><\/a><br \/>\n<span class=\"font-size-m margin-t-30 margin-b-10 font-weight-b\">Sof\u00eda Casta\u00f1\u00f3n<\/span><\/li>\n<li><a href=\"https:\/\/rtpa.es\/video:Poemes-Pieces.-MILIO-URETA-'PROEMIU-H.UERA-DE-SITIU'_551740592972.html\"><span class=\"nombre_ni\"><strong>\u00a0\u00abProemiu h.uera de sitiu\u00bb<\/strong><\/span><\/a><br \/>\n<span class=\"font-size-m margin-t-30 margin-b-10 font-weight-b\">Milio Ureta<\/span><\/li>\n<li><a href=\"https:\/\/rtpa.es\/video:Poemes-Pieces.-ALFREDO-GARAY-'DISTANCIA'_551740592945.html\"><span class=\"nombre_ni\"><strong>\u00a0\u00abDistancia\u00bb<\/strong><\/span><\/a><br \/>\n<span class=\"font-size-m margin-t-30 margin-b-10 font-weight-b\">Alfredo Garay<\/span><\/li>\n<li><a href=\"https:\/\/rtpa.es\/video:Poemes-Pieces.-ANA-VEGA-'EL-CICLO-DE-LA-VIOLENCIA...'_551740592981.html\"><span class=\"nombre_ni\"><strong>\u00a0\u00abEl ciclo de la violencia&#8230;\u00bb<\/strong><\/span><\/a><br \/>\n<span class=\"font-size-m margin-t-30 margin-b-10 font-weight-b\">Ana Vega<\/span><\/li>\n<li><a href=\"https:\/\/rtpa.es\/video:Poemes-Pieces.-ISABEL-MARINA-'EN-EL-RESTAURANTE-DEL-JARDIN'_551740592989.html\"><span class=\"nombre_ni\"><strong>\u00a0\u00abEn el restaurante del jard\u00edn\u00bb<\/strong><\/span><\/a><br \/>\n<span class=\"font-size-m margin-t-30 margin-b-10 font-weight-b\">Isabel Marina<\/span><\/li>\n<li><a href=\"https:\/\/rtpa.es\/video:Poemes-Pieces.-JAVIER-ALMUZARA-'EL-DON-DE-LA-EBRIEDAD'_551740592998.html\"><span class=\"nombre_ni\"><strong>\u00a0\u00abEl don de la ebriedad\u00bb<\/strong><\/span><\/a><br \/>\n<span class=\"font-size-m margin-t-30 margin-b-10 font-weight-b\">Javier Almuzara<\/span><\/li>\n<\/ol>\n<\/div>\n<\/div>\n<\/section>\n<section>\n<div class=\"row\">\n<div class=\"col-xs-12 parragraph-padding\">\n<div><\/div>\n<\/div>\n<div class=\" col-lg-12 col-xs-12 parragraph-padding\">\n<div class=\"parragraph-padding text-align-c margin-t-20 margin-b-10\">\n<h2 style=\"text-align: center\"><a href=\"https:\/\/www.rtpa.es\/\/v3_img\/venti-poemes\/banner-poesia-yes-tu.webp\"><img loading=\"lazy\" decoding=\"async\" class=\"aligncenter size-large\" src=\"https:\/\/www.rtpa.es\/\/v3_img\/venti-poemes\/banner-poesia-yes-tu.webp\" width=\"1024\" height=\"288\" \/><\/a><\/h2>\n<\/div>\n<\/div>\n<\/div>\n<p class=\"color-b-060\" style=\"text-align: center\"><span style=\"font-size: 20px\"><strong><em><span style=\"color: #008080\">La bayura\/riqueza d\u2019un pueblu m\u00eddese pola cultura que tien<\/span><\/em><\/strong><\/span><br \/>\n<span style=\"font-size: 20px\"><strong><em><span style=\"color: #008080\">Asturies, capital mundial de la poes\u00eda<\/span><\/em><\/strong><\/span><\/p>\n<div class=\"row margin-t-10 margin-b-40\">\n<div class=\"col-md-6 col-xs-12 parragraph-padding\">\n<ol class=\"lista-numeros\">\n<li><a href=\"https:\/\/rtpa.es\/video:Poesia-yes-tu.-SAI-RUIZ,-'MILLONES-DE-ANOS'_551742160384.html\"><span class=\"nombre_ni\"><strong>\u00a0\u00abMillones de a\u00f1os\u00bb<\/strong><\/span><\/a><span class=\"font-size-m margin-t-30 margin-b-10 font-weight-b\">\/ Sai Ruiz<\/span><\/li>\n<li><a href=\"https:\/\/rtpa.es\/video:Poesia-yes-tu.-SAI-RUIZ,-'ESPACIO-EN-BLANCO'_551742157361.html\"><span class=\"nombre_ni\"><strong>\u00a0\u00abEspacio en blanco\u00bb<\/strong><\/span><\/a><span class=\"font-size-m margin-t-30 margin-b-10 font-weight-b\">\/ Sai Ruiz<\/span><\/li>\n<li><a href=\"https:\/\/rtpa.es\/video:Poesia-yes-tu.-JOSE-LUIS-GARCIA-MARTIN,-'-LO-IMPOSIBLE'_551741859079.html\"><span class=\"nombre_ni\"><strong>\u00a0\u00abLo imposible\u00bb<\/strong><\/span><\/a><span class=\"font-size-m margin-t-30 margin-b-10 font-weight-b\">\/ Jos\u00e9 Luis G. Martin<\/span><\/li>\n<li><a href=\"https:\/\/rtpa.es\/video:Poesia-yes-tu.-JOSE-LUIS-GARCIA-MARTIN,-'ELOGIO-DEL-OLVIDO'_551742162823.html\"><span class=\"nombre_ni\"><strong>\u00a0\u00abElogio del olvido\u00bb<\/strong><\/span><\/a><span class=\"font-size-m margin-t-30 margin-b-10 font-weight-b\">\/ Jos\u00e9 Luis G. Martin<\/span><\/li>\n<li><a href=\"https:\/\/rtpa.es\/video:Poesia-yes-tu.-AGUSTIN-ALONSO-BISCAYAR,-'-MI-VOZ-EN-TU-CUERPO'_551742161075.html\"><span class=\"nombre_ni\"><strong>\u00a0\u00abMi voz en tu cuerpo\u00bb<\/strong><\/span><\/a><span class=\"font-size-m margin-t-30 margin-b-10 font-weight-b\">\/ Agust\u00edn Alonso Biscayar<\/span><\/li>\n<li><a href=\"https:\/\/rtpa.es\/video:Poesia-yes-tu.-AGUSTIN-ALONSO-BISCAYAR,-'OBRA-DE-ARTE'_551741859287.html\"><span class=\"nombre_ni\"><strong>\u00a0\u00abObra de arte\u00bb<\/strong><\/span><\/a><span class=\"font-size-m margin-t-30 margin-b-10 font-weight-b\">\/ Agust\u00edn Alonso Biscayar<\/span><\/li>\n<li><a href=\"https:\/\/rtpa.es\/video:Poesia-yes-tu.-ISMAEL-VILLASOL,-'HERMANA'_551741859115.html\"><span class=\"nombre_ni\"><strong>\u00a0\u00abHermana\u00bb<\/strong><\/span><\/a><span class=\"font-size-m margin-t-30 margin-b-10 font-weight-b\">\/ Ismael Villasol<\/span><\/li>\n<li><a href=\"https:\/\/rtpa.es\/video:Poesia-yes-tu.-ISMAEL-VILLASOL,-'TREN'_551742157983.html\"><span class=\"nombre_ni\"><strong>\u00a0\u00abTren\u00bb<\/strong><\/span><\/a><span class=\"font-size-m margin-t-30 margin-b-10 font-weight-b\">\/ Ismael Villasol<\/span><\/li>\n<li><a href=\"https:\/\/rtpa.es\/video:Poesia-yes-tu.-AURELIO-OVIES,-'-ENTONCES-LA-INOCENCIA'_551742158127.html\"><span class=\"nombre_ni\"><strong>\u00a0\u00abEntonces, la inocencia\u00bb<\/strong><\/span><\/a><span class=\"font-size-m margin-t-30 margin-b-10 font-weight-b\">\/ Aurelio Ovies<\/span><\/li>\n<li><a href=\"https:\/\/rtpa.es\/video:Poesia-yes-tu.--ANGELES-CARBAJAL,-'TORNA'_551742157172.html\"><span class=\"nombre_ni\"><strong>\u00a0\u00abTorna\u00bb<\/strong><\/span><\/a><span class=\"font-size-m margin-t-30 margin-b-10 font-weight-b\">\/ \u00c1ngeles Carbajal<\/span><\/li>\n<li><a href=\"https:\/\/rtpa.es\/video:Poesia-yes-tu.--ENRIQUE-MONGE,-'DIMELO-TU,-AMOR'_551742157518.html\"><span class=\"nombre_ni\"><strong>\u00a0\u00abD\u00edmelo t\u00fa, amor\u00bb<\/strong><\/span><\/a><span class=\"font-size-m margin-t-30 margin-b-10 font-weight-b\">\/ Enrique Monge<\/span><\/li>\n<li><a href=\"https:\/\/rtpa.es\/video:Poesia-yes-tu.-LOURDES-ALVAREZ,-'AL-PIE-D%E2%80%99OBRA'_551742158138.html\"><span class=\"nombre_ni\"><strong>\u00a0\u00abAl pie d&#8217;obra\u00bb<\/strong><\/span><\/a><br \/>\n<span class=\"font-size-m margin-t-30 margin-b-10 font-weight-b\">Lourdes \u00c1lvarez<\/span><\/li>\n<li><a href=\"https:\/\/rtpa.es\/video:Poesia-yes-tu.-ANY-PASCUAL,-'SENSIBILIDAD'_551742157553.html\"><span class=\"nombre_ni\"><strong>\u00a0\u00abSensibilidad\u00bb<\/strong><\/span><\/a><span class=\"font-size-m margin-t-30 margin-b-10 font-weight-b\">\/ Any Pascual<\/span><\/li>\n<li><a href=\"https:\/\/rtpa.es\/video:Poesia-yes-tu.-MARCELINO-SUAREZ-FIDALGO,-'ANIMALES-HERIDOS'_551742156456.html\"><span class=\"nombre_ni\"><strong>\u00a0\u00abAnimales heridos\u00bb<\/strong><\/span><\/a><span class=\"font-size-m margin-t-30 margin-b-10 font-weight-b\">\/ Marcelino Su\u00e1rez Fidalgo<\/span><\/li>\n<li><a href=\"https:\/\/rtpa.es\/video:Poesia-yes-tu.-CANI-VIDAL,-'CRECIENDO'_551742157159.html\"><span class=\"nombre_ni\"><strong>\u00a0\u00abCreciendo\u00bb<\/strong><\/span><\/a><span class=\"font-size-m margin-t-30 margin-b-10 font-weight-b\">\/ Cani Vidal<\/span><\/li>\n<li><a href=\"https:\/\/rtpa.es\/video:Poesia-yes-tu.-RUFINO-GARCIA-ALVAREZ,-'-UN-TIPO-MAJO'_551742157984.html\"><span class=\"nombre_ni\"><strong>\u00a0\u00abUn tipo majo\u00bb<\/strong><\/span><\/a><span class=\"font-size-m margin-t-30 margin-b-10 font-weight-b\">\/ Rufino Garc\u00eda \u00c1lvarez<\/span><\/li>\n<li><a href=\"https:\/\/rtpa.es\/video:Poesia-yes-tu.-ESMERALDA-AMIEVA-DEL-RIO,-'SUSPIRO-IBERO'_551742157380.html\"><span class=\"nombre_ni\"><strong>\u00a0\u00abSuspiro ibero\u00bb<\/strong><\/span><\/a><span class=\"font-size-m margin-t-30 margin-b-10 font-weight-b\">\/ Esmeralda Amieva del R\u00edo<\/span><\/li>\n<li><a href=\"https:\/\/rtpa.es\/video:Poesia-yes-tu.-ALICIA-PERTIERRA,-'QUIEN-ME-RECLAMA'_551742156549.html\"><span class=\"nombre_ni\"><strong>\u00a0\u00abQuien me reclama\u00bb<\/strong><\/span><\/a><span class=\"font-size-m margin-t-30 margin-b-10 font-weight-b\">\/ Alicia Pertierra Pertierra<\/span><\/li>\n<li><a href=\"https:\/\/rtpa.es\/video:Poesia-yes-tu.-JOSE-MARIA-ALADRO,-'EL-PUMAR-DEL-GUERTU'_551741859250.html\"><span class=\"nombre_ni\"><strong>\u00a0\u00abEl pumar del g\u00fcertu\u00bb<\/strong><\/span><\/a><span class=\"font-size-m margin-t-30 margin-b-10 font-weight-b\">\/ Jos\u00e9 Mar\u00eda Aladro<\/span><\/li>\n<li><a href=\"https:\/\/rtpa.es\/video:Poesia-yes-tu.-ISABEL-LOBO-HUERTA,-'UNA-CASA'_551742158262.html\"><span class=\"nombre_ni\"><strong>\u00a0\u00abUna casa\u00bb<\/strong><\/span><\/a><span class=\"font-size-m margin-t-30 margin-b-10 font-weight-b\">\/ Isabel Lobo Huerta<\/span><\/li>\n<li><a href=\"https:\/\/rtpa.es\/video:Poesia-yes-tu.--YCIAR-RODRIGUEZ-BERNARDO,-'CUANDO'_551742157527.html\"><span class=\"nombre_ni\"><strong>\u00a0\u00abCuando\u00bb<\/strong><\/span><\/a><span class=\"font-size-m margin-t-30 margin-b-10 font-weight-b\">\/ Yc\u00edar Rodr\u00edguez Bernardo<\/span><\/li>\n<li><a href=\"https:\/\/rtpa.es\/video:Poesia-yes-tu.--JAVIER-GAMEZ,-'CAMPO-DE-BAEZA'_551741859172.html\"><span class=\"nombre_ni\"><strong>\u00a0\u00abCampo de Baeza\u00bb<\/strong><\/span><\/a><span class=\"font-size-m margin-t-30 margin-b-10 font-weight-b\">\/ Javier G\u00e1mez<\/span><\/li>\n<li><a href=\"https:\/\/rtpa.es\/video:Poesia-yes-tu.-ALFREDO-GARAY-MENENDEZ,-'ENTRUGUES'_551741859201.html\"><span class=\"nombre_ni\"><strong>\u00a0\u00abEntrugues\u00bb<\/strong><\/span><\/a><span class=\"font-size-m margin-t-30 margin-b-10 font-weight-b\">\/ Alfredo Garay Men\u00e9ndez<\/span><\/li>\n<\/ol>\n<\/div>\n<div class=\"col-md-6 col-xs-12 parragraph-padding\">\n<ol class=\"lista-numeros\" start=\"24\">\n<li><a href=\"https:\/\/rtpa.es\/video:Poesia-yes-tu.-MANUEL-GARCIA-ESTADELLA,-'ALEGRIAS-Y-SUENOS'_551742156365.html\"><span class=\"nombre_ni\"><strong>\u00a0\u00abAlegr\u00edas y sue\u00f1os\u00bb<\/strong><\/span><\/a><span class=\"font-size-m margin-t-30 margin-b-10 font-weight-b\">\/ Manuel Garc\u00eda Estadella<\/span><\/li>\n<li><a href=\"https:\/\/rtpa.es\/video:Poesia-yes-tu.-MARIA-DOLORES-CASTRO-NOVOA,-'DIME'_551742157406.html\"><span class=\"nombre_ni\"><strong>\u00a0\u00abDime\u00bb<\/strong><\/span><\/a><span class=\"font-size-m margin-t-30 margin-b-10 font-weight-b\">\/ M\u00aa Dolores Castro Novoa<\/span><\/li>\n<li><a href=\"https:\/\/rtpa.es\/video:Poesia-yes-tu.-ASUN-MONSALVE,-'%C2%BFCOMO-IBA-YO-A-SABER'_551742156960.html\"><span class=\"nombre_ni\"><strong>\u00a0\u00abC\u00f3mo iba yo a saber\u00bb<\/strong><\/span><\/a><span class=\"font-size-m margin-t-30 margin-b-10 font-weight-b\">\/ Asun Monsalve<\/span><\/li>\n<li><a href=\"https:\/\/rtpa.es\/video:Poesia-yes-tu.-YURISAN-MENENDEZ-NAVARRO,-'CAMBIAR-EL-RUMBO'_551742156358.html\"><span class=\"nombre_ni\"><strong>\u00a0\u00abCambiar el rumbo\u00bb<\/strong><\/span><\/a><span class=\"font-size-m margin-t-30 margin-b-10 font-weight-b\">\/ Yurisan Men\u00e9ndez Navarro<\/span><\/li>\n<li><a href=\"https:\/\/rtpa.es\/video:Poesia-yes-tu.-NIEVES-IGLESIAS-DE-LA-RIVA,-'LA-ETERNA-NOVEDAD-DEL-MAR'_551742156342.html\"><span class=\"nombre_ni\"><strong>\u00a0\u00abLa eterna novedad del mar\u00bb<\/strong><\/span><\/a><span class=\"font-size-m margin-t-30 margin-b-10 font-weight-b\">\/ Nieves Iglesias de la Riva<\/span><\/li>\n<li><a href=\"https:\/\/rtpa.es\/video:Poesia-yes-tu.-CARMEN-SANCHEZ-ALVAREZ,-'EL-SILENCIO-ERA-EL-PAISAJE'_551742157416.html\"><span class=\"nombre_ni\"><strong>\u00a0\u00abEl silencio era el paisaje\u00bb<\/strong><\/span><\/a><span class=\"font-size-m margin-t-30 margin-b-10 font-weight-b\">\/ Carmen S\u00e1nchez \u00c1lvarez<\/span><\/li>\n<li><a href=\"https:\/\/rtpa.es\/video:Poesia-yes-tu.-CARMEN-SANCHEZ-ALVAREZ,-'EL-OFICIO-DE-ESCRITOR'_551742160301.html\"><span class=\"nombre_ni\"><strong>\u00a0\u00abEl oficio de escritor\u00bb<\/strong><\/span><\/a><span class=\"font-size-m margin-t-30 margin-b-10 font-weight-b\">\/ Carmen S\u00e1nchez \u00c1lvarez<\/span><\/li>\n<li><a href=\"https:\/\/rtpa.es\/video:Poesia-yes-tu.-MARIA-ESTHER-GARCIA-LOPEZ,-'POSA'_551741859160.html\"><span class=\"nombre_ni\"><strong>\u00a0\u00abPosa\u00bb<\/strong><\/span><\/a><span class=\"font-size-m margin-t-30 margin-b-10 font-weight-b\">\/ Mar\u00eda Esther Garc\u00eda L\u00f3pez<\/span><\/li>\n<li><a href=\"https:\/\/rtpa.es\/video:Poesia-yes-tu.-AMANCIO-PRADA,-'EMBOSCADOS'_551742158412.html\"><span class=\"nombre_ni\"><strong>\u00a0\u00abEmboscados\u00bb<\/strong><\/span><\/a><span class=\"font-size-m margin-t-30 margin-b-10 font-weight-b\">\/ Amancio Prada<\/span><\/li>\n<li><a href=\"https:\/\/rtpa.es\/video:Poesia-yes-tu.-AMANCIO-PRADA,-'CANCION-DE-AMOR-N.%C2%BA-2'_551742157376.html\"><span class=\"nombre_ni\"><strong>\u00a0\u00abCanci\u00f3n de amor N\u00ba2\u00bb<\/strong><\/span><\/a><span class=\"font-size-m margin-t-30 margin-b-10 font-weight-b\">\/ Amancio Prada<\/span><\/li>\n<li><a href=\"https:\/\/rtpa.es\/video:Poesia-yes-tu.-YOLANDA-VIDAL,-LOVING-AUTOMAT_551742156524.html\"><span class=\"nombre_ni\"><strong>\u00a0\u00abLoving &#8216;Automat'\u00bb<\/strong><\/span><\/a><span class=\"font-size-m margin-t-30 margin-b-10 font-weight-b\">\/ Yolanda Vidal<\/span><\/li>\n<li><a href=\"https:\/\/rtpa.es\/video:Poesia-yes-tu.-ARMANDO-VEGA,-'UNA-MUJER-SOLA'_551742157170.html\"><span class=\"nombre_ni\"><strong>\u00a0\u00abUna mujer sola\u00bb<\/strong><\/span><\/a><span class=\"font-size-m margin-t-30 margin-b-10 font-weight-b\">\/ Armando Vega<\/span><\/li>\n<li><a href=\"https:\/\/rtpa.es\/video:Poesia-yes-tu.-ANA-GARCIA-DE-LOZA,-'DE-AMOR-SENORA'_551742158471.html\"><span class=\"nombre_ni\"><strong>\u00a0\u00abDe amor se\u00f1ora\u00bb<\/strong><\/span><\/a><span class=\"font-size-m margin-t-30 margin-b-10 font-weight-b\">\/ Ana Garc\u00eda de Loza<\/span><\/li>\n<li><a href=\"https:\/\/rtpa.es\/video:Poesia-yes-tu.-ALEJANDRA-CALDEVILLA,-'-NO-SE-VIVIR'_551742156544.html\"><span class=\"nombre_ni\"><strong>\u00a0\u00abNo s\u00e9 vivir\u00bb<\/strong><\/span><\/a><span class=\"font-size-m margin-t-30 margin-b-10 font-weight-b\">\/ Alejandra Caldevilla<\/span><\/li>\n<li><a href=\"https:\/\/rtpa.es\/video:Poesia-yes-tu.-YOLANDA-PANEDA-ORNIA,-'EL-CIERVO-MAGICO'_551742157516.html\"><span class=\"nombre_ni\"><strong>\u00a0\u00abEl ciervo m\u00e1gico\u00bb<\/strong><\/span><\/a><span class=\"font-size-m margin-t-30 margin-b-10 font-weight-b\">\/ Yolanda Pa\u00f1eda Ornia<\/span><\/li>\n<li><a href=\"https:\/\/rtpa.es\/video:Poesia-yes-tu.--GELA-ALVAREZ-LORENZO,-'LLUVIA'_551742156390.html\"><span class=\"nombre_ni\"><strong>\u00a0\u00abLluvia\u00bb<\/strong><\/span><\/a><span class=\"font-size-m margin-t-30 margin-b-10 font-weight-b\">\/ Gela \u00c1lvarez Lorenzo<\/span><\/li>\n<li><a href=\"https:\/\/rtpa.es\/video:Poesia-yes-tu.-FLOR-FERNANDEZ-VI%C3%91A,-'RENACER'_551741859055.html\"><span class=\"nombre_ni\"><strong>\u00a0\u00abRenacer\u00bb<\/strong><\/span><\/a><span class=\"font-size-m margin-t-30 margin-b-10 font-weight-b\">\/ Flor Fern\u00e1ndez Vi\u00f1a<\/span><\/li>\n<li><a href=\"https:\/\/rtpa.es\/video:Poesia-yes-tu.-JOSE-LUIS-CARNOTA,-'MARINEROS-DE-TAPIA-DE-CASARIEGO'_551741859217.html\"><span class=\"nombre_ni\"><strong>\u00a0\u00abMarineros de Tapia de Casariego\u00bb<\/strong><\/span><\/a><span class=\"font-size-m margin-t-30 margin-b-10 font-weight-b\">\/ Jos\u00e9 Luis Carnota<\/span><\/li>\n<li><a href=\"https:\/\/rtpa.es\/video:Poesia-yes-tu.-ARANZAZU-RODRIGUEZ-SUAREZ,-'AY,-TRISTEZA'_551742156556.html\"><span class=\"nombre_ni\"><strong>\u00a0\u00abAy, tristeza\u00bb<\/strong><\/span><\/a><span class=\"font-size-m margin-t-30 margin-b-10 font-weight-b\">\/ Ar\u00e1nzazu Rodr\u00edguez Su\u00e1ez<\/span><\/li>\n<li><a href=\"https:\/\/rtpa.es\/video:Poesia-yes-tu.-ARANZAZU-RODRIGUEZ-SUAREZ,-'POETA-NOVEL'_551742157749.html\"><span class=\"nombre_ni\"><strong>\u00a0\u00abPoeta novel\u00bb<\/strong><\/span><\/a><span class=\"font-size-m margin-t-30 margin-b-10 font-weight-b\">\/ Ar\u00e1nzazu Rodr\u00edguez Su\u00e1ez<\/span><\/li>\n<li><a href=\"https:\/\/rtpa.es\/video:Poesia-yes-tu.-AZUCENA-COUSO,-'PARQUE-ESCONDIDO'_551742160167.html\"><span class=\"nombre_ni\"><strong>\u00a0\u00abParque escondido\u00bb<\/strong><\/span><\/a><span class=\"font-size-m margin-t-30 margin-b-10 font-weight-b\">\/ Azucena Couso<\/span><\/li>\n<li><a href=\"https:\/\/rtpa.es\/video:Poesia-yes-tu.-YASMINA-ALVAREZ-MENENDEZ,-'-A-VECES-AL-AMOR'_551742156348.html\"><span class=\"nombre_ni\"><strong>\u00a0\u00abA veces al amor\u2026\u00bb<\/strong><\/span><\/a><span class=\"font-size-m margin-t-30 margin-b-10 font-weight-b\">\/ Yasmina \u00c1lvarez Men\u00e9ndez<\/span><\/li>\n<\/ol>\n<\/div>\n<\/div>\n<\/section>\n","protected":false},"excerpt":{"rendered":"<p>Fonte: TPA\/ &nbsp; La bayura\/riqueza d\u2019un pueblu m\u00eddese pola cultura que tien Asturies, capital mundial de la poes\u00eda \u00a0\u00abUna casa\u00bb de Berta Pi\u00f1\u00e1n\/ Isa Lobo\u00a0<\/p>\n","protected":false},"author":117,"featured_media":0,"comment_status":"open","ping_status":"open","sticky":false,"template":"","format":"standard","meta":{"footnotes":""},"categories":[39,59,144],"tags":[],"class_list":["post-44430","post","type-post","status-publish","format-standard","hentry","category-poesia","category-rtpa","category-semana-de"],"_links":{"self":[{"href":"https:\/\/edublog.educastur.es\/ixuxu\/wp-json\/wp\/v2\/posts\/44430","targetHints":{"allow":["GET"]}}],"collection":[{"href":"https:\/\/edublog.educastur.es\/ixuxu\/wp-json\/wp\/v2\/posts"}],"about":[{"href":"https:\/\/edublog.educastur.es\/ixuxu\/wp-json\/wp\/v2\/types\/post"}],"author":[{"embeddable":true,"href":"https:\/\/edublog.educastur.es\/ixuxu\/wp-json\/wp\/v2\/users\/117"}],"replies":[{"embeddable":true,"href":"https:\/\/edublog.educastur.es\/ixuxu\/wp-json\/wp\/v2\/comments?post=44430"}],"version-history":[{"count":7,"href":"https:\/\/edublog.educastur.es\/ixuxu\/wp-json\/wp\/v2\/posts\/44430\/revisions"}],"predecessor-version":[{"id":44640,"href":"https:\/\/edublog.educastur.es\/ixuxu\/wp-json\/wp\/v2\/posts\/44430\/revisions\/44640"}],"wp:attachment":[{"href":"https:\/\/edublog.educastur.es\/ixuxu\/wp-json\/wp\/v2\/media?parent=44430"}],"wp:term":[{"taxonomy":"category","embeddable":true,"href":"https:\/\/edublog.educastur.es\/ixuxu\/wp-json\/wp\/v2\/categories?post=44430"},{"taxonomy":"post_tag","embeddable":true,"href":"https:\/\/edublog.educastur.es\/ixuxu\/wp-json\/wp\/v2\/tags?post=44430"}],"curies":[{"name":"wp","href":"https:\/\/api.w.org\/{rel}","templated":true}]}}