{"id":44436,"date":"2025-03-21T11:00:36","date_gmt":"2025-03-21T09:00:36","guid":{"rendered":"https:\/\/edublog.educastur.es\/ixuxu\/?p=44436"},"modified":"2025-03-24T10:36:46","modified_gmt":"2025-03-24T08:36:46","slug":"poema-encargu","status":"publish","type":"post","link":"https:\/\/edublog.educastur.es\/ixuxu\/2025\/03\/poema-encargu\/","title":{"rendered":"Poema: \u00abEncargu\u00bb"},"content":{"rendered":"<div class=\"wp-block-group alignwide is-layout-flow wp-block-group-is-layout-flow\">\n<p class=\"alignwide wp-block-post-title has-x-large-font-size\" style=\"text-align: center\"><span style=\"text-decoration: underline;font-size: 24px;color: #800080\"><em><strong>\u00abEncargu\u00bb<\/strong>\u00a0<\/em><\/span><em>\u00a0 <\/em><span style=\"font-size: 20px\"><em>Mar\u00eda Esther Garc\u00eda L\u00f3pez<\/em><\/span><\/p>\n<\/div>\n<div class=\"wp-block-columns alignwide is-layout-flex wp-container-core-columns-is-layout-5 wp-block-columns-is-layout-flex\">\n<div class=\"wp-block-column is-layout-flow wp-block-column-is-layout-flow\">\n<div class=\"entry-content wp-block-post-content is-layout-flow wp-block-post-content-is-layout-flow\">\n<p><strong><em><span style=\"color: #800080;font-size: 20px\">Voi esperate ell\u00ed,<a style=\"color: #800080\"><br \/>\n<\/a>nesi llugar inmensu.<\/span><\/em><\/strong><br \/>\n<strong><em><span style=\"color: #800080;font-size: 20px\">onde too ye lluz,<\/span><\/em><\/strong><br \/>\n<strong><em><span style=\"color: #800080;font-size: 20px\">onde nun cuenta\u2019l tiempu.<\/span><\/em><\/strong><br \/>\n<strong><em><span style=\"color: #800080;font-size: 20px\">Esperar\u00e9te, s\u00ed,<\/span><\/em><\/strong><br \/>\n<strong><em><span style=\"color: #800080;font-size: 20px\">ensin torgues nin mieos.<\/span><\/em><\/strong><\/p>\n<p><strong><em><span style=\"color: #800080;font-size: 20px\">Voi esperate ell\u00ed,<\/span><\/em><\/strong><br \/>\n<strong><em><span style=\"color: #800080;font-size: 20px\">mientres escribo versos.<\/span><\/em><\/strong><br \/>\n<strong><em><span style=\"color: #800080;font-size: 20px\">\u00a0(Sabes bien del encargu<br \/>\nque te fixi mil veces).<\/span><\/em><\/strong><br \/>\n<strong><em><span style=\"color: #800080;font-size: 20px\">Y llegar\u00e1s sollando<\/span><\/em><\/strong><br \/>\n<strong><em><span style=\"color: #800080;font-size: 20px\">y andar\u00e1s a xeitu,<\/span><\/em><\/strong><br \/>\n<strong><em><span style=\"color: #800080;font-size: 20px\">a la gueta l\u2019amor,<\/span><\/em><\/strong><br \/>\n<strong><em><span style=\"color: #800080;font-size: 20px\">a la gueta de besos.<\/span><\/em><\/strong><\/p>\n<p><strong><!--more--><\/strong><br \/>\n<strong><span style=\"color: #800080;font-size: 20px\">Guiar\u00e1te\u2019l perfume,<\/span><\/strong><br \/>\n<strong><span style=\"color: #800080;font-size: 20px\">\u00a1empapar\u00e9 la sienda!<\/span><\/strong><br \/>\n<strong><span style=\"color: #800080;font-size: 20px\">\u00a0(Nun lo cambiar\u00e9 adrede).<\/span><\/strong><br \/>\n<strong><span style=\"color: #800080;font-size: 20px\">Tu\u00a0 has llegar ell\u00ed,<\/span><\/strong><br \/>\n<strong><span style=\"color: #800080;font-size: 20px\">col borrador y el ll\u00e1piz<\/span><\/strong><br \/>\n<strong><span style=\"color: #800080;font-size: 20px\">y borrar\u00e1s silencios.<\/span><\/strong><br \/>\n<strong><span style=\"color: #800080;font-size: 20px\">Suprimir\u00e1s espacios,<\/span><\/strong><br \/>\n<strong><span style=\"color: #800080;font-size: 20px\">y tachar\u00e1s les comes,<\/span><\/strong><br \/>\n<strong><span style=\"color: #800080;font-size: 20px\">y los interrogantes,<\/span><\/strong><br \/>\n<strong><span style=\"color: #800080;font-size: 20px\">y la pallabra mieu.<\/span><\/strong><\/p>\n<p><strong><em><span style=\"color: #800080;font-size: 20px\">Cuido qu\u2019has lleer<\/span><\/em><\/strong><br \/>\n<strong><em><span style=\"color: #800080;font-size: 20px\">con procuru los versos.<\/span><\/em><\/strong><br \/>\n<strong><em><span style=\"color: #800080;font-size: 20px\">Y has dame lleiciones<\/span><\/em><\/strong><br \/>\n<strong><em><span style=\"color: #800080;font-size: 20px\">de c\u00f3mo amar nel cielu.<\/span><\/em><\/strong><br \/>\n<strong><em><span style=\"color: #800080;font-size: 20px\">Y yo,<\/span><\/em><\/strong><br \/>\n<strong><em><span style=\"color: #800080;font-size: 20px\">temblar\u00e9 nos tos brazos,<\/span><\/em><\/strong><br \/>\n<strong><em><span style=\"color: #800080;font-size: 20px\">\u00a0(Y tu\u2026)<\/span><\/em><\/strong><br \/>\n<strong><em><span style=\"color: #800080;font-size: 20px\">y temblaremos xuntos,<\/span><\/em><\/strong><br \/>\n<strong><em><span style=\"color: #800080;font-size: 20px\">brindaremos met\u00e1fores.<\/span><\/em><\/strong><br \/>\n<strong><em><span style=\"color: #800080;font-size: 20px\">Y yo,<\/span><\/em><\/strong><br \/>\n<strong><em><span style=\"color: #800080;font-size: 20px\">Abrazar\u00e9me a ti.<\/span><\/em><\/strong><br \/>\n<strong><em><span style=\"color: #800080;font-size: 20px\">\u00a0(Y tu\u2026).<\/span><\/em><\/strong><br \/>\n<strong><em><span style=\"color: #800080;font-size: 20px\">\u00a0(Abrazu eternu).<\/span><\/em><\/strong><\/p>\n<p style=\"text-align: center\">\u00a0\u00a0\u00a0<span style=\"font-size: 20px\">\u00a0\u00a0\u00a0\u00a0\u00a0\u00a0\u00a0\u00a0\u00a0\u00a0 <em>(Andanciu, 2024)<\/em><\/span><\/p>\n<p style=\"text-align: center\">\n<p style=\"text-align: center\"><a href=\"https:\/\/con-versandorevistaiberoamericana.mx\/2025\/03\/20\/encargu\/?fbclid=IwY2xjawJL05pleHRuA2FlbQIxMQABHX-EWswPhuYxFf-gYdNPPLZPAYFDCb9QUNz3mkIHTefkqVPw-UkdsBIbVQ_aem_AjsqLN-IOqvX0ylnpZ9p9w\">Fonte<\/a><\/p>\n<\/div>\n<div><strong><span style=\"color: #000000;font-size: 20px\"><em>Alguna vez<\/em><\/span><\/strong><br \/>\n<strong><span style=\"color: #000000;font-size: 20px\"><em>alguna vez tal vez me ir\u00e9<\/em><\/span><\/strong><br \/>\n<strong><span style=\"color: #000000;font-size: 20px\"><em>sin quedarme\u2026<\/em><\/span><\/strong><br \/>\n<span style=\"color: #000000;font-size: 20px\">Alejandra Pizarnik<\/span><\/div>\n<div><\/div>\n<div class=\"entry-content wp-block-post-content is-layout-flow wp-block-post-content-is-layout-flow\"><span style=\"color: #008080;font-size: 20px\"><strong>Encargo<\/strong><\/span><span style=\"color: #008080;font-size: 20px\">Te esperar\u00e9 all\u00ed<\/span><br \/>\n<span style=\"color: #008080;font-size: 20px\">en el lugar inmenso<\/span><br \/>\n<span style=\"color: #008080;font-size: 20px\">donde todo es luz<\/span><br \/>\n<span style=\"color: #008080;font-size: 20px\">donde no cuenta el tiempo<\/span><br \/>\n<span style=\"color: #008080;font-size: 20px\">Te esperar\u00e9, s\u00ed<\/span><br \/>\n<span style=\"color: #008080;font-size: 20px\">sin\u00a0 problemas, sin miedos.<\/span><br \/>\n<span style=\"color: #008080;font-size: 20px\">Te esperar\u00e9\u00a0 all\u00ed<\/span><br \/>\n<span style=\"color: #008080;font-size: 20px\">mientras escribo versos<\/span><br \/>\n<span style=\"color: #008080;font-size: 20px\">\u00a0(Sabes bien del encargo que te\u00a0 hice mil veces).<\/span><br \/>\n<span style=\"color: #008080;font-size: 20px\">Llegar\u00e1s\u00a0 fatigado<\/span><br \/>\n<span style=\"color: #008080;font-size: 20px\">caminar\u00e1s con tiento,<\/span><br \/>\n<span style=\"color: #008080;font-size: 20px\">en busca de mi amor,<\/span><br \/>\n<span style=\"color: #008080;font-size: 20px\">con ansia de besos.<\/span><br \/>\n<span style=\"color: #008080;font-size: 20px\">Te guiar\u00e1 el perfume,<\/span><br \/>\n<span style=\"color: #008080;font-size: 20px\">\u00a1empapar\u00e9 la senda!<\/span><br \/>\n<span style=\"color: #008080;font-size: 20px\">\u00a0(No lo cambiar\u00e9 adrede).<\/span><br \/>\n<span style=\"color: #008080;font-size: 20px\">Tu llegar\u00e1s all\u00ed,<\/span><br \/>\n<span style=\"color: #008080;font-size: 20px\">con borrador y l\u00e1piz,<\/span><br \/>\n<span style=\"color: #008080;font-size: 20px\">y borrar\u00e1s silencios.<\/span><br \/>\n<span style=\"color: #008080;font-size: 20px\">Suprimir\u00e1s espacios,<\/span><br \/>\n<span style=\"color: #008080;font-size: 20px\">y tachar\u00e1s las comas,<\/span><br \/>\n<span style=\"color: #008080;font-size: 20px\">y los interrogantes,<\/span><br \/>\n<span style=\"color: #008080;font-size: 20px\">y la palabra miedo.<\/span><br \/>\n<span style=\"color: #008080;font-size: 20px\">Pienso que leer\u00e1s<\/span><br \/>\n<span style=\"color: #008080;font-size: 20px\">con\u00a0 atenci\u00f3n\u00a0 mis versos.<\/span><br \/>\n<span style=\"color: #008080;font-size: 20px\">Y me dar\u00e1s lecciones,<\/span><br \/>\n<span style=\"color: #008080;font-size: 20px\">c\u00f3mo amarse en el cielo.<\/span><br \/>\n<span style=\"color: #008080;font-size: 20px\">Y yo,<\/span><br \/>\n<span style=\"color: #008080;font-size: 20px\">temblar\u00e9 en tus brazos,<\/span><br \/>\n<span style=\"color: #008080;font-size: 20px\">\u00a0(Y t\u00fa\u2026)<\/span><br \/>\n<span style=\"color: #008080;font-size: 20px\">y temblaremos juntos,<\/span><br \/>\n<span style=\"color: #008080;font-size: 20px\">brindaremos met\u00e1foras.<\/span><br \/>\n<span style=\"color: #008080;font-size: 20px\">Y yo,<\/span><br \/>\n<span style=\"color: #008080;font-size: 20px\">me entregar\u00e9 a\u00a0 tus brazos.<\/span><br \/>\n<span style=\"color: #008080;font-size: 20px\">\u00a0(Y tu\u2026).<\/span><br \/>\n<span style=\"color: #008080;font-size: 20px\">\u00a0(Abrazo eterno).<\/span><\/p>\n<p style=\"text-align: center\"><em>Poema escrito en asturiano traducido al castellano.<\/em><\/p>\n<p style=\"text-align: center\">\n<\/div>\n<\/div>\n<\/div>\n<p>&nbsp;<\/p>\n<p>&nbsp;<\/p>\n","protected":false},"excerpt":{"rendered":"<p>\u00abEncargu\u00bb\u00a0\u00a0 Mar\u00eda Esther Garc\u00eda L\u00f3pez Voi esperate ell\u00ed, nesi llugar inmensu. onde too ye lluz, onde nun cuenta\u2019l tiempu. Esperar\u00e9te, s\u00ed, ensin torgues nin mieos. Voi esperate ell\u00ed, mientres escribo versos. \u00a0(Sabes bien del encargu que te fixi mil veces). Y llegar\u00e1s sollando y andar\u00e1s a xeitu, a la gueta l\u2019amor, a la gueta de [&hellip;]<\/p>\n","protected":false},"author":117,"featured_media":0,"comment_status":"open","ping_status":"open","sticky":false,"template":"","format":"standard","meta":{"footnotes":""},"categories":[39,1],"tags":[],"class_list":["post-44436","post","type-post","status-publish","format-standard","hentry","category-poesia","category-sin-categoria"],"_links":{"self":[{"href":"https:\/\/edublog.educastur.es\/ixuxu\/wp-json\/wp\/v2\/posts\/44436","targetHints":{"allow":["GET"]}}],"collection":[{"href":"https:\/\/edublog.educastur.es\/ixuxu\/wp-json\/wp\/v2\/posts"}],"about":[{"href":"https:\/\/edublog.educastur.es\/ixuxu\/wp-json\/wp\/v2\/types\/post"}],"author":[{"embeddable":true,"href":"https:\/\/edublog.educastur.es\/ixuxu\/wp-json\/wp\/v2\/users\/117"}],"replies":[{"embeddable":true,"href":"https:\/\/edublog.educastur.es\/ixuxu\/wp-json\/wp\/v2\/comments?post=44436"}],"version-history":[{"count":7,"href":"https:\/\/edublog.educastur.es\/ixuxu\/wp-json\/wp\/v2\/posts\/44436\/revisions"}],"predecessor-version":[{"id":44572,"href":"https:\/\/edublog.educastur.es\/ixuxu\/wp-json\/wp\/v2\/posts\/44436\/revisions\/44572"}],"wp:attachment":[{"href":"https:\/\/edublog.educastur.es\/ixuxu\/wp-json\/wp\/v2\/media?parent=44436"}],"wp:term":[{"taxonomy":"category","embeddable":true,"href":"https:\/\/edublog.educastur.es\/ixuxu\/wp-json\/wp\/v2\/categories?post=44436"},{"taxonomy":"post_tag","embeddable":true,"href":"https:\/\/edublog.educastur.es\/ixuxu\/wp-json\/wp\/v2\/tags?post=44436"}],"curies":[{"name":"wp","href":"https:\/\/api.w.org\/{rel}","templated":true}]}}