{"id":44461,"date":"2025-03-23T11:00:53","date_gmt":"2025-03-23T09:00:53","guid":{"rendered":"https:\/\/edublog.educastur.es\/ixuxu\/?p=44461"},"modified":"2025-03-23T18:16:38","modified_gmt":"2025-03-23T16:16:38","slug":"bronce-mundial-dana-peleteiro-nos-mundiales-2025-de-pista-cubierta-de-nanjing-china","status":"publish","type":"post","link":"https:\/\/edublog.educastur.es\/ixuxu\/2025\/03\/bronce-mundial-dana-peleteiro-nos-mundiales-2025-de-pista-cubierta-de-nanjing-china\/","title":{"rendered":"Bronce mundial d&#8217;Ana Peleteiro nos Mundiales 2025 de pista cubierta de Nanjing (China)"},"content":{"rendered":"<p style=\"text-align: center\"><a href=\"https:\/\/phantom-elmundo.uecdn.es\/8d092d886eb2b90971a903ed54d795be\/resize\/920\/f\/webp\/assets\/multimedia\/imagenes\/2025\/03\/22\/17426479554783.jpg\"><img loading=\"lazy\" decoding=\"async\" class=\"aligncenter size-large\" src=\"https:\/\/phantom-elmundo.uecdn.es\/8d092d886eb2b90971a903ed54d795be\/resize\/920\/f\/webp\/assets\/multimedia\/imagenes\/2025\/03\/22\/17426479554783.jpg\" width=\"920\" height=\"613\" \/><\/a><\/p>\n<div class=\"html-div xdj266r xat24cr x1mh8g0r xexx8yu x4uap5 x18d9i69 xkhd6sd x78zum5 x2lah0s xqtp20y x1emribx\"><\/div>\n<div class=\"html-div xdj266r x11i5rnm xat24cr x1mh8g0r xexx8yu x4uap5 x18d9i69 xkhd6sd x1iyjqo2 xeuugli\">\n<div class=\"x78zum5 xdt5ytf xz62fqu x16ldp7u\">\n<div class=\"xu06os2 x1ok221b\">\n<div class=\"html-div xdj266r x11i5rnm xat24cr x1mh8g0r xexx8yu x4uap5 x18d9i69 xkhd6sd\" data-ad-rendering-role=\"profile_name\">\n<ul>\n<li id=\"\u00abrpd\u00bb\" class=\"html-h4 x11i5rnm xat24cr x1mh8g0r xexx8yu x4uap5 x18d9i69 xkhd6sd x1vvkbs x1heor9g x1qlqyl8 x1pd3egz x1a2a7pz x1gslohp x1yc453h\"><span class=\"xt0psk2\"><span class=\"xjp7ctv\"><a class=\"x1i10hfl xjbqb8w x1ejq31n xd10rxx x1sy0etr x17r0tee x972fbf xcfux6l x1qhh985 xm0m39n x9f619 x1ypdohk xt0psk2 xe8uvvx xdj266r x11i5rnm xat24cr x1mh8g0r xexx8yu x4uap5 x18d9i69 xkhd6sd x16tdsg8 x1hl2dhg xggy1nq x1a2a7pz xkrqix3 x1sur9pj xzsf02u x1s688f\" role=\"link\" href=\"https:\/\/www.facebook.com\/EurosportES?__cft__[0]=AZVScsBor8hOc7MIbDaPa5BWKCh8js2xSF_0UmlxIRo9cZG1i_FVgqsOchMOw79Op3ZlFlL2XUQb5RPitF0fRCsgbkf--CvyuU6mGgMTrpBvJcAQ6__59NuAyCTeEcgAK6yR2ktGgXHVVGAnuS45kS2qPyRlRvGJ7VMh9OduGetGH9k3ngh9xvipIt8aoNGYDVw6tA4fS5iXBWSOmGIW8GFcGS0fDBgU3ZUk57mVshPS4Q&amp;__tn__=-UC%2CP-R\"><strong class=\"html-strong xdj266r x11i5rnm xat24cr x1mh8g0r xexx8yu x4uap5 x18d9i69 xkhd6sd x1hl2dhg x16tdsg8 x1vvkbs x1s688f\"><span class=\"html-span xdj266r x11i5rnm xat24cr x1mh8g0r xexx8yu x4uap5 x18d9i69 xkhd6sd x1hl2dhg x16tdsg8 x1vvkbs\">Eurosport Espa\u00f1a<\/span><\/strong><\/a><\/span><\/span><span class=\"html-span xdj266r x11i5rnm xat24cr x1mh8g0r xexx8yu x4uap5 x18d9i69 xkhd6sd x1hl2dhg x16tdsg8 x1vvkbs x1dor1uw x1n2onr6 xxymvpz\"><span class=\"html-span xdj266r x11i5rnm xat24cr x1mh8g0r xexx8yu x4uap5 x18d9i69 xkhd6sd x1hl2dhg x16tdsg8 x1vvkbs x1dor1uw x1n2onr6 xxymvpz\"> \/ <a href=\"https:\/\/scontent-mad1-1.xx.fbcdn.net\/v\/t39.30808-6\/485165529_1091908369627303_3249508198536380292_n.jpg?_nc_cat=102&amp;ccb=1-7&amp;_nc_sid=127cfc&amp;_nc_ohc=Qw9jYW-owpAQ7kNvgHiFQ1-&amp;_nc_oc=Adn9ZIwc_RkIqZLrn35bYjhEIY6ZektHFACLkqmc1qfj87LD8J98aT5oxJ-KEzjfBOc&amp;_nc_zt=23&amp;_nc_ht=scontent-mad1-1.xx&amp;_nc_gid=FA-Ts2G5DSadijE7Foh1iw&amp;oh=00_AYHWiDgcc7ChhmAfxcDb5ZetwPcXIWwzNW6WvsMyBK4_wQ&amp;oe=67E5B16C\"><strong>semeya<\/strong> <\/a>\/ <a href=\"https:\/\/www.eurosport.es\/atletismo\/campeonatos-mundiales-indoor\/2025\/ana-peleteiro-medalla-bronce-triple-salto-mundial-nanjing-china-marca-registro-resultados-clasificacion-hoy_sto23165875\/story.shtml?fbclid=IwZXh0bgNhZW0CMTAAAR0b8JL2S8TkboVSNF_wjV8rbp0FuorYJnaIHLE4VTyLhq7KzcDFUdqFbUk_aem_yD-U3eKfm7B_FfyWtqzyBw\">Eurosport<\/a> \/ <a href=\"https:\/\/twitter.com\/i\/status\/1903426629923205379\">videu<\/a> \/<\/span><\/span><\/li>\n<li class=\"html-h4 x11i5rnm xat24cr x1mh8g0r xexx8yu x4uap5 x18d9i69 xkhd6sd x1vvkbs x1heor9g x1qlqyl8 x1pd3egz x1a2a7pz x1gslohp x1yc453h\">\n<div class=\"html-div xdj266r xat24cr x1mh8g0r xexx8yu x4uap5 x18d9i69 xkhd6sd x78zum5 x2lah0s xqtp20y x1emribx\"><\/div>\n<div class=\"x1iyjqo2\">\n<div class=\"x78zum5 xdt5ytf xz62fqu x16ldp7u\">\n<div class=\"xu06os2 x1ok221b\">\n<div class=\"x1gslohp\">\n<p class=\"html-h2 x11i5rnm xat24cr x1mh8g0r xexx8yu x4uap5 x18d9i69 xkhd6sd x1vvkbs x1heor9g x1qlqyl8 x1pd3egz x1a2a7pz x1gslohp\"><span class=\"x193iq5w xeuugli x13faqbe x1vvkbs x1xmvt09 x1f6kntn xvq8zen xo1l8bm xi81zsa\"><span class=\"xt0psk2\"><span class=\"xjp7ctv\"><a class=\"x1i10hfl xjbqb8w x1ejq31n xd10rxx x1sy0etr x17r0tee x972fbf xcfux6l x1qhh985 xm0m39n x9f619 x1ypdohk xt0psk2 xe8uvvx xdj266r x11i5rnm xat24cr x1mh8g0r xexx8yu x4uap5 x18d9i69 xkhd6sd x16tdsg8 x1hl2dhg xggy1nq x1a2a7pz xkrqix3 x1sur9pj xzsf02u x1s688f\" role=\"link\" href=\"https:\/\/www.facebook.com\/profile.php?id=100044440869199&amp;__cft__[0]=AZXfYNP_s2KE6wJqiwysPAN8NLFQxHsT-NPh5c4AaBCr568HpZ9ocMFXdb1a7oZG8xfI_qgbZWzya9GTnKHNmEp6K90G5GsHX2wa-GTx9apyEj5E8naUk5c0CWF3L0wLA6KsRHiwDxSU2mBxbfCel0OEFJOuKhicbyRE8TjdWPeXoEvzJTamjNjGBxKekSp8KdP0-tBYpm8yC4Utw4lzpfu6ndrxNN1_joxy5HQhm8LLrg&amp;__tn__=-UC*F\">Ana Peleteiro Bri\u00f3n<\/a><\/span><\/span><\/span><\/p>\n<\/div>\n<\/div>\n<\/div>\n<\/div>\n<\/li>\n<\/ul>\n<\/div>\n<\/div>\n<\/div>\n<\/div>\n<div class=\"html-div xdj266r x11i5rnm xat24cr x1mh8g0r xexx8yu x4uap5 x18d9i69 xkhd6sd\" dir=\"auto\">\n<div class=\"html-div xdj266r x11i5rnm xat24cr x1mh8g0r xexx8yu x4uap5 x18d9i69 xkhd6sd\" data-ad-rendering-role=\"story_message\">\n<div id=\"\u00abrpf\u00bb\" class=\"x1l90r2v x1iorvi4 x1ye3gou xn6708d\" data-ad-comet-preview=\"message\" data-ad-preview=\"message\">\n<div class=\"x78zum5 xdt5ytf xz62fqu x16ldp7u\">\n<div class=\"xu06os2 x1ok221b\">\n<div class=\"xdj266r x11i5rnm xat24cr x1mh8g0r x1vvkbs x126k92a\">\n<div dir=\"auto\"><span class=\"html-span xexx8yu x4uap5 x18d9i69 xkhd6sd x1hl2dhg x16tdsg8 x1vvkbs x3nfvp2 x1j61x8r x1fcty0u xdj266r xat24cr xgzva0m xhhsvwb xxymvpz xlup9mm x1kky2od\"><img loading=\"lazy\" decoding=\"async\" class=\"xz74otr x168nmei x13lgxp2 x5pf9jr xo71vjh\" src=\"https:\/\/static.xx.fbcdn.net\/images\/emoji.php\/v9\/t96\/1\/16\/1f949.png\" alt=\"\ud83e\udd49\" width=\"16\" height=\"16\" \/><\/span><span class=\"html-span xexx8yu x4uap5 x18d9i69 xkhd6sd x1hl2dhg x16tdsg8 x1vvkbs x3nfvp2 x1j61x8r x1fcty0u xdj266r xat24cr xgzva0m xhhsvwb xxymvpz xlup9mm x1kky2od\"><img loading=\"lazy\" decoding=\"async\" class=\"xz74otr x168nmei x13lgxp2 x5pf9jr xo71vjh\" src=\"https:\/\/static.xx.fbcdn.net\/images\/emoji.php\/v9\/t34\/1\/16\/1f1ea_1f1f8.png\" alt=\"\ud83c\uddea\ud83c\uddf8\" width=\"16\" height=\"16\" \/><\/span> <strong>L&#8217;atleta espa\u00f1ola remata tercera na final mundial de triple saltu<\/strong> y repite el mesmu result\u00e1u qu&#8217;en Birmingham 2018 y Glasgow 2024. Con una marca de<strong> 14,29 metros<\/strong>, llogr\u00f3 esti s\u00e1badu la medaya de bronce en triple saltu nos Mundiales 2025 de pista cubierta de Nanjing (China).<\/div>\n<div dir=\"auto\"><!--more--><\/div>\n<div dir=\"auto\"><\/div>\n<\/div>\n<div dir=\"auto\" style=\"text-align: center\"><a href=\"https:\/\/img.asmedia.epimg.net\/resizer\/v2\/ELYTGSAXGREIRHMTQKTOYKPEFA.jpg?auth=0a9784c95f49bedd5e0e5ac6acd0acd2a56373114e77f84d192d15f43197be18&amp;width=976&amp;height=549&amp;smart=true\"><img loading=\"lazy\" decoding=\"async\" class=\"aligncenter size-large\" src=\"https:\/\/img.asmedia.epimg.net\/resizer\/v2\/ELYTGSAXGREIRHMTQKTOYKPEFA.jpg?auth=0a9784c95f49bedd5e0e5ac6acd0acd2a56373114e77f84d192d15f43197be18&amp;width=976&amp;height=549&amp;smart=true\" width=\"976\" height=\"549\" \/><\/a><\/div>\n<div dir=\"auto\" style=\"text-align: center\">\n<!-- iframe plugin v.6.0 wordpress.org\/plugins\/iframe\/ -->\n<iframe loading=\"lazy\" src=\"https:\/\/www.facebook.com\/plugins\/video.php?height=314&#038;href=https%3A%2F%2Fwww.facebook.com%2FPilarAlegriaMinistra%2Fvideos%2F1202730134747673%2F&#038;show_text=false&#038;width=560&#038;t=0\" width=\"560\" height=\"314\" style=\"border:none;overflow:hidden\" scrolling=\"no\" frameborder=\"0\" allowfullscreen=\"true\" allow=\"autoplay; clipboard-write; encrypted-media; picture-in-picture; web-share\" 0=\"\/iframe\" class=\"iframe-class\"><\/iframe>\n<\/div>\n<div dir=\"auto\"><\/div>\n<div dir=\"auto\" style=\"text-align: center\">L&#8217;oru foi para la cubana Leyanis P\u00e9rez.<\/div>\n<div dir=\"auto\" style=\"text-align: center\">\n<!-- iframe plugin v.6.0 wordpress.org\/plugins\/iframe\/ -->\n<iframe loading=\"lazy\" src=\"https:\/\/www.facebook.com\/plugins\/post.php?href=https%3A%2F%2Fwww.facebook.com%2Fphoto.php%3Ffbid%3D1196444418513576%26set%3Da.255056509319043%26type%3D3&#038;show_text=false&#038;width=500\" width=\"500\" height=\"766\" style=\"border:none;overflow:hidden\" scrolling=\"no\" frameborder=\"0\" allowfullscreen=\"true\" allow=\"autoplay; clipboard-write; encrypted-media; picture-in-picture; web-share\" 0=\"\/iframe\" class=\"iframe-class\"><\/iframe>\n<\/div>\n<div class=\"x11i5rnm xat24cr x1mh8g0r x1vvkbs xtlvy1s x126k92a\">\n<div dir=\"auto\" style=\"text-align: center\"><a href=\"https:\/\/imagenes.elpais.com\/resizer\/v2\/ZUDVQY4KJY6EYKJ5UVRFP3JXOU.jpg?auth=64aed7d30b7ce1ea1225388ba3043a1931b593500c0f5b855be7f87abdeac972&amp;width=1200\"><br \/>\n<img loading=\"lazy\" decoding=\"async\" class=\"aligncenter size-large\" src=\"https:\/\/imagenes.elpais.com\/resizer\/v2\/ZUDVQY4KJY6EYKJ5UVRFP3JXOU.jpg?auth=64aed7d30b7ce1ea1225388ba3043a1931b593500c0f5b855be7f87abdeac972&amp;width=1200\" width=\"1200\" height=\"800\" \/><\/a><\/div>\n<\/div>\n<\/div>\n<\/div>\n<\/div>\n<\/div>\n<\/div>\n<p>&nbsp;<\/p>\n<p>&nbsp;<\/p>\n","protected":false},"excerpt":{"rendered":"<p>Eurosport Espa\u00f1a \/ semeya \/ Eurosport \/ videu \/ Ana Peleteiro Bri\u00f3n L&#8217;atleta espa\u00f1ola remata tercera na final mundial de triple saltu y repite el mesmu result\u00e1u qu&#8217;en Birmingham 2018 y Glasgow 2024. Con una marca de 14,29 metros, llogr\u00f3 esti s\u00e1badu la medaya de bronce en triple saltu nos Mundiales 2025 de pista cubierta [&hellip;]<\/p>\n","protected":false},"author":117,"featured_media":0,"comment_status":"open","ping_status":"open","sticky":false,"template":"","format":"standard","meta":{"footnotes":""},"categories":[133,121],"tags":[],"class_list":["post-44461","post","type-post","status-publish","format-standard","hentry","category-deportes","category-muyeres"],"_links":{"self":[{"href":"https:\/\/edublog.educastur.es\/ixuxu\/wp-json\/wp\/v2\/posts\/44461","targetHints":{"allow":["GET"]}}],"collection":[{"href":"https:\/\/edublog.educastur.es\/ixuxu\/wp-json\/wp\/v2\/posts"}],"about":[{"href":"https:\/\/edublog.educastur.es\/ixuxu\/wp-json\/wp\/v2\/types\/post"}],"author":[{"embeddable":true,"href":"https:\/\/edublog.educastur.es\/ixuxu\/wp-json\/wp\/v2\/users\/117"}],"replies":[{"embeddable":true,"href":"https:\/\/edublog.educastur.es\/ixuxu\/wp-json\/wp\/v2\/comments?post=44461"}],"version-history":[{"count":6,"href":"https:\/\/edublog.educastur.es\/ixuxu\/wp-json\/wp\/v2\/posts\/44461\/revisions"}],"predecessor-version":[{"id":44531,"href":"https:\/\/edublog.educastur.es\/ixuxu\/wp-json\/wp\/v2\/posts\/44461\/revisions\/44531"}],"wp:attachment":[{"href":"https:\/\/edublog.educastur.es\/ixuxu\/wp-json\/wp\/v2\/media?parent=44461"}],"wp:term":[{"taxonomy":"category","embeddable":true,"href":"https:\/\/edublog.educastur.es\/ixuxu\/wp-json\/wp\/v2\/categories?post=44461"},{"taxonomy":"post_tag","embeddable":true,"href":"https:\/\/edublog.educastur.es\/ixuxu\/wp-json\/wp\/v2\/tags?post=44461"}],"curies":[{"name":"wp","href":"https:\/\/api.w.org\/{rel}","templated":true}]}}