{"id":44494,"date":"2025-03-22T13:09:15","date_gmt":"2025-03-22T11:09:15","guid":{"rendered":"https:\/\/edublog.educastur.es\/ixuxu\/?p=44494"},"modified":"2025-03-24T09:25:49","modified_gmt":"2025-03-24T07:25:49","slug":"va-tres-anos","status":"publish","type":"post","link":"https:\/\/edublog.educastur.es\/ixuxu\/2025\/03\/va-tres-anos\/","title":{"rendered":"Va tr\u00e9s a\u00f1os&#8230;"},"content":{"rendered":"<p style=\"text-align: center\">\n<!-- iframe plugin v.6.0 wordpress.org\/plugins\/iframe\/ -->\n<iframe loading=\"lazy\" src=\"https:\/\/www.facebook.com\/plugins\/post.php?href=https%3A%2F%2Fwww.facebook.com%2FAMPARuizTilve%2Fphotos%2Fa.102021651715712%2F443846640866543%2F%3Ftype%3D3&#038;show_text=false&#038;width=500\" width=\"500\" height=\"664\" style=\"border:none;overflow:hidden\" scrolling=\"no\" frameborder=\"0\" allowfullscreen=\"true\" allow=\"autoplay; clipboard-write; encrypted-media; picture-in-picture; web-share\" 0=\"\/iframe\" class=\"iframe-class\"><\/iframe>\n<\/p>\n<p><span class=\"x193iq5w xeuugli x13faqbe x1vvkbs x1xmvt09 x1lliihq x1s928wv xhkezso x1gmr53x x1cpjm7i x1fgarty x1943h6x xudqn12 x3x7a5m x1f6kntn xvq8zen xo1l8bm xzsf02u x1yc453h\" dir=\"auto\">Va tr\u00e9s a\u00f1os and\u00e1bemos asina, con m\u00e1zcara y tov\u00eda con precuru pa nun contaxanos. Esti andanciu \u00abCOVID\u00bb, ensin invitaci\u00f3n, camud\u00f3 les nueses vides.\u00a0 <\/span><\/p>\n<p><span class=\"x193iq5w xeuugli x13faqbe x1vvkbs x1xmvt09 x1lliihq x1s928wv xhkezso x1gmr53x x1cpjm7i x1fgarty x1943h6x xudqn12 x3x7a5m x1f6kntn xvq8zen xo1l8bm xzsf02u x1yc453h\" dir=\"auto\">Mar\u00eda Luengo y Bel\u00e9n tan grabando y faciendo entrevistes pa un <span style=\"color: #008080\"><strong>reportaxe d&#8217;Asturias.repor sobre la Llingua<\/strong><\/span>. Los ne\u00f1os d&#8217;un grupu de quintu esfrutaron de la visita y pudieron comprobar, de primera mano, c\u00f3mo trabayen estes profesionales de la comunicaci\u00f3n. Ensin dulda, un perguapa esperiencia pa recordar&#8230; Gracies a quienes lo fixeron posible! Pr\u00e9stanos pola vida falar n&#8217;asturianu!<\/span><\/p>\n","protected":false},"excerpt":{"rendered":"<p>Va tr\u00e9s a\u00f1os and\u00e1bemos asina, con m\u00e1zcara y tov\u00eda con precuru pa nun contaxanos. Esti andanciu \u00abCOVID\u00bb, ensin invitaci\u00f3n, camud\u00f3 les nueses vides.\u00a0 Mar\u00eda Luengo y Bel\u00e9n tan grabando y faciendo entrevistes pa un reportaxe d&#8217;Asturias.repor sobre la Llingua. Los ne\u00f1os d&#8217;un grupu de quintu esfrutaron de la visita y pudieron comprobar, de primera mano, [&hellip;]<\/p>\n","protected":false},"author":117,"featured_media":0,"comment_status":"open","ping_status":"open","sticky":false,"template":"","format":"standard","meta":{"footnotes":""},"categories":[64,140],"tags":[],"class_list":["post-44494","post","type-post","status-publish","format-standard","hentry","category-carmen-ruiz-tilve","category-covid-19"],"_links":{"self":[{"href":"https:\/\/edublog.educastur.es\/ixuxu\/wp-json\/wp\/v2\/posts\/44494","targetHints":{"allow":["GET"]}}],"collection":[{"href":"https:\/\/edublog.educastur.es\/ixuxu\/wp-json\/wp\/v2\/posts"}],"about":[{"href":"https:\/\/edublog.educastur.es\/ixuxu\/wp-json\/wp\/v2\/types\/post"}],"author":[{"embeddable":true,"href":"https:\/\/edublog.educastur.es\/ixuxu\/wp-json\/wp\/v2\/users\/117"}],"replies":[{"embeddable":true,"href":"https:\/\/edublog.educastur.es\/ixuxu\/wp-json\/wp\/v2\/comments?post=44494"}],"version-history":[{"count":2,"href":"https:\/\/edublog.educastur.es\/ixuxu\/wp-json\/wp\/v2\/posts\/44494\/revisions"}],"predecessor-version":[{"id":44560,"href":"https:\/\/edublog.educastur.es\/ixuxu\/wp-json\/wp\/v2\/posts\/44494\/revisions\/44560"}],"wp:attachment":[{"href":"https:\/\/edublog.educastur.es\/ixuxu\/wp-json\/wp\/v2\/media?parent=44494"}],"wp:term":[{"taxonomy":"category","embeddable":true,"href":"https:\/\/edublog.educastur.es\/ixuxu\/wp-json\/wp\/v2\/categories?post=44494"},{"taxonomy":"post_tag","embeddable":true,"href":"https:\/\/edublog.educastur.es\/ixuxu\/wp-json\/wp\/v2\/tags?post=44494"}],"curies":[{"name":"wp","href":"https:\/\/api.w.org\/{rel}","templated":true}]}}