{"id":44504,"date":"2025-03-21T11:10:25","date_gmt":"2025-03-21T09:10:25","guid":{"rendered":"https:\/\/edublog.educastur.es\/ixuxu\/?p=44504"},"modified":"2025-03-23T18:42:41","modified_gmt":"2025-03-23T16:42:41","slug":"poema-el-vestidin-blancu-david-fueyo","status":"publish","type":"post","link":"https:\/\/edublog.educastur.es\/ixuxu\/2025\/03\/poema-el-vestidin-blancu-david-fueyo\/","title":{"rendered":"Poema: \u00abEl vestid\u00edn blancu\u00bb (David Fueyo)"},"content":{"rendered":"<p style=\"text-align: center\"><a href=\"https:\/\/fusionasturias.com\/wp-content\/uploads\/2025\/03\/el-vestidin-blancu-min.jpg.webp\"><img loading=\"lazy\" decoding=\"async\" class=\"aligncenter \" src=\"https:\/\/fusionasturias.com\/wp-content\/uploads\/2025\/03\/el-vestidin-blancu-min.jpg.webp\" width=\"735\" height=\"503\" \/><\/a><\/p>\n<div class=\"x5yr21d xw2csxc x1odjw0f x1n2onr6\">\n<div class=\"x9f619 x78zum5 xdt5ytf x5yr21d xexx8yu x1pi30zi x1l90r2v x1swvt13 x10l6tqk xh8yej3\">\n<div>\n<div class=\"x9f619 xjbqb8w x78zum5 x168nmei x13lgxp2 x5pf9jr xo71vjh xsag5q8 xz9dl7a x1uhb9sk x1plvlek xryxfnj x1c4vz4f x2lah0s x1q0g3np xqjyukv x1qjc9v5 x1oa3qoh x1nhvcw1\">\n<div class=\"x9f619 xjbqb8w x78zum5 x168nmei x13lgxp2 x5pf9jr xo71vjh x1uhb9sk x1plvlek xryxfnj x1iyjqo2 x2lwn1j xeuugli x1q0g3np xqjyukv x1qjc9v5 x1oa3qoh x1nhvcw1\">\n<div class=\"x9f619 xjbqb8w x78zum5 x168nmei x13lgxp2 x5pf9jr xo71vjh x1uhb9sk x1plvlek xryxfnj x1iyjqo2 x2lwn1j xeuugli xdt5ytf xqjyukv x1qjc9v5 x1oa3qoh x1nhvcw1\">\n<div class=\"x9f619 xjbqb8w x78zum5 x168nmei x13lgxp2 x5pf9jr xo71vjh x1uhb9sk x1plvlek xryxfnj x1c4vz4f x2lah0s xdt5ytf xqjyukv x1qjc9v5 x1oa3qoh x1nhvcw1\">\n<p><span class=\"x193iq5w xeuugli x1fj9vlw x13faqbe x1vvkbs xt0psk2 x1i0vuye xvs91rp xo1l8bm x5n08af x10wh9bi x1wdrske x8viiok x18hxmgj\">Tra\u00e9mosvos otru de los poemes de <a class=\"x1i10hfl xjbqb8w x1ejq31n xd10rxx x1sy0etr x17r0tee x972fbf xcfux6l x1qhh985 xm0m39n x9f619 x1ypdohk xt0psk2 xe8uvvx xdj266r x11i5rnm xat24cr x1mh8g0r xexx8yu x4uap5 x18d9i69 xkhd6sd x16tdsg8 x1hl2dhg xggy1nq x1a2a7pz notranslate _a6hd\" role=\"link\" href=\"https:\/\/www.instagram.com\/davidfueyo\/\">@davidfueyo<\/a> qu&#8217;apaecen nel so \u00faltimu poemariu: <strong><a href=\"https:\/\/fusionasturias.com\/otras-secciones\/poesia\/el-vestidin-blancu.htm\">\u00abEl vestid\u00edn blancu\u00bb.<\/a><\/strong><\/span><\/p>\n<p><strong><span style=\"color: #008080\"><em>Pasaba mio g\u00fcela con aque\u1e37\u1e37a bolsina de tela y una \u1e37\u1e37echera pequena, <\/em><\/span><\/strong><br \/>\n<strong><span style=\"color: #008080\"><em>con un vestid\u00edn preciosu, blancu, inmacul\u00e1u, re\u1e37\u1e37uciente; <\/em><\/span><\/strong><br \/>\n<strong><span style=\"color: #008080\"><em>diba \u1e37\u1e37eva-y al mio bisag\u00fcelu la comida a la boca del pozu, <\/em><\/span><\/strong><br \/>\n<strong><span style=\"color: #008080\"><em>y dacuando, de\u1e37\u1e37es vegaes <\/em><\/span><\/strong><br \/>\n<strong><span style=\"color: #008080\"><em>oy\u00eda\u2019l monte \u1e37\u1e37amar: <\/em><\/span><\/strong><br \/>\n<strong><span style=\"color: #008080\"><em>Nena, nena, ven equ\u00ed, <\/em><\/span><\/strong><br \/>\n<strong><span style=\"color: #008080\"><em>nun tengas mieu.<\/em><\/span><\/strong><\/p>\n<p><!--more--><\/p>\n<p><strong><span style=\"color: #008080\"><em>Mio g\u00fcela a d\u00eda de g\u00fcei nun sabe esplicame <\/em><\/span><\/strong><br \/>\n<strong><span style=\"color: #008080\"><em>por qu\u00e9 dacuando, <\/em><\/span><\/strong><br \/>\n<strong><span style=\"color: #008080\"><em>ensin querer <\/em><\/span><\/strong><br \/>\n<strong><span style=\"color: #008080\"><em>dexaba al so padre aquel d\u00eda ensin comida nin agua, <\/em><\/span><\/strong><br \/>\n<strong><span style=\"color: #008080\"><em>pos, y\u00e1 queriendo, <\/em><\/span><\/strong><br \/>\n<strong><span style=\"color: #008080\"><em>ensin que los guardias se enteraren, <\/em><\/span><\/strong><br \/>\n<strong><span style=\"color: #008080\"><em>dalguna de les vegaes <\/em><\/span><\/strong><br \/>\n<strong><span style=\"color: #008080\"><em>cay\u00edase-y la comida y la \u1e37\u1e37echera en cualesquier rinc\u00f3n discretu, <\/em><\/span><\/strong><br \/>\n<strong><span style=\"color: #008080\"><em>por qu\u2019esi monte que falaba con voz d\u2019home con fame <\/em><\/span><\/strong><br \/>\n<strong><span style=\"color: #008080\"><em>quitara la sede per unes hores, <\/em><\/span><\/strong><br \/>\n<strong><span style=\"color: #008080\"><em>el mamb\u00eds inh\u00f3spitu y eternu <\/em><\/span><\/strong><br \/>\n<strong><span style=\"color: #008080\"><em>del que tienen en bayura los venc\u00edos, <\/em><\/span><\/strong><br \/>\n<strong><span style=\"color: #008080\"><em>los repudiaos, los malditos.<\/em><\/span><\/strong><strong><span style=\"color: #008080\"><em><ins id=\"revive-0-3\" data-revive-zoneid=\"10\" data-revive-id=\"b414575399dc24700eed029c98451c9c\" data-revive-seq=\"3\" data-revive-loaded=\"1\"><\/p>\n<div id=\"beacon_f492868b50\"><img loading=\"lazy\" decoding=\"async\" src=\"https:\/\/publi.fusionasturias.com\/www\/delivery\/lg.php?bannerid=0&amp;campaignid=0&amp;zoneid=10&amp;loc=https%3A%2F%2Ffusionasturias.com%2Fotras-secciones%2Fpoesia%2Fel-vestidin-blancu.htm&amp;cb=f492868b50\" alt=\"\" width=\"0\" height=\"0\" \/><\/div>\n<p><\/ins><\/em><\/span><\/strong><\/p>\n<p><strong><span style=\"color: #008080\"><em>Mio g\u00fcela diz qu\u2019inda g\u00fcei,<\/em><\/span><\/strong><br \/>\n<strong><span style=\"color: #008080\"><em>nes sos \u1e37\u1e37argues nueches de viuda de mineru que morri\u00f3 demasiado xoven,<\/em><\/span><\/strong><br \/>\n<strong><span style=\"color: #008080\"><em>escucha disparos de llue\u00f1e<\/em><\/span><\/strong><br \/>\n<strong><span style=\"color: #008080\"><em>y entemec\u00edos col ru\u00edu de la so m\u00e1quina d\u2019os\u00edxenu<\/em><\/span><\/strong><br \/>\n<strong><span style=\"color: #008080\"><em>vuelven los xuxurios que-y dicen:<\/em><\/span><\/strong><br \/>\n<strong><span style=\"color: #008080\"><em>Nena nena, ven equ\u00ed, nun tengas mieu, y yo<\/em><\/span><\/strong><br \/>\n<strong><span style=\"color: #008080\"><em>d\u00edgo-y que m\u00b4acomp\u00e1\u00f1e a m\u00ed,<\/em><\/span><\/strong><br \/>\n<strong><span style=\"color: #008080\"><em>que nun tenga priesa en volver a ponese esi vestid\u00edn preciosu,<\/em><\/span><\/strong><br \/>\n<strong><span style=\"color: #008080\"><em>blancu, inmacul\u00e1u y re\u1e37\u1e37uciente,<\/em><\/span><\/strong><br \/>\n<strong><span style=\"color: #008080\"><em>col que nel cielu, los perdedores, de xuru,<\/em><\/span><\/strong><br \/>\n<strong><span style=\"color: #008080\"><em>van tar esper\u00e1ndola.<\/em><\/span><\/strong><\/p>\n<p>\u270d\ufe0f David Fueyo, poeta, columnista y maestru, presenta \u00abFondures\u00bb (<a class=\"x1i10hfl xjbqb8w x1ejq31n xd10rxx x1sy0etr x17r0tee x972fbf xcfux6l x1qhh985 xm0m39n x9f619 x1ypdohk xt0psk2 xe8uvvx xdj266r x11i5rnm xat24cr x1mh8g0r xexx8yu x4uap5 x18d9i69 xkhd6sd x16tdsg8 x1hl2dhg xggy1nq x1a2a7pz notranslate _a6hd\" role=\"link\" href=\"https:\/\/www.instagram.com\/bajamareditores\/\">@bajamareditores<\/a>), obra que revisita la vieya tradici\u00f3n de los poemarios mineros con una visi\u00f3n anovada. Esti poemariu, escritu \u00edntegramente n&#8217;asturianu, llega como una propuesta po\u00e9tica que xunta tradici\u00f3n y modernid\u00e1, revisitando la hestoria y l&#8217;alma de la mina.<\/p>\n<\/div>\n<\/div>\n<\/div>\n<\/div>\n<\/div>\n<\/div>\n<\/div>\n<p>&nbsp;<\/p>\n","protected":false},"excerpt":{"rendered":"<p>Tra\u00e9mosvos otru de los poemes de @davidfueyo qu&#8217;apaecen nel so \u00faltimu poemariu: \u00abEl vestid\u00edn blancu\u00bb. Pasaba mio g\u00fcela con aque\u1e37\u1e37a bolsina de tela y una \u1e37\u1e37echera pequena, con un vestid\u00edn preciosu, blancu, inmacul\u00e1u, re\u1e37\u1e37uciente; diba \u1e37\u1e37eva-y al mio bisag\u00fcelu la comida a la boca del pozu, y dacuando, de\u1e37\u1e37es vegaes oy\u00eda\u2019l monte \u1e37\u1e37amar: Nena, nena, [&hellip;]<\/p>\n","protected":false},"author":117,"featured_media":0,"comment_status":"open","ping_status":"open","sticky":false,"template":"","format":"standard","meta":{"footnotes":""},"categories":[39],"tags":[],"class_list":["post-44504","post","type-post","status-publish","format-standard","hentry","category-poesia"],"_links":{"self":[{"href":"https:\/\/edublog.educastur.es\/ixuxu\/wp-json\/wp\/v2\/posts\/44504","targetHints":{"allow":["GET"]}}],"collection":[{"href":"https:\/\/edublog.educastur.es\/ixuxu\/wp-json\/wp\/v2\/posts"}],"about":[{"href":"https:\/\/edublog.educastur.es\/ixuxu\/wp-json\/wp\/v2\/types\/post"}],"author":[{"embeddable":true,"href":"https:\/\/edublog.educastur.es\/ixuxu\/wp-json\/wp\/v2\/users\/117"}],"replies":[{"embeddable":true,"href":"https:\/\/edublog.educastur.es\/ixuxu\/wp-json\/wp\/v2\/comments?post=44504"}],"version-history":[{"count":3,"href":"https:\/\/edublog.educastur.es\/ixuxu\/wp-json\/wp\/v2\/posts\/44504\/revisions"}],"predecessor-version":[{"id":44552,"href":"https:\/\/edublog.educastur.es\/ixuxu\/wp-json\/wp\/v2\/posts\/44504\/revisions\/44552"}],"wp:attachment":[{"href":"https:\/\/edublog.educastur.es\/ixuxu\/wp-json\/wp\/v2\/media?parent=44504"}],"wp:term":[{"taxonomy":"category","embeddable":true,"href":"https:\/\/edublog.educastur.es\/ixuxu\/wp-json\/wp\/v2\/categories?post=44504"},{"taxonomy":"post_tag","embeddable":true,"href":"https:\/\/edublog.educastur.es\/ixuxu\/wp-json\/wp\/v2\/tags?post=44504"}],"curies":[{"name":"wp","href":"https:\/\/api.w.org\/{rel}","templated":true}]}}