{"id":44505,"date":"2025-03-23T13:25:20","date_gmt":"2025-03-23T11:25:20","guid":{"rendered":"https:\/\/edublog.educastur.es\/ixuxu\/?p=44505"},"modified":"2025-03-24T10:25:57","modified_gmt":"2025-03-24T08:25:57","slug":"44505","status":"publish","type":"post","link":"https:\/\/edublog.educastur.es\/ixuxu\/2025\/03\/44505\/","title":{"rendered":"\u00abAsturies Esterior\u00bb: mapa interactivu pa poder atopar a m\u00e1s asturianos pel mundu"},"content":{"rendered":"<div class=\"html-div xdj266r xat24cr x1mh8g0r xexx8yu x4uap5 x18d9i69 xkhd6sd x78zum5 x2lah0s xqtp20y x1emribx\">\n<div class=\"xc9qbxq x1td3qas x6s0dn4 x78zum5 xl56j7k\">\n<div class=\"\" style=\"text-align: center\"><a href=\"https:\/\/estaticos-cdn.prensaiberica.es\/clip\/71913c8c-878a-43bd-a3c0-809599af21f3_16-9-discover-aspect-ratio_default_0.webp\"><img loading=\"lazy\" decoding=\"async\" class=\"aligncenter \" src=\"https:\/\/estaticos-cdn.prensaiberica.es\/clip\/71913c8c-878a-43bd-a3c0-809599af21f3_16-9-discover-aspect-ratio_default_0.webp\" width=\"587\" height=\"330\" \/><\/a><\/div>\n<\/div>\n<\/div>\n<div class=\"x78zum5 xdt5ytf xz62fqu x16ldp7u\">\n<div class=\"xu06os2 x1ok221b\">\n<div class=\"html-div xdj266r x11i5rnm xat24cr x1mh8g0r xexx8yu x4uap5 x18d9i69 xkhd6sd\" data-ad-rendering-role=\"profile_name\">\n<ul>\n<li class=\"html-h3 x11i5rnm xat24cr x1mh8g0r xexx8yu x4uap5 x18d9i69 xkhd6sd x1vvkbs x1heor9g x1qlqyl8 x1pd3egz x1a2a7pz x1gslohp x1yc453h\"><span class=\"x1lliihq x6ikm8r x10wlt62 x1n2onr6\"><span class=\"xt0psk2\"><span class=\"xjp7ctv\"><a class=\"x1i10hfl xjbqb8w x1ejq31n xd10rxx x1sy0etr x17r0tee x972fbf xcfux6l x1qhh985 xm0m39n x9f619 x1ypdohk xt0psk2 xe8uvvx xdj266r x11i5rnm xat24cr x1mh8g0r xexx8yu x4uap5 x18d9i69 xkhd6sd x16tdsg8 x1hl2dhg xggy1nq x1a2a7pz xkrqix3 x1sur9pj xzsf02u x1s688f\" role=\"link\" href=\"https:\/\/www.facebook.com\/nuevaespana?__cft__[0]=AZUs1u_v0q0exlBz3TM1hV1yCx5Gw-TdC_AIsfaf-mq_ZeDUqOwW8nEpo0Rlo8e41dIblzJ7jbhUSeEkEqrnBUjzNtm9tI6psSlH2XFD1XXCT6-W7XTAJdffHmY9CQOAQr2S7Sh3bRYoaOC1tofOB09569QAp3yWDj6NDTsSwUxcxr43fXEb_YmJzLSG0Fs0V98qRDG5MsFJw0ottQqLw46EndSnaZi7YWh2RPMuYWcoGA&amp;__tn__=-UC%2CP-y-R\"><strong class=\"html-strong xdj266r x11i5rnm xat24cr x1mh8g0r xexx8yu x4uap5 x18d9i69 xkhd6sd x1hl2dhg x16tdsg8 x1vvkbs x1s688f\"><span class=\"html-span xdj266r x11i5rnm xat24cr x1mh8g0r xexx8yu x4uap5 x18d9i69 xkhd6sd x1hl2dhg x16tdsg8 x1vvkbs\">LNE.es<\/span><\/strong><\/a><\/span><\/span> <\/span>\/<a href=\"https:\/\/www.facebook.com\/groups\/994869262326496\/?rdid=jxmaPYMKE4gAldk3\"> enllaz Facebook<\/a> \/ <a class=\"ft-link ft-link--decoration\" href=\"https:\/\/chat.whatsapp.com\/JmA9mhWkONKLZ4kcR67nHV\" rel=\"nofollow\"> enllaz Whatsapp<\/a>\/<\/li>\n<\/ul>\n<\/div>\n<\/div>\n<\/div>\n<div class=\"html-div xdj266r x11i5rnm xat24cr x1mh8g0r xexx8yu x4uap5 x18d9i69 xkhd6sd\" dir=\"auto\">\n<div class=\"html-div xdj266r x11i5rnm xat24cr x1mh8g0r xexx8yu x4uap5 x18d9i69 xkhd6sd\" data-ad-rendering-role=\"story_message\">\n<div class=\"x1l90r2v x1iorvi4 x1ye3gou xn6708d\" data-ad-comet-preview=\"message\" data-ad-preview=\"message\">\n<div class=\"x78zum5 xdt5ytf xz62fqu x16ldp7u\">\n<div class=\"xu06os2 x1ok221b\">\n<div class=\"xdj266r x11i5rnm xat24cr x1mh8g0r x1vvkbs x126k92a\">\n<div dir=\"auto\">Si yes asturianu, pero nun vives na rex\u00f3n&#8230; \u00a1Tenemos daqu\u00e9 para ti! Entra nesti mapa interactivu y atopa a m\u00e1s asturianos pel mundu como tu, seg\u00fan esfruta de munches ventayes si te sumes a esta gran comunid\u00e1. Nel casu de <strong>Whatsapp,\u00a0<\/strong>basta qu&#8217;accedas <a class=\"ft-link ft-link--decoration\" href=\"https:\/\/chat.whatsapp.com\/JmA9mhWkONKLZ4kcR67nHV\" rel=\"nofollow\">a esti enllaz<\/a> para entrar a participar.<\/div>\n<div dir=\"auto\"><!--more--><\/div>\n<\/div>\n<\/div>\n<div dir=\"auto\" style=\"text-align: center\"><a href=\"https:\/\/estaticos-cdn.prensaiberica.es\/clip\/14e39d4e-bc48-40c7-bbdb-7b584dae05fa_16-9-discover-aspect-ratio_default_0_x949y710.webp\"><img loading=\"lazy\" decoding=\"async\" class=\"aligncenter \" src=\"https:\/\/estaticos-cdn.prensaiberica.es\/clip\/14e39d4e-bc48-40c7-bbdb-7b584dae05fa_16-9-discover-aspect-ratio_default_0_x949y710.webp\" width=\"286\" height=\"161\" \/><\/a><\/div>\n<div class=\"xu06os2 x1ok221b\">\n<div dir=\"auto\">Todo asturianu que, pola raz\u00f3n que s\u00eda, vive fora de la so tierra fortalez un venceyu con ella que y\u00e1 de por s\u00ed yera especialmente fuerte. Un efectu que se multiplica a midida que ese asturianu -y\u00e1 lo s\u00eda de nacencia, de sentimientu o descendencia- desenvuelve la so vida m\u00e1s llue\u00f1e del Princip\u00e1u.<\/div>\n<div dir=\"auto\"><\/div>\n<div dir=\"auto\">Para toos esos que formen ese gran centru asturianu global que s&#8217;atopa esvalix\u00e1u m\u00e1s all\u00e1 de Payares y m\u00e1s all\u00e1 de los oc\u00e9anos, a lo llargo y anchu del mundu, esiste un puntu de xunta, un llugar d&#8217;alcuentru onde puede converxer tou esi talentu \u00e1stur trem\u00e1u: el mapa interactivu \u00ab\u00bf\u00d3nde tas?\u00bb de \u00abAsturies Esterior\u00bb, la canal creada por LA NUEVA ESPA\u00d1A para apigurar y fortalecer esa gran comunid\u00e1 asturiana na di\u00e1spora.<\/div>\n<div class=\"xdj266r x11i5rnm xat24cr x1mh8g0r x1vvkbs x126k92a\">\n<div dir=\"auto\"><\/div>\n<\/div>\n<\/div>\n<\/div>\n<\/div>\n<\/div>\n<\/div>\n<p style=\"text-align: center\"><a href=\"https:\/\/asturiasexterior.lne.es\/widget\/exterior_map2.png\"><img loading=\"lazy\" decoding=\"async\" class=\"aligncenter size-large\" src=\"https:\/\/asturiasexterior.lne.es\/widget\/exterior_map2.png\" width=\"452\" height=\"433\" \/><\/a><\/p>\n<p style=\"text-align: left\">Ye por eso que, si tu vives fora d&#8217;Asturies y quies saber qu\u00e9 asturianos hai cerca de ti -y da igual el puntu del mundu nel que te atopes-, esti mapa supon la m\u00e1s novedosa ferramienta para faelo y, de cam\u00edn, fortalecer una comunid\u00e1 que tien de mancom\u00fan el so enorme talentu seg\u00fan, primero de too, un infrayable sentimientu de pertenencia a esta <strong>\u00abAsturies Esterior\u00bb.<\/strong><\/p>\n<p style=\"text-align: left\">M\u00e1s de 820 asturianos que viven fora, dende Nueva Zelanda a California o dende Islandia hasta Madagascar, formen y\u00e1 parte d&#8217;esti mapa interactivu que se convirti\u00f3 n&#8217;una realid\u00e1 como gran aglutinador de les esperiencies y les capacidaes que demuestren los asturianos all\u00e1 por onde van. Solo tienes que salear pol mapa para atopar otros asturianos que, como tu, viven llue\u00f1e de la so tierra.<\/p>\n<p>El mapa interactivu <strong>\u00ab\u00bf\u00d3nde tas?\u00bb<\/strong> dexa a los asturianos que viven m\u00e1s all\u00e1 de les llendes de la rex\u00f3n, <strong>y\u00e1 s\u00eda n&#8217;otres comunidaes d&#8217;Espa\u00f1a o nel estranxeru<\/strong>, allugase, cuntar lo que deseyen de la so esperiencia y compartir, si asina lu quieren, dalg\u00fan contactu al travi\u00e9s de les sos redes sociales para facilitar l&#8217;intercambiu ente los miles de persones llenes de talentu y conocencia que conformen esi universu \u00e1stur fuera del Princip\u00e1u.<\/p>\n<p><strong>El mapa pretende ser una ferramienta d&#8217;acercamientu ente los nac\u00edos n&#8217;Asturies<\/strong>, y tami\u00e9n los descendientes de quien emigraron va d\u00e9cades, por que, como fixeron aquellos emigrantes de la folada qu&#8217;enllen\u00f3 Am\u00e9rica d&#8217;asturianos, collaboren pa progresar. Foi aquella rede de solidarid\u00e1 mutua -en munchos casos de tal valumbu que s&#8217;adelantr\u00f3 a les estructures l&#8217;est\u00e1u del bienestar- la que se convirti\u00f3 nel verdaderu elementu distintivu de comunidaes asturianes como les que s&#8217;asitiaron en Cuba o Arxentina.<\/p>\n<p>Agora, de forma novedosa, establezse xuna rede global na que resulta bien f\u00e1cil participar. <strong>Tan solo tienes que rexistrate siguiendo unos senciellos pasos que van llevar poco tiempu.<\/strong> Al aportar al mapa interactivu de \u00abAsturies Esterior\u00bb y empecipiar el procesu de rexistru van abr\u00edsete unes ventanes que t&#8217;empondr\u00e1n nel procesu con toles garant\u00edes. Puedes decidir los datos que deseyes compartir y, al t\u00e9rminu del procesu de rexistru, solo vas tener qu&#8217;esperar a que tou s\u00eda valid\u00e1u t\u00e9cnicamente pol sistema.<\/p>\n<p>Una vegada apuntares, vas poder ver y conocer a otros asturianos que viven a lo llargo y anchu del planeta que y\u00e1 se sumaron a esta gran comunid\u00e1. <strong>Am\u00e1s, vas tener accesu a una newsletter selmanal, \u00abCarta dende&#8217;l Para\u00edsu\u00bb,<\/strong> que te caltendr\u00e1 inform\u00e1u d&#8217;asuntos y servicios d&#8217;inter\u00e9s pa la di\u00e1spora asturiana, y vas poder beneficiate de m\u00e1s sorpreses que vamos dir cuntando m\u00e1s palantre y van tar acutaes pa los integrantes d&#8217;esta gran comunid\u00e1 \u00e1stur mundial.<\/p>\n<p>El grupu de Facebook pres\u00e9ntase a los usuarios como una esperiencia inda m\u00e1s abierta a la interactivid\u00e1. Al igual qu&#8217;en Whatsapp, compartise conten\u00edu d&#8217;inter\u00e9s en distintos formatos. Y, am\u00e1s, los usuarios pueden compartir col restu de manera directa conten\u00edu d&#8217;inter\u00e9s y rellacion\u00e1u cola so esperiencia viviendo fuera del Princip\u00e1u: <strong>fotograf\u00edes, postales, an\u00e9cdotes, alcordances&#8230;<\/strong> Esta forma de comunicaci\u00f3n dixital puede fortalecer una conex\u00f3n m\u00e1s estrecha ente los participantes. Pa establecer contactu con esta comunid\u00e1, hai que tener perfil de Facebook y aportar dende\u00a0 <a class=\"ft-link ft-link--decoration\" href=\"https:\/\/www.facebook.com\/nuevaespana?locale=es_ES\" rel=\"nofollow\">la p\u00e1xina de LA NUEVA ESPA\u00d1A nesta rede social<\/a> o, directamente, dende <a class=\"ft-link ft-link--decoration\" href=\"https:\/\/www.facebook.com\/share\/8dbmxFsshYcRTNNt\/\" rel=\"nofollow\">esti enllaz<\/a>.<\/p>\n","protected":false},"excerpt":{"rendered":"<p>LNE.es \/ enllaz Facebook \/ enllaz Whatsapp\/ Si yes asturianu, pero nun vives na rex\u00f3n&#8230; \u00a1Tenemos daqu\u00e9 para ti! Entra nesti mapa interactivu y atopa a m\u00e1s asturianos pel mundu como tu, seg\u00fan esfruta de munches ventayes si te sumes a esta gran comunid\u00e1. Nel casu de Whatsapp,\u00a0basta qu&#8217;accedas a esti enllaz para entrar a [&hellip;]<\/p>\n","protected":false},"author":117,"featured_media":0,"comment_status":"open","ping_status":"open","sticky":false,"template":"","format":"standard","meta":{"footnotes":""},"categories":[44,69,1],"tags":[],"class_list":["post-44505","post","type-post","status-publish","format-standard","hentry","category-asturianu","category-mapes","category-sin-categoria"],"_links":{"self":[{"href":"https:\/\/edublog.educastur.es\/ixuxu\/wp-json\/wp\/v2\/posts\/44505","targetHints":{"allow":["GET"]}}],"collection":[{"href":"https:\/\/edublog.educastur.es\/ixuxu\/wp-json\/wp\/v2\/posts"}],"about":[{"href":"https:\/\/edublog.educastur.es\/ixuxu\/wp-json\/wp\/v2\/types\/post"}],"author":[{"embeddable":true,"href":"https:\/\/edublog.educastur.es\/ixuxu\/wp-json\/wp\/v2\/users\/117"}],"replies":[{"embeddable":true,"href":"https:\/\/edublog.educastur.es\/ixuxu\/wp-json\/wp\/v2\/comments?post=44505"}],"version-history":[{"count":7,"href":"https:\/\/edublog.educastur.es\/ixuxu\/wp-json\/wp\/v2\/posts\/44505\/revisions"}],"predecessor-version":[{"id":44564,"href":"https:\/\/edublog.educastur.es\/ixuxu\/wp-json\/wp\/v2\/posts\/44505\/revisions\/44564"}],"wp:attachment":[{"href":"https:\/\/edublog.educastur.es\/ixuxu\/wp-json\/wp\/v2\/media?parent=44505"}],"wp:term":[{"taxonomy":"category","embeddable":true,"href":"https:\/\/edublog.educastur.es\/ixuxu\/wp-json\/wp\/v2\/categories?post=44505"},{"taxonomy":"post_tag","embeddable":true,"href":"https:\/\/edublog.educastur.es\/ixuxu\/wp-json\/wp\/v2\/tags?post=44505"}],"curies":[{"name":"wp","href":"https:\/\/api.w.org\/{rel}","templated":true}]}}