{"id":44681,"date":"2025-03-25T18:08:16","date_gmt":"2025-03-25T16:08:16","guid":{"rendered":"https:\/\/edublog.educastur.es\/ixuxu\/?p=44681"},"modified":"2025-03-25T18:17:47","modified_gmt":"2025-03-25T16:17:47","slug":"ii-edicion-de-la-x-o-t-a-la-xira-loriente-trad-alcuentru","status":"publish","type":"post","link":"https:\/\/edublog.educastur.es\/ixuxu\/2025\/03\/ii-edicion-de-la-x-o-t-a-la-xira-loriente-trad-alcuentru\/","title":{"rendered":"II edici\u00f3n de la X.O.T.A. (La Xira L&#8217;Oriente Trad Alcuentru)"},"content":{"rendered":"<div class=\"html-div xdj266r x11i5rnm xat24cr x1mh8g0r xexx8yu x4uap5 x18d9i69 xkhd6sd x1q0g3np\" style=\"text-align: center\"><a href=\"https:\/\/musicasturiana.com\/wp-content\/uploads\/2025\/03\/la-xota-cartelu-1000x1248.jpeg\"><img loading=\"lazy\" decoding=\"async\" class=\"aligncenter \" src=\"https:\/\/musicasturiana.com\/wp-content\/uploads\/2025\/03\/la-xota-cartelu-1000x1248.jpeg\" width=\"746\" height=\"931\" \/><\/a><\/div>\n<ul>\n<li>Fonte: <a href=\"https:\/\/musicasturiana.com\/el-festival-la-x-o-t-a-de-llanes-anuncia-les-feches-de-la-so-segunda-edicion\/\">Musicasturiana.com<\/a> \/\u00a0 <span class=\"html-span xdj266r x11i5rnm xat24cr x1mh8g0r xexx8yu x4uap5 x18d9i69 xkhd6sd x1hl2dhg x16tdsg8 x1vvkbs\"><a class=\"x1i10hfl xjbqb8w x1ejq31n xd10rxx x1sy0etr x17r0tee x972fbf xcfux6l x1qhh985 xm0m39n x9f619 x1ypdohk xt0psk2 xe8uvvx xdj266r x11i5rnm xat24cr x1mh8g0r xexx8yu x4uap5 x18d9i69 xkhd6sd x16tdsg8 x1hl2dhg xggy1nq x1a2a7pz xkrqix3 x1sur9pj x1fey0fg x1s688f\" role=\"link\" href=\"https:\/\/l.facebook.com\/l.php?u=https%3A%2F%2Fwww.instagram.com%2F_u%2Fculturallanes%3Ffbclid%3DIwZXh0bgNhZW0CMTAAAR16uld32nyxKCRiEOGLR1_0YPnqc074gv-EpK_85vLIPDEnBmYz4s7gRlM_aem_9wdtZsIIV7JK1h3fBpM0wQ&amp;h=AT2vXJWvYXindLslv7MzBoTxtWOun8-xLgUqFMLwV_78OiaanvH6RthLFuW7d5FDuy018zXHnSDi899b9J4rVAOjOrku2IrIVMhcRpEcL2N-Xl37__ITDarEtluXUYemMA&amp;__tn__=-UK-y-R&amp;c[0]=AT3Yr6WihbpwufSYCHWJvN2F1_CDMufFMaLvzksBpRMLji2WRuP5LDAYl9iYcqcr5Rl6yqCk7a8G7OKTUiQpiJWj3b-yTicAP_oY87jta6yoZ4s1tRs1tLKwuLhs4dE7JHFsmgVRlo7JhHvR1E9ObfMgkglmwQDsKcNkF9dzpkCwmvAQ97hNggezN3L2q_44xYi-FKcrHgfKRUzb5INKOXjMJUgPKGvGKHk\" target=\"_blank\" rel=\"nofollow noopener noreferrer\">@culturallanes<\/a><\/span> <span class=\"html-span xdj266r x11i5rnm xat24cr x1mh8g0r xexx8yu x4uap5 x18d9i69 xkhd6sd x1hl2dhg x16tdsg8 x1vvkbs\"><a class=\"x1i10hfl xjbqb8w x1ejq31n xd10rxx x1sy0etr x17r0tee x972fbf xcfux6l x1qhh985 xm0m39n x9f619 x1ypdohk xt0psk2 xe8uvvx xdj266r x11i5rnm xat24cr x1mh8g0r xexx8yu x4uap5 x18d9i69 xkhd6sd x16tdsg8 x1hl2dhg xggy1nq x1a2a7pz xkrqix3 x1sur9pj x1fey0fg x1s688f\" role=\"link\" href=\"https:\/\/l.facebook.com\/l.php?u=https%3A%2F%2Fwww.instagram.com%2F_u%2Fnieve_sita%3Ffbclid%3DIwZXh0bgNhZW0CMTAAAR1Wpsyj21cUfhwQqYgBDKaf7uiqhiB9GbsIUJ7KyoKiU4hwVSBaItcpIW8_aem_NYJaZTZXSp3bcdVHvzIO3A&amp;h=AT393kui8wet6lIMAcT4m8rIh2UHLq26S1xqo_0KXZhNOFxPf0Mo_d5W7Pnf6kCfSa_6oGJ9zV9YhcNuou1UHlsSmCFuqaFPyeuTBwB-H0gKIr_H_XK8R52iYS1psJqa1Q&amp;__tn__=-UK-y-R&amp;c[0]=AT3Yr6WihbpwufSYCHWJvN2F1_CDMufFMaLvzksBpRMLji2WRuP5LDAYl9iYcqcr5Rl6yqCk7a8G7OKTUiQpiJWj3b-yTicAP_oY87jta6yoZ4s1tRs1tLKwuLhs4dE7JHFsmgVRlo7JhHvR1E9ObfMgkglmwQDsKcNkF9dzpkCwmvAQ97hNggezN3L2q_44xYi-FKcrHgfKRUzb5INKOXjMJUgPKGvGKHk\" target=\"_blank\" rel=\"nofollow noopener noreferrer\">@nieve_sita<\/a><\/span>\u00a0 \/<\/li>\n<\/ul>\n<div class=\"html-div xdj266r x11i5rnm xat24cr x1mh8g0r xexx8yu x4uap5 x18d9i69 xkhd6sd\" dir=\"auto\">\n<div class=\"html-div xdj266r x11i5rnm xat24cr x1mh8g0r xexx8yu x4uap5 x18d9i69 xkhd6sd\" dir=\"auto\">\n<div class=\"html-div xdj266r x11i5rnm xat24cr x1mh8g0r xexx8yu x4uap5 x18d9i69 xkhd6sd\" data-ad-rendering-role=\"story_message\">\n<div class=\"x1l90r2v x1iorvi4 x1ye3gou xn6708d\" data-ad-comet-preview=\"message\" data-ad-preview=\"message\">\n<div class=\"x78zum5 xdt5ytf xz62fqu x16ldp7u\">\n<div class=\"xu06os2 x1ok221b\">\n<div class=\"xdj266r x11i5rnm xat24cr x1mh8g0r x1vvkbs x126k92a\">\n<div dir=\"auto\" style=\"text-align: center\">Atenci\u00f3n xenti!!\u00a0 Ya pod\u00e9is dexar de naguar!! <a href=\"https:\/\/scontent-mad2-1.xx.fbcdn.net\/v\/t51.75761-15\/486552118_18262089094273559_6534260370764112870_n.jpg?stp=dst-jpg_tt6&amp;_nc_cat=108&amp;ccb=1-7&amp;_nc_sid=127cfc&amp;_nc_ohc=_P1N-73ejhEQ7kNvgGwYYHi&amp;_nc_oc=Adlr9CpWGxaXGtV7zO7tLWo0VpVWzlZhO80oKOxj8ztqBFTsxRs1PIMj6cfKTbQRqUc&amp;_nc_zt=23&amp;_nc_ht=scontent-mad2-1.xx&amp;_nc_gid=gmS94oiwcV2giQhTJ5OgEw&amp;oh=00_AYFs8N4wJ8598IjhKyUw7C_-vDVtJfNaLtW17zlcoqv1jQ&amp;oe=67E8C04D\"><em><strong>Imaxe<\/strong><\/em><\/a><br \/>\nLlega la<strong><span style=\"color: #008080\"> II edici\u00f3n de la X.O.T.A. (La Xira L&#8217;Oriente Trad Alcuentru)<\/span><\/strong>!! Torna&#8217;l baille, torna la folixa, tornen los alcuentros colos vecinos, tornen las emociones h.uertes hehehe!! <span class=\"html-span xexx8yu x4uap5 x18d9i69 xkhd6sd x1hl2dhg x16tdsg8 x1vvkbs x3nfvp2 x1j61x8r x1fcty0u xdj266r xat24cr xgzva0m xhhsvwb xxymvpz xlup9mm x1kky2od\"><img loading=\"lazy\" decoding=\"async\" class=\"xz74otr x168nmei x13lgxp2 x5pf9jr xo71vjh\" src=\"https:\/\/static.xx.fbcdn.net\/images\/emoji.php\/v9\/t50\/1\/16\/1f525.png\" alt=\"\ud83d\udd25\" width=\"16\" height=\"16\" \/><\/span><span class=\"html-span xexx8yu x4uap5 x18d9i69 xkhd6sd x1hl2dhg x16tdsg8 x1vvkbs x3nfvp2 x1j61x8r x1fcty0u xdj266r xat24cr xgzva0m xhhsvwb xxymvpz xlup9mm x1kky2od\"><img loading=\"lazy\" decoding=\"async\" class=\"xz74otr x168nmei x13lgxp2 x5pf9jr xo71vjh\" src=\"https:\/\/static.xx.fbcdn.net\/images\/emoji.php\/v9\/t50\/1\/16\/1f525.png\" alt=\"\ud83d\udd25\" width=\"16\" height=\"16\" \/> <\/span>Guardade la fecha que ya est\u00e1 eh\u00ed!!<\/div>\n<div dir=\"auto\"><!--more--><\/div>\n<\/div>\n<div dir=\"auto\">\n<p>Tres del \u00e9xitu de la edici\u00f3n del pas\u00e1u a\u00f1u, torna la\u00a0<em><strong>La X.O.T.A., Xira L\u2019Oriente Trad Alcuentru<\/strong><\/em>. El 6 y 7 de xunu en Llanes esti\u00a0<strong>festival de m\u00fasica y baille<\/strong>\u00a0inspir\u00e1u na\u00a0<strong>tradici\u00f3n<\/strong>, va acoyer dende les manifestaciones m\u00e1s pr\u00f3ximes a la tresmisi\u00f3n oral hasta otres m\u00e1s\u00a0<strong>creatives\u00a0<\/strong>y\u00a0<strong>vanguardistes<\/strong>. Nes pr\u00f3ximes selmanes el\u00a0<strong>Grupu Etnogr\u00e1ficu L\u2019Oriente\u00a0<\/strong>de la Asociaci\u00f3n Cultural Llac\u00edn -organizador d\u2019esti eventu que cunta col sofitu del Conceyu de Llanes- va dar anuncia de les actividaes.<\/p>\n<p>Na programaci\u00f3n del pas\u00e1u a\u00f1u hubo en\u00a0<strong>Porr\u00faa\u00a0<\/strong>un<strong>\u00a0homenaxe a informantes\u00a0<\/strong>de la zona, un conciertu del tr\u00edu femen\u00edn de percusi\u00f3n\u00a0<strong>6 Riales<\/strong>\u00a0y escenariu abiertu con nueche en danza; mentes qu\u2019en Llanes hubo un<strong>\u00a0taller d\u2019iniciaci\u00f3n al baille gallegu<\/strong>\u00a0y les actuacioens de\u00a0<strong>Pandereteros d\u2019Angua\u00f1o<\/strong>, l\u2019<strong>Andecha Folclor\u00a0<\/strong>d\u2019Uvi\u00e9u, Asociaci\u00f3n Cultural\u00a0<strong>O Fiadeiro\u00a0<\/strong>de Vigo<strong>, Grupu Etnogr\u00e1ficu L\u2019Oriente<\/strong>\u00a0y los conciertos de\u00a0<strong>Draque<\/strong>, el d\u00fau c\u00e1ntabru\u00a0<strong>Casapalma\u00a0<\/strong>y\u00a0<strong>Omiri<\/strong>\u00a0de Portugal, apostando asina por formaciones foriates qu\u2019entemecen\u00a0<strong>tradici\u00f3n y electr\u00f3nica<\/strong>.<\/p>\n<p>\u00abLa Xira \u00f1az col enfotu del G.E.L\u2019Oriente de poner en valor la\u00a0<strong>tradici\u00f3n oral<\/strong>, interpret\u00e1ndola como un\u00a0<strong>hechu cultural vivu\u00a0<\/strong>susceptible d\u2019usase de manera creativa am\u00e1s de tener que cuidase pa la so conservaci\u00f3n. Tami\u00e9n tien l\u2019oxetivu de\u00a0<strong>dinamizar la m\u00fasica y el baille<\/strong>\u00a0tradicional asturianu, creando espacios pa la participaci\u00f3n de las\u00a0<strong>xeneraciones x\u00f3venes\u00a0<\/strong>n\u2019actividades rellacionadas col patrimoniu cultural\u00bb, comenten dende la organizaci\u00f3n del eventu pa desplicar dalgunes de les sos razones de ser. El vienres 6 y s\u00e1badu 7 de xunu, va poder vivise too ello otru a\u00f1u m\u00e1s.<\/p>\n<p style=\"text-align: center\">\n<!-- iframe plugin v.6.0 wordpress.org\/plugins\/iframe\/ -->\n<iframe loading=\"lazy\" src=\"https:\/\/www.facebook.com\/plugins\/post.php?href=https%3A%2F%2Fwww.facebook.com%2Fsanti.galguera%2Fposts%2Fpfbid02H6Bq81Zo7meZpJoMTqTfdvMQ3vkRaJ8apapUea599o8mP2R5SnvTRbkzAwRKZPSSl&#038;show_text=false&#038;width=500\" width=\"500\" height=\"498\" style=\"border:none;overflow:hidden\" scrolling=\"no\" frameborder=\"0\" allowfullscreen=\"true\" allow=\"autoplay; clipboard-write; encrypted-media; picture-in-picture; web-share\" 0=\"\/iframe\" class=\"iframe-class\"><\/iframe>\n<\/p>\n<\/div>\n<div class=\"x11i5rnm xat24cr x1mh8g0r x1vvkbs xtlvy1s x126k92a\">\n<div dir=\"auto\" style=\"text-align: center\"><\/div>\n<\/div>\n<\/div>\n<\/div>\n<\/div>\n<\/div>\n<\/div>\n<\/div>\n<p>&nbsp;<\/p>\n","protected":false},"excerpt":{"rendered":"<p>Fonte: Musicasturiana.com \/\u00a0 @culturallanes @nieve_sita\u00a0 \/ Atenci\u00f3n xenti!!\u00a0 Ya pod\u00e9is dexar de naguar!! Imaxe Llega la II edici\u00f3n de la X.O.T.A. (La Xira L&#8217;Oriente Trad Alcuentru)!! Torna&#8217;l baille, torna la folixa, tornen los alcuentros colos vecinos, tornen las emociones h.uertes hehehe!! Guardade la fecha que ya est\u00e1 eh\u00ed!!<\/p>\n","protected":false},"author":117,"featured_media":0,"comment_status":"open","ping_status":"open","sticky":false,"template":"","format":"standard","meta":{"footnotes":""},"categories":[169,35,125],"tags":[],"class_list":["post-44681","post","type-post","status-publish","format-standard","hentry","category-alcuentru","category-musica","category-musicasturiana-com"],"_links":{"self":[{"href":"https:\/\/edublog.educastur.es\/ixuxu\/wp-json\/wp\/v2\/posts\/44681","targetHints":{"allow":["GET"]}}],"collection":[{"href":"https:\/\/edublog.educastur.es\/ixuxu\/wp-json\/wp\/v2\/posts"}],"about":[{"href":"https:\/\/edublog.educastur.es\/ixuxu\/wp-json\/wp\/v2\/types\/post"}],"author":[{"embeddable":true,"href":"https:\/\/edublog.educastur.es\/ixuxu\/wp-json\/wp\/v2\/users\/117"}],"replies":[{"embeddable":true,"href":"https:\/\/edublog.educastur.es\/ixuxu\/wp-json\/wp\/v2\/comments?post=44681"}],"version-history":[{"count":3,"href":"https:\/\/edublog.educastur.es\/ixuxu\/wp-json\/wp\/v2\/posts\/44681\/revisions"}],"predecessor-version":[{"id":44688,"href":"https:\/\/edublog.educastur.es\/ixuxu\/wp-json\/wp\/v2\/posts\/44681\/revisions\/44688"}],"wp:attachment":[{"href":"https:\/\/edublog.educastur.es\/ixuxu\/wp-json\/wp\/v2\/media?parent=44681"}],"wp:term":[{"taxonomy":"category","embeddable":true,"href":"https:\/\/edublog.educastur.es\/ixuxu\/wp-json\/wp\/v2\/categories?post=44681"},{"taxonomy":"post_tag","embeddable":true,"href":"https:\/\/edublog.educastur.es\/ixuxu\/wp-json\/wp\/v2\/tags?post=44681"}],"curies":[{"name":"wp","href":"https:\/\/api.w.org\/{rel}","templated":true}]}}