{"id":44698,"date":"2025-03-26T08:30:13","date_gmt":"2025-03-26T06:30:13","guid":{"rendered":"https:\/\/edublog.educastur.es\/ixuxu\/?p=44698"},"modified":"2025-03-26T10:23:13","modified_gmt":"2025-03-26T08:23:13","slug":"44698","status":"publish","type":"post","link":"https:\/\/edublog.educastur.es\/ixuxu\/2025\/03\/44698\/","title":{"rendered":"El tiempu (El Comercio)"},"content":{"rendered":"<p style=\"text-align: center\"><a href=\"https:\/\/s3.ppllstatics.com\/elcomercio\/www\/multimedia\/2025\/03\/25\/prevision-tiempo-asturias.jpg\"><img loading=\"lazy\" decoding=\"async\" class=\"aligncenter size-large\" src=\"https:\/\/s3.ppllstatics.com\/elcomercio\/www\/multimedia\/2025\/03\/25\/prevision-tiempo-asturias.jpg\" width=\"982\" height=\"455\" \/><\/a><\/p>\n<p style=\"text-align: center\"><span style=\"color: #ffff99\"><em>Esperamos una xornada marcada pola nubosid\u00e1 en tol Princip\u00e1u.<\/em><\/span><\/p>\n<p><!--more--><\/p>\n<p>Asina tou, nun se refuga l&#8217;apertura d&#8217;escamplaes siquier nel cordal y otres zones del sur asturianu mientres momentos del d\u00eda. Nun se refuguen orbayos mientres la ma\u00f1ana na mari\u00f1a (principalmente la oriental). Nel restu de la rex\u00f3n la probabilid\u00e1 de precipitaciones va ser bien baxa.<\/p>\n<p>Los vientos van predominar de nordeste fluexos con raches moderaes nel terciu occidental mientres la segunda met\u00e1 de la xornada.<\/p>\n<p>Les temperatures m\u00e1ximes van xubir llixeramente nel suroccidente y nel cordal, calteni\u00e9ndose nel restu. Les m\u00ednimes, pela so parte, van baxar nel suroccidente hasta 4 \u00baC, y de forma m\u00e1s llixera nel cordal y otros puntos del terciu oeste. Nel restu d&#8217;Asturies, les m\u00ednimes apenes van variar al respective de les anotaes el martes.<\/p>\n<p>El xueves va haber m\u00e1s ratos de sol anque les nubes tami\u00e9n van faer actu de presencia. Nun s&#8217;esperen ag\u00fces, van xubir les temperatures m\u00e1ximes un pocu, y van baxar les m\u00ednimes.<\/p>\n<p>El vienres prevese que la nubosid\u00e1 vaya a m\u00e1s pudiendo llover pela tarde.<\/p>\n","protected":false},"excerpt":{"rendered":"<p>Esperamos una xornada marcada pola nubosid\u00e1 en tol Princip\u00e1u.<\/p>\n","protected":false},"author":117,"featured_media":0,"comment_status":"open","ping_status":"open","sticky":false,"template":"","format":"aside","meta":{"footnotes":""},"categories":[5],"tags":[],"class_list":["post-44698","post","type-post","status-publish","format-aside","hentry","category-tiempu","post_format-post-format-aside"],"_links":{"self":[{"href":"https:\/\/edublog.educastur.es\/ixuxu\/wp-json\/wp\/v2\/posts\/44698","targetHints":{"allow":["GET"]}}],"collection":[{"href":"https:\/\/edublog.educastur.es\/ixuxu\/wp-json\/wp\/v2\/posts"}],"about":[{"href":"https:\/\/edublog.educastur.es\/ixuxu\/wp-json\/wp\/v2\/types\/post"}],"author":[{"embeddable":true,"href":"https:\/\/edublog.educastur.es\/ixuxu\/wp-json\/wp\/v2\/users\/117"}],"replies":[{"embeddable":true,"href":"https:\/\/edublog.educastur.es\/ixuxu\/wp-json\/wp\/v2\/comments?post=44698"}],"version-history":[{"count":5,"href":"https:\/\/edublog.educastur.es\/ixuxu\/wp-json\/wp\/v2\/posts\/44698\/revisions"}],"predecessor-version":[{"id":44703,"href":"https:\/\/edublog.educastur.es\/ixuxu\/wp-json\/wp\/v2\/posts\/44698\/revisions\/44703"}],"wp:attachment":[{"href":"https:\/\/edublog.educastur.es\/ixuxu\/wp-json\/wp\/v2\/media?parent=44698"}],"wp:term":[{"taxonomy":"category","embeddable":true,"href":"https:\/\/edublog.educastur.es\/ixuxu\/wp-json\/wp\/v2\/categories?post=44698"},{"taxonomy":"post_tag","embeddable":true,"href":"https:\/\/edublog.educastur.es\/ixuxu\/wp-json\/wp\/v2\/tags?post=44698"}],"curies":[{"name":"wp","href":"https:\/\/api.w.org\/{rel}","templated":true}]}}