{"id":44705,"date":"2025-03-26T10:28:52","date_gmt":"2025-03-26T08:28:52","guid":{"rendered":"https:\/\/edublog.educastur.es\/ixuxu\/?p=44705"},"modified":"2025-03-26T15:18:14","modified_gmt":"2025-03-26T13:18:14","slug":"asturies-va-regular-lusu-de-dispositivos-electronicos-nes-aules","status":"publish","type":"post","link":"https:\/\/edublog.educastur.es\/ixuxu\/2025\/03\/asturies-va-regular-lusu-de-dispositivos-electronicos-nes-aules\/","title":{"rendered":"Asturies va regular l&#8217;usu de dispositivos electr\u00f3nicos nes aules"},"content":{"rendered":"<p style=\"text-align: center\"><a href=\"https:\/\/estaticos-cdn.prensaiberica.es\/clip\/3f1468ba-68bb-4c08-982e-298bbfe248d3_16-9-discover-aspect-ratio_default_0.webp\"><img loading=\"lazy\" decoding=\"async\" class=\"aligncenter \" src=\"https:\/\/estaticos-cdn.prensaiberica.es\/clip\/3f1468ba-68bb-4c08-982e-298bbfe248d3_16-9-discover-aspect-ratio_default_0.webp\" width=\"613\" height=\"345\" \/><\/a><\/p>\n<ul>\n<li>Fonte: <a href=\"https:\/\/www.elcomercio.es\/asturias\/asturias-regulacion-tablets-moviles-aulas-educacion-20250325122939-nt.html\">El Comercio<\/a> \/ <a href=\"https:\/\/www.lne.es\/asturias\/2025\/03\/26\/regulacion-tabletas-clase-plantea-principado-115688926.html\">LNE<\/a> \/<\/li>\n<\/ul>\n<p>Asturies va regular l&#8217;usu de dispositivos electr\u00f3nicos nes aules para evitar la \u00absobreexposici\u00f3n\u00bb. Lydia Espina defende l&#8217;equilibriu\u00bb. La regulaci\u00f3n de les tabletes en clase que plantega&#8217;l Princip\u00e1u (un \u00abpuntu mediu\u00bb) y otra revuelta de padres nun gran colexu d&#8217;Uvi\u00e9u: \u00abInterfieren nel vezu d&#8217;esfuerzu\u00bb.\u00a0 El Princip\u00e1u tendr\u00e1 de convertir los dispositivos pa ne\u00f1os n&#8217;espacios seguros\u00bb, tres un proyectu de llei ellabor\u00e1u por cuatro ministerios.<\/p>\n<p><strong>\u00abTenemos qu&#8217;educar, nun prohibir\u00bb<\/strong>. Asina de tayante amos\u00f3se ayeri la conseyera d&#8217;Educaci\u00f3n, Lydia Espina, respectu al usu de los dispositivos electr\u00f3nicos na aula. El Princip\u00e1u abogar\u00e1 por caltener una educaci\u00f3n dual que \u00abdefenda&#8217;l papel y ense\u00f1e a trabayar coles nueves tecnolox\u00edes\u00bb. Pa ello, y de cara al pr\u00f3ximu cursu, va publicar unes instrucciones pa tolos centros asturianos sobre c\u00f3mo emplegar estos dispositivos nos planes d&#8217;estudiu.<\/p>\n","protected":false},"excerpt":{"rendered":"<p>Fonte: El Comercio \/ LNE \/ Asturies va regular l&#8217;usu de dispositivos electr\u00f3nicos nes aules para evitar la \u00absobreexposici\u00f3n\u00bb. Lydia Espina defende l&#8217;equilibriu\u00bb. La regulaci\u00f3n de les tabletes en clase que plantega&#8217;l Princip\u00e1u (un \u00abpuntu mediu\u00bb) y otra revuelta de padres nun gran colexu d&#8217;Uvi\u00e9u: \u00abInterfieren nel vezu d&#8217;esfuerzu\u00bb.\u00a0 El Princip\u00e1u tendr\u00e1 de convertir los [&hellip;]<\/p>\n","protected":false},"author":117,"featured_media":0,"comment_status":"open","ping_status":"open","sticky":false,"template":"","format":"standard","meta":{"footnotes":""},"categories":[352,1],"tags":[],"class_list":["post-44705","post","type-post","status-publish","format-standard","hentry","category-informatica","category-sin-categoria"],"_links":{"self":[{"href":"https:\/\/edublog.educastur.es\/ixuxu\/wp-json\/wp\/v2\/posts\/44705","targetHints":{"allow":["GET"]}}],"collection":[{"href":"https:\/\/edublog.educastur.es\/ixuxu\/wp-json\/wp\/v2\/posts"}],"about":[{"href":"https:\/\/edublog.educastur.es\/ixuxu\/wp-json\/wp\/v2\/types\/post"}],"author":[{"embeddable":true,"href":"https:\/\/edublog.educastur.es\/ixuxu\/wp-json\/wp\/v2\/users\/117"}],"replies":[{"embeddable":true,"href":"https:\/\/edublog.educastur.es\/ixuxu\/wp-json\/wp\/v2\/comments?post=44705"}],"version-history":[{"count":4,"href":"https:\/\/edublog.educastur.es\/ixuxu\/wp-json\/wp\/v2\/posts\/44705\/revisions"}],"predecessor-version":[{"id":44751,"href":"https:\/\/edublog.educastur.es\/ixuxu\/wp-json\/wp\/v2\/posts\/44705\/revisions\/44751"}],"wp:attachment":[{"href":"https:\/\/edublog.educastur.es\/ixuxu\/wp-json\/wp\/v2\/media?parent=44705"}],"wp:term":[{"taxonomy":"category","embeddable":true,"href":"https:\/\/edublog.educastur.es\/ixuxu\/wp-json\/wp\/v2\/categories?post=44705"},{"taxonomy":"post_tag","embeddable":true,"href":"https:\/\/edublog.educastur.es\/ixuxu\/wp-json\/wp\/v2\/tags?post=44705"}],"curies":[{"name":"wp","href":"https:\/\/api.w.org\/{rel}","templated":true}]}}